{"id":84209,"date":"2026-03-11T14:37:18","date_gmt":"2026-03-11T17:37:18","guid":{"rendered":"https:\/\/blogopara.com.br\/?p=84209"},"modified":"2026-03-11T14:37:18","modified_gmt":"2026-03-11T17:37:18","slug":"prestacao-de-contas-do-ipj-destaca-transparencia-e-resultado-financeiro-positivo-em-2025","status":"publish","type":"post","link":"https:\/\/blogopara.com.br\/index.php\/2026\/03\/11\/prestacao-de-contas-do-ipj-destaca-transparencia-e-resultado-financeiro-positivo-em-2025","title":{"rendered":"Presta\u00e7\u00e3o de contas do IPJ destaca transpar\u00eancia e resultado financeiro positivo em 2025"},"content":{"rendered":"<p>Na manh\u00e3 desta ter\u00e7a-feira (10), o Instituto de Previd\u00eancia de Juazeiro (IPJ) realizou a apresenta\u00e7\u00e3o da presta\u00e7\u00e3o de contas referente ao exerc\u00edcio de 2025 para os conselhos Fiscal e Deliberativo. O encontro reuniu conselheiros, equipe t\u00e9cnica e representantes da gest\u00e3o para detalhar dados financeiros e administrativos do instituto, em um momento marcado pela transpar\u00eancia, pelo di\u00e1logo e pelo fortalecimento da participa\u00e7\u00e3o dos servidores no acompanhamento da gest\u00e3o previdenci\u00e1ria.<\/p>\n<p>Para o presidente do Conselho Fiscal, S\u00e9rgio dos Santos, a reuni\u00e3o teve um significado especial por representar um novo momento para o instituto. &#8220;\u00c9 a primeira vez que vemos esse tipo de apresenta\u00e7\u00e3o dessa forma. A iniciativa demonstra a preocupa\u00e7\u00e3o da gest\u00e3o com a transpar\u00eancia, o que facilita o nosso trabalho de fiscaliza\u00e7\u00e3o&#8221;, destacou.<\/p>\n<p>Durante a apresenta\u00e7\u00e3o t\u00e9cnica, o assessor cont\u00e1bil do IPJ, Jefferson Ferreira, detalhou o desempenho financeiro do instituto ao longo de 2025. Segundo ele, a arrecada\u00e7\u00e3o superou as estimativas iniciais, alcan\u00e7ando cerca de R$ 23 milh\u00f5es acima do previsto, impulsionada principalmente pelas aplica\u00e7\u00f5es financeiras e pelas contribui\u00e7\u00f5es patronais da Prefeitura e dos entes vinculados. &#8220;Mesmo com o crescimento natural das despesas com aposentados e pensionistas, os gastos permaneceram abaixo da arrecada\u00e7\u00e3o. O resultado foi um super\u00e1vit superior a R$ 60 milh\u00f5es, cerca de 50% maior que o registrado em 2024, o que demonstra que o IPJ segue sendo administrado com responsabilidade e equil\u00edbrio financeiro&#8221;, explicou.<\/p>\n<p>O diretor-presidente do IPJ, Davi Stallone, ressaltou que os n\u00fameros refletem uma gest\u00e3o pautada no zelo com os recursos p\u00fablicos e na constru\u00e7\u00e3o coletiva das decis\u00f5es. &#8220;O sentimento que queremos fortalecer \u00e9 o de pertencimento. O IPJ precisa continuar sendo constru\u00eddo com a participa\u00e7\u00e3o dos servidores e dos conselhos. Tivemos muitas conquistas e 2025 foi um ano de aprendizado. Agora, em 2026, vamos apertar ainda mais a gest\u00e3o para buscar um super\u00e1vit maior e colocar em pr\u00e1tica tudo que planejamos, sempre pensando no futuro do instituto e na seguran\u00e7a dos segurados&#8221;, ressaltou.<br \/>\n&nbsp;<\/p>\n<p>Lucas Oliveira \u2013 Ascom\/PMJ<\/p>\n","protected":false},"excerpt":{"rendered":"<p>Na manh\u00e3 desta ter\u00e7a-feira (10), o Instituto de Previd\u00eancia de Juazeiro (IPJ) realizou a apresenta\u00e7\u00e3o da presta\u00e7\u00e3o de contas referente ao exerc\u00edcio de 2025 para os conselhos Fiscal e Deliberativo. O encontro reuniu conselheiros, equipe t\u00e9cnica e representantes da gest\u00e3o para detalhar dados financeiros e administrativos do instituto, em um momento marcado pela transpar\u00eancia, pelo [&hellip;]<\/p>\n","protected":false},"author":1,"featured_media":84210,"comment_status":"open","ping_status":"open","sticky":false,"template":"","format":"standard","meta":{"_uag_custom_page_level_css":"","_monsterinsights_skip_tracking":false,"_monsterinsights_sitenote_active":false,"_monsterinsights_sitenote_note":"","_monsterinsights_sitenote_category":0,"jetpack_post_was_ever_published":false,"_jetpack_newsletter_access":"","_jetpack_dont_email_post_to_subs":false,"_jetpack_newsletter_tier_id":0,"_jetpack_memberships_contains_paywalled_content":false,"_jetpack_memberships_contains_paid_content":false,"footnotes":"","jetpack_publicize_message":"","jetpack_publicize_feature_enabled":true,"jetpack_social_post_already_shared":true,"jetpack_social_options":{"image_generator_settings":{"template":"highway","default_image_id":0,"font":"","enabled":false},"version":2}},"categories":[203],"tags":[],"class_list":["post-84209","post","type-post","status-publish","format-standard","has-post-thumbnail","hentry","category-juazeiro"],"jetpack_publicize_connections":[],"jetpack_featured_media_url":"https:\/\/blogopara.com.br\/wp-content\/uploads\/2026\/03\/IMG_5689.jpg","uagb_featured_image_src":{"full":["https:\/\/blogopara.com.br\/wp-content\/uploads\/2026\/03\/IMG_5689.jpg",500,375,false],"thumbnail":["https:\/\/blogopara.com.br\/wp-content\/uploads\/2026\/03\/IMG_5689-150x150.jpg",150,150,true],"medium":["https:\/\/blogopara.com.br\/wp-content\/uploads\/2026\/03\/IMG_5689-300x225.jpg",300,225,true],"medium_large":["https:\/\/blogopara.com.br\/wp-content\/uploads\/2026\/03\/IMG_5689.jpg",500,375,false],"large":["https:\/\/blogopara.com.br\/wp-content\/uploads\/2026\/03\/IMG_5689.jpg",500,375,false],"1536x1536":["https:\/\/blogopara.com.br\/wp-content\/uploads\/2026\/03\/IMG_5689.jpg",500,375,false],"2048x2048":["https:\/\/blogopara.com.br\/wp-content\/uploads\/2026\/03\/IMG_5689.jpg",500,375,false],"mantranews-slider-large":["https:\/\/blogopara.com.br\/wp-content\/uploads\/2026\/03\/IMG_5689.jpg",500,375,false],"mantranews-featured-medium":["https:\/\/blogopara.com.br\/wp-content\/uploads\/2026\/03\/IMG_5689-420x307.jpg",420,307,true],"mantranews-featured-long":["https:\/\/blogopara.com.br\/wp-content\/uploads\/2026\/03\/IMG_5689-300x375.jpg",300,375,true],"mantranews-block-medium":["https:\/\/blogopara.com.br\/wp-content\/uploads\/2026\/03\/IMG_5689-464x290.jpg",464,290,true],"mantranews-carousel-image":["https:\/\/blogopara.com.br\/wp-content\/uploads\/2026\/03\/IMG_5689.jpg",500,375,false],"mantranews-block-thumb":["https:\/\/blogopara.com.br\/wp-content\/uploads\/2026\/03\/IMG_5689-322x230.jpg",322,230,true],"mantranews-single-large":["https:\/\/blogopara.com.br\/wp-content\/uploads\/2026\/03\/IMG_5689.jpg",500,375,false]},"uagb_author_info":{"display_name":"Reda\u00e7\u00e3o geral","author_link":"https:\/\/blogopara.com.br\/index.php\/author\/blogopara"},"uagb_comment_info":0,"uagb_excerpt":"Na manh\u00e3 desta ter\u00e7a-feira (10), o Instituto de Previd\u00eancia de Juazeiro (IPJ) realizou a apresenta\u00e7\u00e3o da presta\u00e7\u00e3o de contas referente ao exerc\u00edcio de 2025 para os conselhos Fiscal e Deliberativo. O encontro reuniu conselheiros, equipe t\u00e9cnica e representantes da gest\u00e3o para detalhar dados financeiros e administrativos do instituto, em um momento marcado pela transpar\u00eancia, pelo&hellip;","jetpack_sharing_enabled":true,"jetpack_likes_enabled":true,"_links":{"self":[{"href":"https:\/\/blogopara.com.br\/index.php\/wp-json\/wp\/v2\/posts\/84209","targetHints":{"allow":["GET"]}}],"collection":[{"href":"https:\/\/blogopara.com.br\/index.php\/wp-json\/wp\/v2\/posts"}],"about":[{"href":"https:\/\/blogopara.com.br\/index.php\/wp-json\/wp\/v2\/types\/post"}],"author":[{"embeddable":true,"href":"https:\/\/blogopara.com.br\/index.php\/wp-json\/wp\/v2\/users\/1"}],"replies":[{"embeddable":true,"href":"https:\/\/blogopara.com.br\/index.php\/wp-json\/wp\/v2\/comments?post=84209"}],"version-history":[{"count":1,"href":"https:\/\/blogopara.com.br\/index.php\/wp-json\/wp\/v2\/posts\/84209\/revisions"}],"predecessor-version":[{"id":84211,"href":"https:\/\/blogopara.com.br\/index.php\/wp-json\/wp\/v2\/posts\/84209\/revisions\/84211"}],"wp:featuredmedia":[{"embeddable":true,"href":"https:\/\/blogopara.com.br\/index.php\/wp-json\/wp\/v2\/media\/84210"}],"wp:attachment":[{"href":"https:\/\/blogopara.com.br\/index.php\/wp-json\/wp\/v2\/media?parent=84209"}],"wp:term":[{"taxonomy":"category","embeddable":true,"href":"https:\/\/blogopara.com.br\/index.php\/wp-json\/wp\/v2\/categories?post=84209"},{"taxonomy":"post_tag","embeddable":true,"href":"https:\/\/blogopara.com.br\/index.php\/wp-json\/wp\/v2\/tags?post=84209"}],"curies":[{"name":"wp","href":"https:\/\/api.w.org\/{rel}","templated":true}]}}