{"id":84231,"date":"2026-03-12T15:59:24","date_gmt":"2026-03-12T18:59:24","guid":{"rendered":"https:\/\/blogopara.com.br\/?p=84231"},"modified":"2026-03-12T15:59:24","modified_gmt":"2026-03-12T18:59:24","slug":"toffoli-arquiva-investigacao-sobre-transparencia-internacional-e-lava-jato","status":"publish","type":"post","link":"https:\/\/blogopara.com.br\/index.php\/2026\/03\/12\/toffoli-arquiva-investigacao-sobre-transparencia-internacional-e-lava-jato","title":{"rendered":"Toffoli arquiva investiga\u00e7\u00e3o sobre Transpar\u00eancia Internacional e Lava Jato"},"content":{"rendered":"<p>O ministro\u00a0Dias Toffoli, do\u00a0STF\u00a0(Supremo Tribunal Federal), arquivou nesta quarta-feira (11) a investiga\u00e7\u00e3o sobre o acordo firmado entre a extinta for\u00e7a-tarefa da Lava Jato e a ONG Transpar\u00eancia Internacional Brasil.<\/p>\n<p>O ministro determinou o arquivamento ap\u00f3s um pedido feito pela\u00a0PGR\u00a0(Procuradoria-Geral da Rep\u00fablica) em 2024. O Procurador-geral,\u00a0Paulo Gonet, afirmou que n\u00e3o havia &#8220;elementos m\u00ednimos&#8221; para continuar a investiga\u00e7\u00e3o e que o caso sequer deveria estar no STF.<\/p>\n<p>Toffoli abriu a investiga\u00e7\u00e3o ap\u00f3s um pedido apresentado pelo deputado federal Rui Falc\u00e3o (PT-SP) para que a corte investigasse se o acordo de coopera\u00e7\u00e3o entre a ONG e a for\u00e7a-tarefa teria sido ilegal.<\/p>\n<div>\n<div id=\"banner-300x250-area-materia\"><\/div>\n<\/div>\n<p>Antes de arquivar, o magistrado acionou todos os \u00f3rg\u00e3os de controle. Ele pediu provid\u00eancias ao\u00a0TCU\u00a0(Tribunal de Contas da Uni\u00e3o),\u00a0CGU\u00a0(Controladoria Geral da Uni\u00e3o), Minist\u00e9rio da Justi\u00e7a e presid\u00eancias da C\u00e2mara dos Deputados e do Senado.<\/p>\n<p>O acordo previa que a ONG seria a respons\u00e1vel por gerir cerca de R$ 2,3 bilh\u00f5es em investimentos sociais previstos no acordo de leni\u00eancia do\u00a0Minist\u00e9rio P\u00fablico com a J&amp;F, holding que controla a JBS.<\/p>\n<p>O TCU tamb\u00e9m n\u00e3o viu ind\u00edcios de irregularidades no epis\u00f3dio. A proposta de acordo acabou n\u00e3o sendo fechada, mas ainda assim \u00e9 alvo de cr\u00edticas de pol\u00edticos e de alguns ministros do STF cr\u00edticos \u00e0 Lava Jato.<\/p>\n<p>Em nota, a ONG afirmou que nunca recebeu recursos de acordos de leni\u00eancia. &#8220;A verdade, reiterada e documentada in\u00fameras vezes, \u00e9 simples: a TI jamais recebeu um centavo de qualquer acordo de leni\u00eancia ou de qualquer empresa ou autoridade p\u00fablica ligada \u00e0 Lava Jato ou a qualquer opera\u00e7\u00e3o anticorrup\u00e7\u00e3o no Brasil&#8221;, diz o texto.<\/p>\n<p>A Transpar\u00eancia Internacional afirma que seguir\u00e1 &#8220;resistindo&#8221; e atuando no combate \u00e0\u00a0corrup\u00e7\u00e3o. &#8220;A TI Brasil sofreu ataques da esquerda, da direita e, principalmente, de cima. Nunca fomos intimidados. Nunca recuamos. Nunca desviamos um mil\u00edmetro de nossa miss\u00e3o de denunciar e combater a corrup\u00e7\u00e3o.&#8221;<\/p>\n<p>Na decis\u00e3o em que arquivou a investiga\u00e7\u00e3o, Toffoli afirmou que &#8220;diante de tais manifesta\u00e7\u00f5es, atestando a &#8216;aus\u00eancia de elementos m\u00ednimos que justificassem a continuidade das investiga\u00e7\u00f5es&#8217;, deve-se acolher o parecer pelo arquivamento do feito&#8221;.<\/p>\n","protected":false},"excerpt":{"rendered":"<p>O ministro\u00a0Dias Toffoli, do\u00a0STF\u00a0(Supremo Tribunal Federal), arquivou nesta quarta-feira (11) a investiga\u00e7\u00e3o sobre o acordo firmado entre a extinta for\u00e7a-tarefa da Lava Jato e a ONG Transpar\u00eancia Internacional Brasil. O ministro determinou o arquivamento ap\u00f3s um pedido feito pela\u00a0PGR\u00a0(Procuradoria-Geral da Rep\u00fablica) em 2024. O Procurador-geral,\u00a0Paulo Gonet, afirmou que n\u00e3o havia &#8220;elementos m\u00ednimos&#8221; para continuar a [&hellip;]<\/p>\n","protected":false},"author":1,"featured_media":70471,"comment_status":"open","ping_status":"open","sticky":false,"template":"","format":"standard","meta":{"_uag_custom_page_level_css":"","_monsterinsights_skip_tracking":false,"_monsterinsights_sitenote_active":false,"_monsterinsights_sitenote_note":"","_monsterinsights_sitenote_category":0,"jetpack_post_was_ever_published":false,"_jetpack_newsletter_access":"","_jetpack_dont_email_post_to_subs":false,"_jetpack_newsletter_tier_id":0,"_jetpack_memberships_contains_paywalled_content":false,"_jetpack_memberships_contains_paid_content":false,"footnotes":"","jetpack_publicize_message":"","jetpack_publicize_feature_enabled":true,"jetpack_social_post_already_shared":true,"jetpack_social_options":{"image_generator_settings":{"template":"highway","default_image_id":0,"font":"","enabled":false},"version":2}},"categories":[200],"tags":[],"class_list":["post-84231","post","type-post","status-publish","format-standard","has-post-thumbnail","hentry","category-brasil"],"jetpack_publicize_connections":[],"jetpack_featured_media_url":"https:\/\/blogopara.com.br\/wp-content\/uploads\/2024\/12\/dias-toffoli-ministro-stf-evaristo-sa-afp.jpg","uagb_featured_image_src":{"full":["https:\/\/blogopara.com.br\/wp-content\/uploads\/2024\/12\/dias-toffoli-ministro-stf-evaristo-sa-afp.jpg",500,333,false],"thumbnail":["https:\/\/blogopara.com.br\/wp-content\/uploads\/2024\/12\/dias-toffoli-ministro-stf-evaristo-sa-afp-150x150.jpg",150,150,true],"medium":["https:\/\/blogopara.com.br\/wp-content\/uploads\/2024\/12\/dias-toffoli-ministro-stf-evaristo-sa-afp-300x200.jpg",300,200,true],"medium_large":["https:\/\/blogopara.com.br\/wp-content\/uploads\/2024\/12\/dias-toffoli-ministro-stf-evaristo-sa-afp.jpg",500,333,false],"large":["https:\/\/blogopara.com.br\/wp-content\/uploads\/2024\/12\/dias-toffoli-ministro-stf-evaristo-sa-afp.jpg",500,333,false],"1536x1536":["https:\/\/blogopara.com.br\/wp-content\/uploads\/2024\/12\/dias-toffoli-ministro-stf-evaristo-sa-afp.jpg",500,333,false],"2048x2048":["https:\/\/blogopara.com.br\/wp-content\/uploads\/2024\/12\/dias-toffoli-ministro-stf-evaristo-sa-afp.jpg",500,333,false],"mantranews-slider-large":["https:\/\/blogopara.com.br\/wp-content\/uploads\/2024\/12\/dias-toffoli-ministro-stf-evaristo-sa-afp.jpg",500,333,false],"mantranews-featured-medium":["https:\/\/blogopara.com.br\/wp-content\/uploads\/2024\/12\/dias-toffoli-ministro-stf-evaristo-sa-afp-420x307.jpg",420,307,true],"mantranews-featured-long":["https:\/\/blogopara.com.br\/wp-content\/uploads\/2024\/12\/dias-toffoli-ministro-stf-evaristo-sa-afp-300x333.jpg",300,333,true],"mantranews-block-medium":["https:\/\/blogopara.com.br\/wp-content\/uploads\/2024\/12\/dias-toffoli-ministro-stf-evaristo-sa-afp-464x290.jpg",464,290,true],"mantranews-carousel-image":["https:\/\/blogopara.com.br\/wp-content\/uploads\/2024\/12\/dias-toffoli-ministro-stf-evaristo-sa-afp.jpg",500,333,false],"mantranews-block-thumb":["https:\/\/blogopara.com.br\/wp-content\/uploads\/2024\/12\/dias-toffoli-ministro-stf-evaristo-sa-afp-322x230.jpg",322,230,true],"mantranews-single-large":["https:\/\/blogopara.com.br\/wp-content\/uploads\/2024\/12\/dias-toffoli-ministro-stf-evaristo-sa-afp.jpg",500,333,false]},"uagb_author_info":{"display_name":"Reda\u00e7\u00e3o geral","author_link":"https:\/\/blogopara.com.br\/index.php\/author\/blogopara"},"uagb_comment_info":0,"uagb_excerpt":"O ministro\u00a0Dias Toffoli, do\u00a0STF\u00a0(Supremo Tribunal Federal), arquivou nesta quarta-feira (11) a investiga\u00e7\u00e3o sobre o acordo firmado entre a extinta for\u00e7a-tarefa da Lava Jato e a ONG Transpar\u00eancia Internacional Brasil. O ministro determinou o arquivamento ap\u00f3s um pedido feito pela\u00a0PGR\u00a0(Procuradoria-Geral da Rep\u00fablica) em 2024. O Procurador-geral,\u00a0Paulo Gonet, afirmou que n\u00e3o havia &#8220;elementos m\u00ednimos&#8221; para continuar a&hellip;","jetpack_sharing_enabled":true,"jetpack_likes_enabled":true,"_links":{"self":[{"href":"https:\/\/blogopara.com.br\/index.php\/wp-json\/wp\/v2\/posts\/84231","targetHints":{"allow":["GET"]}}],"collection":[{"href":"https:\/\/blogopara.com.br\/index.php\/wp-json\/wp\/v2\/posts"}],"about":[{"href":"https:\/\/blogopara.com.br\/index.php\/wp-json\/wp\/v2\/types\/post"}],"author":[{"embeddable":true,"href":"https:\/\/blogopara.com.br\/index.php\/wp-json\/wp\/v2\/users\/1"}],"replies":[{"embeddable":true,"href":"https:\/\/blogopara.com.br\/index.php\/wp-json\/wp\/v2\/comments?post=84231"}],"version-history":[{"count":1,"href":"https:\/\/blogopara.com.br\/index.php\/wp-json\/wp\/v2\/posts\/84231\/revisions"}],"predecessor-version":[{"id":84232,"href":"https:\/\/blogopara.com.br\/index.php\/wp-json\/wp\/v2\/posts\/84231\/revisions\/84232"}],"wp:featuredmedia":[{"embeddable":true,"href":"https:\/\/blogopara.com.br\/index.php\/wp-json\/wp\/v2\/media\/70471"}],"wp:attachment":[{"href":"https:\/\/blogopara.com.br\/index.php\/wp-json\/wp\/v2\/media?parent=84231"}],"wp:term":[{"taxonomy":"category","embeddable":true,"href":"https:\/\/blogopara.com.br\/index.php\/wp-json\/wp\/v2\/categories?post=84231"},{"taxonomy":"post_tag","embeddable":true,"href":"https:\/\/blogopara.com.br\/index.php\/wp-json\/wp\/v2\/tags?post=84231"}],"curies":[{"name":"wp","href":"https:\/\/api.w.org\/{rel}","templated":true}]}}