{"id":84251,"date":"2026-03-13T08:54:19","date_gmt":"2026-03-13T11:54:19","guid":{"rendered":"https:\/\/blogopara.com.br\/?p=84251"},"modified":"2026-03-13T08:54:19","modified_gmt":"2026-03-13T11:54:19","slug":"prefeitura-de-senhor-do-bonfim-entrega-mais-uma-ambulancia-0-km-para-o-samu","status":"publish","type":"post","link":"https:\/\/blogopara.com.br\/index.php\/2026\/03\/13\/prefeitura-de-senhor-do-bonfim-entrega-mais-uma-ambulancia-0-km-para-o-samu","title":{"rendered":"Prefeitura de Senhor do Bonfim entrega mais uma ambul\u00e2ncia 0 km para o SAMU"},"content":{"rendered":"<div class=\"ulb23 customScrollBar GNqVo allowTextSelection\">\n<div id=\"UniqueMessageBody_14\" class=\"OuGoX BIZfh\" tabindex=\"0\" role=\"document\" aria-label=\"Corpo da mensagem\">\n<div>\n<div class=\"rps_bf70\">\n<div>\n<div dir=\"ltr\">\n<p class=\"x_MsoNormal\">A Prefeitura de Senhor do Bonfim realizou, na manh\u00e3 desta quinta-feira (12), a entrega de mais uma ambul\u00e2ncia 0 km para a frota do SAMU, refor\u00e7ando a estrutura do atendimento de urg\u00eancia e emerg\u00eancia no munic\u00edpio. A entrega aconteceu na base do Servi\u00e7o de Atendimento M\u00f3vel de Urg\u00eancia (SAMU) e contou com a presen\u00e7a de profissionais da unidade.<\/p>\n<p class=\"x_MsoNormal\">Com a nova aquisi\u00e7\u00e3o, j\u00e1 s\u00e3o 15 ambul\u00e2ncias entregues durante a atual gest\u00e3o, ampliando a capacidade de resposta e garantindo mais agilidade e seguran\u00e7a no atendimento \u00e0 popula\u00e7\u00e3o bonfinense.<\/p>\n<p class=\"x_MsoNormal\">Durante o momento, o prefeito La\u00e9rcio J\u00fanior destacou a import\u00e2ncia de investir na estrutura e no fortalecimento do servi\u00e7o. \u201cHoje cedo, \u00e0s 7 horas da manh\u00e3, vim aqui ao SAMU para tomar um caf\u00e9 com todos os samuzeiros, esses profissionais que diariamente se dedicam para cuidar bem do nosso povo. Mas tamb\u00e9m vim entregar mais uma ambul\u00e2ncia 0 km. Essa j\u00e1 \u00e9 a 15\u00aa ambul\u00e2ncia que conseguimos entregar na nossa gest\u00e3o. \u00c9 um ve\u00edculo completo, novinho, fruto do cadastramento de propostas volunt\u00e1rias que fizemos no sistema do Governo Federal e que hoje j\u00e1 est\u00e1 em Senhor do Bonfim para atender melhor a nossa popula\u00e7\u00e3o\u201d, afirmou.<\/p>\n<p class=\"x_MsoNormal\">O novo ve\u00edculo chega totalmente equipado para fortalecer o atendimento pr\u00e9-hospitalar, garantindo mais efici\u00eancia, rapidez e qualidade no socorro \u00e0 popula\u00e7\u00e3o, reafirmando o compromisso da gest\u00e3o municipal com a sa\u00fade e o cuidado com as pessoas.<\/p>\n<p class=\"x_MsoNormal\">O diretor administrativo do SAMU Regional de Senhor do Bonfim, Jonatas Almeida, tamb\u00e9m destacou o impacto da nova ambul\u00e2ncia para o servi\u00e7o. \u201cEstamos aqui recebendo mais um ve\u00edculo zero quil\u00f4metro para melhorar ainda mais a nossa frota. Agradecemos ao prefeito La\u00e9rcio J\u00fanior por estar sempre junto conosco buscando melhorias para a sa\u00fade de Senhor do Bonfim. Essa ambul\u00e2ncia vai trazer mais seguran\u00e7a, conforto e qualidade no atendimento \u00e0 popula\u00e7\u00e3o\u201d, ressaltou.<\/p>\n<p class=\"x_MsoNormal\">\nTexto: Ascom PMSB<\/p>\n<\/div>\n<\/div>\n<\/div>\n<\/div>\n<\/div>\n<\/div>\n<div class=\"th6py HJy2l\" tabindex=\"-1\" role=\"toolbar\" aria-label=\"A\u00e7\u00f5es r\u00e1pidas\" data-tabster=\"{&quot;mover&quot;:{&quot;cyclic&quot;:true,&quot;direction&quot;:2,&quot;memorizeCurrent&quot;:false}}\"><\/div>\n","protected":false},"excerpt":{"rendered":"<p>A Prefeitura de Senhor do Bonfim realizou, na manh\u00e3 desta quinta-feira (12), a entrega de mais uma ambul\u00e2ncia 0 km para a frota do SAMU, refor\u00e7ando a estrutura do atendimento de urg\u00eancia e emerg\u00eancia no munic\u00edpio. A entrega aconteceu na base do Servi\u00e7o de Atendimento M\u00f3vel de Urg\u00eancia (SAMU) e contou com a presen\u00e7a de [&hellip;]<\/p>\n","protected":false},"author":1,"featured_media":84252,"comment_status":"open","ping_status":"open","sticky":false,"template":"","format":"standard","meta":{"_uag_custom_page_level_css":"","_monsterinsights_skip_tracking":false,"_monsterinsights_sitenote_active":false,"_monsterinsights_sitenote_note":"","_monsterinsights_sitenote_category":0,"jetpack_post_was_ever_published":false,"_jetpack_newsletter_access":"","_jetpack_dont_email_post_to_subs":false,"_jetpack_newsletter_tier_id":0,"_jetpack_memberships_contains_paywalled_content":false,"_jetpack_memberships_contains_paid_content":false,"footnotes":"","jetpack_publicize_message":"","jetpack_publicize_feature_enabled":true,"jetpack_social_post_already_shared":true,"jetpack_social_options":{"image_generator_settings":{"template":"highway","default_image_id":0,"font":"","enabled":false},"version":2}},"categories":[199],"tags":[],"class_list":["post-84251","post","type-post","status-publish","format-standard","has-post-thumbnail","hentry","category-bahia"],"jetpack_publicize_connections":[],"jetpack_featured_media_url":"https:\/\/blogopara.com.br\/wp-content\/uploads\/2026\/03\/Sem-titulo-3.jpg","uagb_featured_image_src":{"full":["https:\/\/blogopara.com.br\/wp-content\/uploads\/2026\/03\/Sem-titulo-3.jpg",500,281,false],"thumbnail":["https:\/\/blogopara.com.br\/wp-content\/uploads\/2026\/03\/Sem-titulo-3-150x150.jpg",150,150,true],"medium":["https:\/\/blogopara.com.br\/wp-content\/uploads\/2026\/03\/Sem-titulo-3-300x169.jpg",300,169,true],"medium_large":["https:\/\/blogopara.com.br\/wp-content\/uploads\/2026\/03\/Sem-titulo-3.jpg",500,281,false],"large":["https:\/\/blogopara.com.br\/wp-content\/uploads\/2026\/03\/Sem-titulo-3.jpg",500,281,false],"1536x1536":["https:\/\/blogopara.com.br\/wp-content\/uploads\/2026\/03\/Sem-titulo-3.jpg",500,281,false],"2048x2048":["https:\/\/blogopara.com.br\/wp-content\/uploads\/2026\/03\/Sem-titulo-3.jpg",500,281,false],"mantranews-slider-large":["https:\/\/blogopara.com.br\/wp-content\/uploads\/2026\/03\/Sem-titulo-3.jpg",500,281,false],"mantranews-featured-medium":["https:\/\/blogopara.com.br\/wp-content\/uploads\/2026\/03\/Sem-titulo-3-420x281.jpg",420,281,true],"mantranews-featured-long":["https:\/\/blogopara.com.br\/wp-content\/uploads\/2026\/03\/Sem-titulo-3-300x281.jpg",300,281,true],"mantranews-block-medium":["https:\/\/blogopara.com.br\/wp-content\/uploads\/2026\/03\/Sem-titulo-3-464x281.jpg",464,281,true],"mantranews-carousel-image":["https:\/\/blogopara.com.br\/wp-content\/uploads\/2026\/03\/Sem-titulo-3.jpg",500,281,false],"mantranews-block-thumb":["https:\/\/blogopara.com.br\/wp-content\/uploads\/2026\/03\/Sem-titulo-3-322x230.jpg",322,230,true],"mantranews-single-large":["https:\/\/blogopara.com.br\/wp-content\/uploads\/2026\/03\/Sem-titulo-3.jpg",500,281,false]},"uagb_author_info":{"display_name":"Reda\u00e7\u00e3o geral","author_link":"https:\/\/blogopara.com.br\/index.php\/author\/blogopara"},"uagb_comment_info":0,"uagb_excerpt":"A Prefeitura de Senhor do Bonfim realizou, na manh\u00e3 desta quinta-feira (12), a entrega de mais uma ambul\u00e2ncia 0 km para a frota do SAMU, refor\u00e7ando a estrutura do atendimento de urg\u00eancia e emerg\u00eancia no munic\u00edpio. A entrega aconteceu na base do Servi\u00e7o de Atendimento M\u00f3vel de Urg\u00eancia (SAMU) e contou com a presen\u00e7a de&hellip;","jetpack_sharing_enabled":true,"jetpack_likes_enabled":true,"_links":{"self":[{"href":"https:\/\/blogopara.com.br\/index.php\/wp-json\/wp\/v2\/posts\/84251","targetHints":{"allow":["GET"]}}],"collection":[{"href":"https:\/\/blogopara.com.br\/index.php\/wp-json\/wp\/v2\/posts"}],"about":[{"href":"https:\/\/blogopara.com.br\/index.php\/wp-json\/wp\/v2\/types\/post"}],"author":[{"embeddable":true,"href":"https:\/\/blogopara.com.br\/index.php\/wp-json\/wp\/v2\/users\/1"}],"replies":[{"embeddable":true,"href":"https:\/\/blogopara.com.br\/index.php\/wp-json\/wp\/v2\/comments?post=84251"}],"version-history":[{"count":1,"href":"https:\/\/blogopara.com.br\/index.php\/wp-json\/wp\/v2\/posts\/84251\/revisions"}],"predecessor-version":[{"id":84253,"href":"https:\/\/blogopara.com.br\/index.php\/wp-json\/wp\/v2\/posts\/84251\/revisions\/84253"}],"wp:featuredmedia":[{"embeddable":true,"href":"https:\/\/blogopara.com.br\/index.php\/wp-json\/wp\/v2\/media\/84252"}],"wp:attachment":[{"href":"https:\/\/blogopara.com.br\/index.php\/wp-json\/wp\/v2\/media?parent=84251"}],"wp:term":[{"taxonomy":"category","embeddable":true,"href":"https:\/\/blogopara.com.br\/index.php\/wp-json\/wp\/v2\/categories?post=84251"},{"taxonomy":"post_tag","embeddable":true,"href":"https:\/\/blogopara.com.br\/index.php\/wp-json\/wp\/v2\/tags?post=84251"}],"curies":[{"name":"wp","href":"https:\/\/api.w.org\/{rel}","templated":true}]}}