{"id":84254,"date":"2026-03-13T08:57:02","date_gmt":"2026-03-13T11:57:02","guid":{"rendered":"https:\/\/blogopara.com.br\/?p=84254"},"modified":"2026-03-13T08:57:02","modified_gmt":"2026-03-13T11:57:02","slug":"alunos-da-rede-municipal-de-casa-nova-conquistam-classificacao-na-pre-copa-tv-grande-rio-de-futsal","status":"publish","type":"post","link":"https:\/\/blogopara.com.br\/index.php\/2026\/03\/13\/alunos-da-rede-municipal-de-casa-nova-conquistam-classificacao-na-pre-copa-tv-grande-rio-de-futsal","title":{"rendered":"Alunos da rede municipal de Casa Nova conquistam classifica\u00e7\u00e3o na Pr\u00e9-Copa TV Grande Rio de Futsal"},"content":{"rendered":"<div class=\"wide-content-host\">\n<div class=\"fui-FluentProvider fui-FluentProviderri6 ___5n94it0 f19n0e5 f3rmtva fgusgyc fk6fouc fkhj508 figsok6 fytdu2e\" dir=\"ltr\">\n<div>\n<div class=\"Vm3e5 pinIo\">\n<div class=\"ulb23 customScrollBar GNqVo allowTextSelection\">\n<div id=\"UniqueMessageBody_22\" class=\"OuGoX BIZfh\" tabindex=\"0\" role=\"document\" aria-label=\"Corpo da mensagem\">\n<div>\n<div class=\"rps_bf70\">\n<div>\n<div dir=\"ltr\">\n<p class=\"x_MsoNormal\">Estudantes da rede municipal de ensino de Casa Nova conquistaram um importante resultado na Pr\u00e9-Copa TV Grande Rio de Futsal 2026, garantindo vaga na fase de grupos da competi\u00e7\u00e3o nas categorias Sub-10 e Sub-14. A participa\u00e7\u00e3o dos alunos das escolas municipais Joias de Cristo e Alano Viana de Ara\u00fajo, marcou um momento de destaque para o esporte escolar do munic\u00edpio, que entrou na disputa com determina\u00e7\u00e3o e esp\u00edrito esportivo.<\/p>\n<p class=\"x_MsoNormal\">Mesmo considerados \u201czebras\u201d na competi\u00e7\u00e3o, os jovens atletas mostraram talento, uni\u00e3o e respeito aos advers\u00e1rios, assegurando a classifica\u00e7\u00e3o e levando o nome de Casa Nova para a pr\u00f3xima fase de um dos torneios mais tradicionais do futsal regional.<\/p>\n<p class=\"x_MsoNormal\">A iniciativa integra as a\u00e7\u00f5es de incentivo ao esporte escolar promovidas pela Prefeitura de Casa Nova, por meio da Secretaria Municipal de Educa\u00e7\u00e3o, que busca fortalecer o desenvolvimento dos estudantes tamb\u00e9m por meio da pr\u00e1tica esportiva, estimulando valores como disciplina, amizade e trabalho em equipe.<\/p>\n<p class=\"x_MsoNormal\">\n<p class=\"x_MsoNormal\">Texto: Ascom PMCN<\/p>\n<\/div>\n<\/div>\n<\/div>\n<\/div>\n<\/div>\n<\/div>\n<\/div>\n<\/div>\n<\/div>\n<\/div>\n","protected":false},"excerpt":{"rendered":"<p>Estudantes da rede municipal de ensino de Casa Nova conquistaram um importante resultado na Pr\u00e9-Copa TV Grande Rio de Futsal 2026, garantindo vaga na fase de grupos da competi\u00e7\u00e3o nas categorias Sub-10 e Sub-14. A participa\u00e7\u00e3o dos alunos das escolas municipais Joias de Cristo e Alano Viana de Ara\u00fajo, marcou um momento de destaque para [&hellip;]<\/p>\n","protected":false},"author":1,"featured_media":84255,"comment_status":"open","ping_status":"open","sticky":false,"template":"","format":"standard","meta":{"_uag_custom_page_level_css":"","_monsterinsights_skip_tracking":false,"_monsterinsights_sitenote_active":false,"_monsterinsights_sitenote_note":"","_monsterinsights_sitenote_category":0,"jetpack_post_was_ever_published":false,"_jetpack_newsletter_access":"","_jetpack_dont_email_post_to_subs":false,"_jetpack_newsletter_tier_id":0,"_jetpack_memberships_contains_paywalled_content":false,"_jetpack_memberships_contains_paid_content":false,"footnotes":"","jetpack_publicize_message":"","jetpack_publicize_feature_enabled":true,"jetpack_social_post_already_shared":true,"jetpack_social_options":{"image_generator_settings":{"template":"highway","default_image_id":0,"font":"","enabled":false},"version":2}},"categories":[199],"tags":[],"class_list":["post-84254","post","type-post","status-publish","format-standard","has-post-thumbnail","hentry","category-bahia"],"jetpack_publicize_connections":[],"jetpack_featured_media_url":"https:\/\/blogopara.com.br\/wp-content\/uploads\/2026\/03\/Sem-titulo-4.jpg","uagb_featured_image_src":{"full":["https:\/\/blogopara.com.br\/wp-content\/uploads\/2026\/03\/Sem-titulo-4.jpg",500,281,false],"thumbnail":["https:\/\/blogopara.com.br\/wp-content\/uploads\/2026\/03\/Sem-titulo-4-150x150.jpg",150,150,true],"medium":["https:\/\/blogopara.com.br\/wp-content\/uploads\/2026\/03\/Sem-titulo-4-300x169.jpg",300,169,true],"medium_large":["https:\/\/blogopara.com.br\/wp-content\/uploads\/2026\/03\/Sem-titulo-4.jpg",500,281,false],"large":["https:\/\/blogopara.com.br\/wp-content\/uploads\/2026\/03\/Sem-titulo-4.jpg",500,281,false],"1536x1536":["https:\/\/blogopara.com.br\/wp-content\/uploads\/2026\/03\/Sem-titulo-4.jpg",500,281,false],"2048x2048":["https:\/\/blogopara.com.br\/wp-content\/uploads\/2026\/03\/Sem-titulo-4.jpg",500,281,false],"mantranews-slider-large":["https:\/\/blogopara.com.br\/wp-content\/uploads\/2026\/03\/Sem-titulo-4.jpg",500,281,false],"mantranews-featured-medium":["https:\/\/blogopara.com.br\/wp-content\/uploads\/2026\/03\/Sem-titulo-4-420x281.jpg",420,281,true],"mantranews-featured-long":["https:\/\/blogopara.com.br\/wp-content\/uploads\/2026\/03\/Sem-titulo-4-300x281.jpg",300,281,true],"mantranews-block-medium":["https:\/\/blogopara.com.br\/wp-content\/uploads\/2026\/03\/Sem-titulo-4-464x281.jpg",464,281,true],"mantranews-carousel-image":["https:\/\/blogopara.com.br\/wp-content\/uploads\/2026\/03\/Sem-titulo-4.jpg",500,281,false],"mantranews-block-thumb":["https:\/\/blogopara.com.br\/wp-content\/uploads\/2026\/03\/Sem-titulo-4-322x230.jpg",322,230,true],"mantranews-single-large":["https:\/\/blogopara.com.br\/wp-content\/uploads\/2026\/03\/Sem-titulo-4.jpg",500,281,false]},"uagb_author_info":{"display_name":"Reda\u00e7\u00e3o geral","author_link":"https:\/\/blogopara.com.br\/index.php\/author\/blogopara"},"uagb_comment_info":0,"uagb_excerpt":"Estudantes da rede municipal de ensino de Casa Nova conquistaram um importante resultado na Pr\u00e9-Copa TV Grande Rio de Futsal 2026, garantindo vaga na fase de grupos da competi\u00e7\u00e3o nas categorias Sub-10 e Sub-14. A participa\u00e7\u00e3o dos alunos das escolas municipais Joias de Cristo e Alano Viana de Ara\u00fajo, marcou um momento de destaque para&hellip;","jetpack_sharing_enabled":true,"jetpack_likes_enabled":true,"_links":{"self":[{"href":"https:\/\/blogopara.com.br\/index.php\/wp-json\/wp\/v2\/posts\/84254","targetHints":{"allow":["GET"]}}],"collection":[{"href":"https:\/\/blogopara.com.br\/index.php\/wp-json\/wp\/v2\/posts"}],"about":[{"href":"https:\/\/blogopara.com.br\/index.php\/wp-json\/wp\/v2\/types\/post"}],"author":[{"embeddable":true,"href":"https:\/\/blogopara.com.br\/index.php\/wp-json\/wp\/v2\/users\/1"}],"replies":[{"embeddable":true,"href":"https:\/\/blogopara.com.br\/index.php\/wp-json\/wp\/v2\/comments?post=84254"}],"version-history":[{"count":1,"href":"https:\/\/blogopara.com.br\/index.php\/wp-json\/wp\/v2\/posts\/84254\/revisions"}],"predecessor-version":[{"id":84256,"href":"https:\/\/blogopara.com.br\/index.php\/wp-json\/wp\/v2\/posts\/84254\/revisions\/84256"}],"wp:featuredmedia":[{"embeddable":true,"href":"https:\/\/blogopara.com.br\/index.php\/wp-json\/wp\/v2\/media\/84255"}],"wp:attachment":[{"href":"https:\/\/blogopara.com.br\/index.php\/wp-json\/wp\/v2\/media?parent=84254"}],"wp:term":[{"taxonomy":"category","embeddable":true,"href":"https:\/\/blogopara.com.br\/index.php\/wp-json\/wp\/v2\/categories?post=84254"},{"taxonomy":"post_tag","embeddable":true,"href":"https:\/\/blogopara.com.br\/index.php\/wp-json\/wp\/v2\/tags?post=84254"}],"curies":[{"name":"wp","href":"https:\/\/api.w.org\/{rel}","templated":true}]}}