{"id":84263,"date":"2026-03-13T09:12:35","date_gmt":"2026-03-13T12:12:35","guid":{"rendered":"https:\/\/blogopara.com.br\/?p=84263"},"modified":"2026-03-13T09:12:35","modified_gmt":"2026-03-13T12:12:35","slug":"em-brasilia-jeronimo-autoriza-construcao-de-centro-especializado-em-reabilitacao-no-municipio-de-juazeiro-no-ambito-do-novo-pac","status":"publish","type":"post","link":"https:\/\/blogopara.com.br\/index.php\/2026\/03\/13\/em-brasilia-jeronimo-autoriza-construcao-de-centro-especializado-em-reabilitacao-no-municipio-de-juazeiro-no-ambito-do-novo-pac","title":{"rendered":"Em Bras\u00edlia, Jer\u00f4nimo autoriza constru\u00e7\u00e3o de Centro Especializado em Reabilita\u00e7\u00e3o no munic\u00edpio de Juazeiro, no \u00e2mbito do Novo PAC"},"content":{"rendered":"<p>Durante agenda oficial em Bras\u00edlia, nesta quinta-feira (12), o governador Jer\u00f4nimo Rodrigues autorizou a constru\u00e7\u00e3o do Centro Especializado em Reabilita\u00e7\u00e3o (CER Tipo IV) no munic\u00edpio de Juazeiro, no norte da Bahia.<\/p>\n<p>A nova unidade ser\u00e1 constru\u00edda por meio do Novo PAC, programa do Governo Federal, em parceria com o Governo da Bahia.<\/p>\n<p>No encontro, o governador assinou a autoriza\u00e7\u00e3o para licita\u00e7\u00e3o da obra e confirmou os pr\u00f3ximos passos para viabilizar o equipamento. &#8220;Avan\u00e7amos nos tr\u00e2mites da licita\u00e7\u00e3o do Centro Especializado em Reabilita\u00e7\u00e3o tipo IV. Esse \u00e9 um equipamento fundamental para ampliar o cuidado com as pessoas que mais precisam desse atendimento&#8221;, afirmou Jer\u00f4nimo Rodrigues.<\/p>\n<p>O governador tamb\u00e9m destacou a import\u00e2ncia da parceria institucional para viabilizar o projeto. &#8220;Esse centro nasce de uma grande parceria com o presidente Lula, com o Minist\u00e9rio da Sa\u00fade, e o Novo PAC. \u00c9 o Governo Federal e o Governo do Estado trabalhando juntos para garantir mais dignidade e ampliar o acesso ao atendimento especializado&#8221;, acrescentou.<\/p>\n<p>Os Centros Especializados em Reabilita\u00e7\u00e3o s\u00e3o unidades voltadas ao atendimento de pessoas que necessitam de acompanhamento especializado em diferentes \u00e1reas da reabilita\u00e7\u00e3o, com equipes multiprofissionais e estrutura adequada para diagn\u00f3stico e tratamento.<\/p>\n<p>Para o secret\u00e1rio Adolpho Loyola, o novo equipamento representa um avan\u00e7o importante para a rede de sa\u00fade da regi\u00e3o. &#8220;Ser\u00e1 mais um equipamento importante para Juazeiro e para toda a regi\u00e3o, fortalecendo a rede de cuidado e reabilita\u00e7\u00e3o&#8221;, destacou.<\/p>\n<p>Al\u00e9m do prefeito de Juazeiro, Andrei Gon\u00e7alves, participaram da reuni\u00e3o o secret\u00e1rio estadual de Rela\u00e7\u00f5es Institucionais, Adolpho Loyola, a secret\u00e1ria da Sa\u00fade Roberta Santana, deputados estaduais e federais, a equipe t\u00e9cnica do governo e representantes das empresas envolvidas no processo.<\/p>\n<p>&nbsp;<\/p>\n<p>Texto e fotos: Eduardo Aiache\/GOVBA<\/p>\n","protected":false},"excerpt":{"rendered":"<p>Durante agenda oficial em Bras\u00edlia, nesta quinta-feira (12), o governador Jer\u00f4nimo Rodrigues autorizou a constru\u00e7\u00e3o do Centro Especializado em Reabilita\u00e7\u00e3o (CER Tipo IV) no munic\u00edpio de Juazeiro, no norte da Bahia. A nova unidade ser\u00e1 constru\u00edda por meio do Novo PAC, programa do Governo Federal, em parceria com o Governo da Bahia. No encontro, o [&hellip;]<\/p>\n","protected":false},"author":1,"featured_media":84264,"comment_status":"open","ping_status":"open","sticky":false,"template":"","format":"standard","meta":{"_uag_custom_page_level_css":"","_monsterinsights_skip_tracking":false,"_monsterinsights_sitenote_active":false,"_monsterinsights_sitenote_note":"","_monsterinsights_sitenote_category":0,"jetpack_post_was_ever_published":false,"_jetpack_newsletter_access":"","_jetpack_dont_email_post_to_subs":false,"_jetpack_newsletter_tier_id":0,"_jetpack_memberships_contains_paywalled_content":false,"_jetpack_memberships_contains_paid_content":false,"footnotes":"","jetpack_publicize_message":"","jetpack_publicize_feature_enabled":true,"jetpack_social_post_already_shared":true,"jetpack_social_options":{"image_generator_settings":{"template":"highway","default_image_id":0,"font":"","enabled":false},"version":2}},"categories":[199,205],"tags":[],"class_list":["post-84263","post","type-post","status-publish","format-standard","has-post-thumbnail","hentry","category-bahia","category-saude"],"jetpack_publicize_connections":[],"jetpack_featured_media_url":"https:\/\/blogopara.com.br\/wp-content\/uploads\/2026\/03\/Eduardo-AiacheGOVBA-2.jpeg","uagb_featured_image_src":{"full":["https:\/\/blogopara.com.br\/wp-content\/uploads\/2026\/03\/Eduardo-AiacheGOVBA-2.jpeg",479,533,false],"thumbnail":["https:\/\/blogopara.com.br\/wp-content\/uploads\/2026\/03\/Eduardo-AiacheGOVBA-2-150x150.jpeg",150,150,true],"medium":["https:\/\/blogopara.com.br\/wp-content\/uploads\/2026\/03\/Eduardo-AiacheGOVBA-2-270x300.jpeg",270,300,true],"medium_large":["https:\/\/blogopara.com.br\/wp-content\/uploads\/2026\/03\/Eduardo-AiacheGOVBA-2.jpeg",479,533,false],"large":["https:\/\/blogopara.com.br\/wp-content\/uploads\/2026\/03\/Eduardo-AiacheGOVBA-2.jpeg",479,533,false],"1536x1536":["https:\/\/blogopara.com.br\/wp-content\/uploads\/2026\/03\/Eduardo-AiacheGOVBA-2.jpeg",479,533,false],"2048x2048":["https:\/\/blogopara.com.br\/wp-content\/uploads\/2026\/03\/Eduardo-AiacheGOVBA-2.jpeg",479,533,false],"mantranews-slider-large":["https:\/\/blogopara.com.br\/wp-content\/uploads\/2026\/03\/Eduardo-AiacheGOVBA-2.jpeg",479,533,false],"mantranews-featured-medium":["https:\/\/blogopara.com.br\/wp-content\/uploads\/2026\/03\/Eduardo-AiacheGOVBA-2-420x307.jpeg",420,307,true],"mantranews-featured-long":["https:\/\/blogopara.com.br\/wp-content\/uploads\/2026\/03\/Eduardo-AiacheGOVBA-2-300x443.jpeg",300,443,true],"mantranews-block-medium":["https:\/\/blogopara.com.br\/wp-content\/uploads\/2026\/03\/Eduardo-AiacheGOVBA-2-464x290.jpeg",464,290,true],"mantranews-carousel-image":["https:\/\/blogopara.com.br\/wp-content\/uploads\/2026\/03\/Eduardo-AiacheGOVBA-2-479x500.jpeg",479,500,true],"mantranews-block-thumb":["https:\/\/blogopara.com.br\/wp-content\/uploads\/2026\/03\/Eduardo-AiacheGOVBA-2-322x230.jpeg",322,230,true],"mantranews-single-large":["https:\/\/blogopara.com.br\/wp-content\/uploads\/2026\/03\/Eduardo-AiacheGOVBA-2.jpeg",479,533,false]},"uagb_author_info":{"display_name":"Reda\u00e7\u00e3o geral","author_link":"https:\/\/blogopara.com.br\/index.php\/author\/blogopara"},"uagb_comment_info":0,"uagb_excerpt":"Durante agenda oficial em Bras\u00edlia, nesta quinta-feira (12), o governador Jer\u00f4nimo Rodrigues autorizou a constru\u00e7\u00e3o do Centro Especializado em Reabilita\u00e7\u00e3o (CER Tipo IV) no munic\u00edpio de Juazeiro, no norte da Bahia. A nova unidade ser\u00e1 constru\u00edda por meio do Novo PAC, programa do Governo Federal, em parceria com o Governo da Bahia. No encontro, o&hellip;","jetpack_sharing_enabled":true,"jetpack_likes_enabled":true,"_links":{"self":[{"href":"https:\/\/blogopara.com.br\/index.php\/wp-json\/wp\/v2\/posts\/84263","targetHints":{"allow":["GET"]}}],"collection":[{"href":"https:\/\/blogopara.com.br\/index.php\/wp-json\/wp\/v2\/posts"}],"about":[{"href":"https:\/\/blogopara.com.br\/index.php\/wp-json\/wp\/v2\/types\/post"}],"author":[{"embeddable":true,"href":"https:\/\/blogopara.com.br\/index.php\/wp-json\/wp\/v2\/users\/1"}],"replies":[{"embeddable":true,"href":"https:\/\/blogopara.com.br\/index.php\/wp-json\/wp\/v2\/comments?post=84263"}],"version-history":[{"count":1,"href":"https:\/\/blogopara.com.br\/index.php\/wp-json\/wp\/v2\/posts\/84263\/revisions"}],"predecessor-version":[{"id":84265,"href":"https:\/\/blogopara.com.br\/index.php\/wp-json\/wp\/v2\/posts\/84263\/revisions\/84265"}],"wp:featuredmedia":[{"embeddable":true,"href":"https:\/\/blogopara.com.br\/index.php\/wp-json\/wp\/v2\/media\/84264"}],"wp:attachment":[{"href":"https:\/\/blogopara.com.br\/index.php\/wp-json\/wp\/v2\/media?parent=84263"}],"wp:term":[{"taxonomy":"category","embeddable":true,"href":"https:\/\/blogopara.com.br\/index.php\/wp-json\/wp\/v2\/categories?post=84263"},{"taxonomy":"post_tag","embeddable":true,"href":"https:\/\/blogopara.com.br\/index.php\/wp-json\/wp\/v2\/tags?post=84263"}],"curies":[{"name":"wp","href":"https:\/\/api.w.org\/{rel}","templated":true}]}}