{"id":84270,"date":"2026-03-13T10:45:48","date_gmt":"2026-03-13T13:45:48","guid":{"rendered":"https:\/\/blogopara.com.br\/?p=84270"},"modified":"2026-03-13T10:54:19","modified_gmt":"2026-03-13T13:54:19","slug":"esgoto-despejado-na-orla-de-juazeiro-ameaca-o-rio-sao-francisco-e-configura-crime-ambiental-video","status":"publish","type":"post","link":"https:\/\/blogopara.com.br\/index.php\/2026\/03\/13\/esgoto-despejado-na-orla-de-juazeiro-ameaca-o-rio-sao-francisco-e-configura-crime-ambiental-video","title":{"rendered":"Esgoto despejado na Orla de Juazeiro amea\u00e7a o Rio S\u00e3o Francisco e configura crime ambiental [V\u00eddeo]"},"content":{"rendered":"<p data-start=\"212\" data-end=\"588\">O despejo de esgoto sem tratamento diretamente no Rio S\u00e3o Francisco, na orla de Juazeiro, no norte da Bahia, tem causado indigna\u00e7\u00e3o entre moradores, frequentadores da \u00e1rea e ambientalistas. O problema, que j\u00e1 foi registrado diversas vezes por populares, representa uma grave agress\u00e3o ambiental e levanta questionamentos sobre a fiscaliza\u00e7\u00e3o e a gest\u00e3o do saneamento na cidade.<\/p>\n<p data-start=\"590\" data-end=\"1028\">Moradores relatam que o esgoto escorre pela orla e chega diretamente ao rio, muitas vezes acompanhado de forte odor e colora\u00e7\u00e3o escura, caracter\u00edsticas t\u00edpicas de res\u00edduos dom\u00e9sticos. A situa\u00e7\u00e3o foi flagrada em pontos pr\u00f3ximos ao Parque Fluvial e \u00e0 \u00e1rea de caminhada da orla, locais frequentados diariamente por pessoas que praticam atividades f\u00edsicas e visitam um dos cart\u00f5es-postais do munic\u00edpio.<\/p>\n<p data-start=\"1030\" data-end=\"1401\">Segundo relatos, o problema n\u00e3o \u00e9 recente. Den\u00fancias semelhantes j\u00e1 foram registradas em diferentes momentos, indicando que o despejo irregular ocorre de forma recorrente em trechos da orla de Juazeiro. Moradores afirmam que o esgoto escorre diretamente para o Rio S\u00e3o Francisco, contaminando a \u00e1gua e causando mau cheiro no local.<\/p>\n<div style=\"width: 640px;\" class=\"wp-video\"><!--[if lt IE 9]><script>document.createElement('video');<\/script><![endif]-->\n<video class=\"wp-video-shortcode\" id=\"video-84270-1\" width=\"640\" height=\"362\" preload=\"metadata\" controls=\"controls\"><source type=\"video\/mp4\" src=\"https:\/\/blogopara.com.br\/wp-content\/uploads\/2026\/03\/WhatsApp-Video-2026-03-10-at-11.56.41.mp4?_=1\" \/><a href=\"https:\/\/blogopara.com.br\/wp-content\/uploads\/2026\/03\/WhatsApp-Video-2026-03-10-at-11.56.41.mp4\">https:\/\/blogopara.com.br\/wp-content\/uploads\/2026\/03\/WhatsApp-Video-2026-03-10-at-11.56.41.mp4<\/a><\/video><\/div>\n","protected":false},"excerpt":{"rendered":"<p>O despejo de esgoto sem tratamento diretamente no Rio S\u00e3o Francisco, na orla de Juazeiro, no norte da Bahia, tem causado indigna\u00e7\u00e3o entre moradores, frequentadores da \u00e1rea e ambientalistas. O problema, que j\u00e1 foi registrado diversas vezes por populares, representa uma grave agress\u00e3o ambiental e levanta questionamentos sobre a fiscaliza\u00e7\u00e3o e a gest\u00e3o do saneamento [&hellip;]<\/p>\n","protected":false},"author":1,"featured_media":84271,"comment_status":"open","ping_status":"open","sticky":false,"template":"","format":"standard","meta":{"_uag_custom_page_level_css":"","_monsterinsights_skip_tracking":false,"_monsterinsights_sitenote_active":false,"_monsterinsights_sitenote_note":"","_monsterinsights_sitenote_category":0,"jetpack_post_was_ever_published":false,"_jetpack_newsletter_access":"","_jetpack_dont_email_post_to_subs":false,"_jetpack_newsletter_tier_id":0,"_jetpack_memberships_contains_paywalled_content":false,"_jetpack_memberships_contains_paid_content":false,"footnotes":"","jetpack_publicize_message":"","jetpack_publicize_feature_enabled":true,"jetpack_social_post_already_shared":true,"jetpack_social_options":{"image_generator_settings":{"template":"highway","default_image_id":0,"font":"","enabled":false},"version":2}},"categories":[203],"tags":[11813,11877,7744],"class_list":["post-84270","post","type-post","status-publish","format-standard","has-post-thumbnail","hentry","category-juazeiro","tag-fabiana-egashira","tag-fabiana-possidio","tag-saae-juazeiro-ba"],"jetpack_publicize_connections":[],"jetpack_featured_media_url":"https:\/\/blogopara.com.br\/wp-content\/uploads\/2026\/03\/Captura-de-tela-2026-03-13-104307.jpg","uagb_featured_image_src":{"full":["https:\/\/blogopara.com.br\/wp-content\/uploads\/2026\/03\/Captura-de-tela-2026-03-13-104307.jpg",477,576,false],"thumbnail":["https:\/\/blogopara.com.br\/wp-content\/uploads\/2026\/03\/Captura-de-tela-2026-03-13-104307-150x150.jpg",150,150,true],"medium":["https:\/\/blogopara.com.br\/wp-content\/uploads\/2026\/03\/Captura-de-tela-2026-03-13-104307-248x300.jpg",248,300,true],"medium_large":["https:\/\/blogopara.com.br\/wp-content\/uploads\/2026\/03\/Captura-de-tela-2026-03-13-104307.jpg",477,576,false],"large":["https:\/\/blogopara.com.br\/wp-content\/uploads\/2026\/03\/Captura-de-tela-2026-03-13-104307.jpg",477,576,false],"1536x1536":["https:\/\/blogopara.com.br\/wp-content\/uploads\/2026\/03\/Captura-de-tela-2026-03-13-104307.jpg",477,576,false],"2048x2048":["https:\/\/blogopara.com.br\/wp-content\/uploads\/2026\/03\/Captura-de-tela-2026-03-13-104307.jpg",477,576,false],"mantranews-slider-large":["https:\/\/blogopara.com.br\/wp-content\/uploads\/2026\/03\/Captura-de-tela-2026-03-13-104307.jpg",477,576,false],"mantranews-featured-medium":["https:\/\/blogopara.com.br\/wp-content\/uploads\/2026\/03\/Captura-de-tela-2026-03-13-104307-420x307.jpg",420,307,true],"mantranews-featured-long":["https:\/\/blogopara.com.br\/wp-content\/uploads\/2026\/03\/Captura-de-tela-2026-03-13-104307-300x443.jpg",300,443,true],"mantranews-block-medium":["https:\/\/blogopara.com.br\/wp-content\/uploads\/2026\/03\/Captura-de-tela-2026-03-13-104307-464x290.jpg",464,290,true],"mantranews-carousel-image":["https:\/\/blogopara.com.br\/wp-content\/uploads\/2026\/03\/Captura-de-tela-2026-03-13-104307-477x500.jpg",477,500,true],"mantranews-block-thumb":["https:\/\/blogopara.com.br\/wp-content\/uploads\/2026\/03\/Captura-de-tela-2026-03-13-104307-322x230.jpg",322,230,true],"mantranews-single-large":["https:\/\/blogopara.com.br\/wp-content\/uploads\/2026\/03\/Captura-de-tela-2026-03-13-104307.jpg",477,576,false]},"uagb_author_info":{"display_name":"Reda\u00e7\u00e3o geral","author_link":"https:\/\/blogopara.com.br\/index.php\/author\/blogopara"},"uagb_comment_info":0,"uagb_excerpt":"O despejo de esgoto sem tratamento diretamente no Rio S\u00e3o Francisco, na orla de Juazeiro, no norte da Bahia, tem causado indigna\u00e7\u00e3o entre moradores, frequentadores da \u00e1rea e ambientalistas. O problema, que j\u00e1 foi registrado diversas vezes por populares, representa uma grave agress\u00e3o ambiental e levanta questionamentos sobre a fiscaliza\u00e7\u00e3o e a gest\u00e3o do saneamento&hellip;","jetpack_sharing_enabled":true,"jetpack_likes_enabled":true,"_links":{"self":[{"href":"https:\/\/blogopara.com.br\/index.php\/wp-json\/wp\/v2\/posts\/84270","targetHints":{"allow":["GET"]}}],"collection":[{"href":"https:\/\/blogopara.com.br\/index.php\/wp-json\/wp\/v2\/posts"}],"about":[{"href":"https:\/\/blogopara.com.br\/index.php\/wp-json\/wp\/v2\/types\/post"}],"author":[{"embeddable":true,"href":"https:\/\/blogopara.com.br\/index.php\/wp-json\/wp\/v2\/users\/1"}],"replies":[{"embeddable":true,"href":"https:\/\/blogopara.com.br\/index.php\/wp-json\/wp\/v2\/comments?post=84270"}],"version-history":[{"count":2,"href":"https:\/\/blogopara.com.br\/index.php\/wp-json\/wp\/v2\/posts\/84270\/revisions"}],"predecessor-version":[{"id":84274,"href":"https:\/\/blogopara.com.br\/index.php\/wp-json\/wp\/v2\/posts\/84270\/revisions\/84274"}],"wp:featuredmedia":[{"embeddable":true,"href":"https:\/\/blogopara.com.br\/index.php\/wp-json\/wp\/v2\/media\/84271"}],"wp:attachment":[{"href":"https:\/\/blogopara.com.br\/index.php\/wp-json\/wp\/v2\/media?parent=84270"}],"wp:term":[{"taxonomy":"category","embeddable":true,"href":"https:\/\/blogopara.com.br\/index.php\/wp-json\/wp\/v2\/categories?post=84270"},{"taxonomy":"post_tag","embeddable":true,"href":"https:\/\/blogopara.com.br\/index.php\/wp-json\/wp\/v2\/tags?post=84270"}],"curies":[{"name":"wp","href":"https:\/\/api.w.org\/{rel}","templated":true}]}}