{"id":84283,"date":"2026-03-14T12:34:59","date_gmt":"2026-03-14T15:34:59","guid":{"rendered":"https:\/\/blogopara.com.br\/?p=84283"},"modified":"2026-03-14T12:34:59","modified_gmt":"2026-03-14T15:34:59","slug":"morre-filha-do-cantor-amado-batista-cantou-revelou-doenca-grave","status":"publish","type":"post","link":"https:\/\/blogopara.com.br\/index.php\/2026\/03\/14\/morre-filha-do-cantor-amado-batista-cantou-revelou-doenca-grave","title":{"rendered":"Morre filha do cantor Amado Batista; cantou revelou doen\u00e7a grave"},"content":{"rendered":"<div class=\"flex flex-col w-full font-normal text-[18px] leading-[30px] text-tw-theme-text-default\">\n<p id=\"paragrafo-phpk4kktx7\">A filha do cantor Amado Batista, Lorena Alves Batista, morreu neste s\u00e1bado (14), aos 46 anos. A informa\u00e7\u00e3o foi divulgada pelo pr\u00f3prio artista em uma homenagem publicada nas redes sociais.<\/p>\n<\/div>\n<div class=\"flex flex-col w-full font-normal text-[18px] leading-[30px] text-tw-theme-text-default\">\n<p id=\"paragrafo-ivmhh0sh9v\">Em uma mensagem de despedida, o cantor lamentou morte da filha e falou de sua luta para ficar viva. A causa do falecimento n\u00e3o havia sido divulgada at\u00e9 a \u00faltima atualiza\u00e7\u00e3o desta reportagem.<\/p>\n<\/div>\n<div class=\"flex flex-col w-full\">\n<div id=\"galeria-simples-65xx0dpfe7\" class=\"component--galeria simples\">\n<div class=\"wrapper\">\n<div class=\"galeria-caption\">\n<div class=\"caption\">\n<div class=\"credit\">Amado Batista e esposa em est\u00e1dio por Reprodu\u00e7\u00e3o\/Instagram<\/div>\n<\/div>\n<\/div>\n<\/div>\n<\/div>\n<\/div>\n<div class=\"flex flex-col w-full font-normal text-[18px] leading-[30px] text-tw-theme-text-default\">\n<p id=\"paragrafo-f743n4hf7f\">Na publica\u00e7\u00e3o, Amado Batista contou que a filha enfrentava uma doen\u00e7a grave e que lutava contra o problema de sa\u00fade h\u00e1 algum tempo. O artista destacou a for\u00e7a de Lorena durante o per\u00edodo de tratamento.<\/p>\n<\/div>\n<div class=\"flex flex-col w-full font-normal text-[18px] leading-[30px] text-tw-theme-text-default\">\n<p id=\"paragrafo-07ictyzwd8\">F\u00e3s do cantor expressaram solidariedade e deixaram mensagens de apoio a Amado.\u00a0Ainda n\u00e3o h\u00e1 informa\u00e7\u00f5es sobre vel\u00f3rio ou sepultamento de Lorena.<\/p>\n<\/div>\n","protected":false},"excerpt":{"rendered":"<p>A filha do cantor Amado Batista, Lorena Alves Batista, morreu neste s\u00e1bado (14), aos 46 anos. A informa\u00e7\u00e3o foi divulgada pelo pr\u00f3prio artista em uma homenagem publicada nas redes sociais. Em uma mensagem de despedida, o cantor lamentou morte da filha e falou de sua luta para ficar viva. A causa do falecimento n\u00e3o havia [&hellip;]<\/p>\n","protected":false},"author":1,"featured_media":84284,"comment_status":"open","ping_status":"open","sticky":false,"template":"","format":"standard","meta":{"_uag_custom_page_level_css":"","_monsterinsights_skip_tracking":false,"_monsterinsights_sitenote_active":false,"_monsterinsights_sitenote_note":"","_monsterinsights_sitenote_category":0,"jetpack_post_was_ever_published":false,"_jetpack_newsletter_access":"","_jetpack_dont_email_post_to_subs":false,"_jetpack_newsletter_tier_id":0,"_jetpack_memberships_contains_paywalled_content":false,"_jetpack_memberships_contains_paid_content":false,"footnotes":"","jetpack_publicize_message":"","jetpack_publicize_feature_enabled":true,"jetpack_social_post_already_shared":true,"jetpack_social_options":{"image_generator_settings":{"template":"highway","default_image_id":0,"font":"","enabled":false},"version":2}},"categories":[200],"tags":[],"class_list":["post-84283","post","type-post","status-publish","format-standard","has-post-thumbnail","hentry","category-brasil"],"jetpack_publicize_connections":[],"jetpack_featured_media_url":"https:\/\/blogopara.com.br\/wp-content\/uploads\/2026\/03\/Capturar-23.jpg","uagb_featured_image_src":{"full":["https:\/\/blogopara.com.br\/wp-content\/uploads\/2026\/03\/Capturar-23.jpg",500,293,false],"thumbnail":["https:\/\/blogopara.com.br\/wp-content\/uploads\/2026\/03\/Capturar-23-150x150.jpg",150,150,true],"medium":["https:\/\/blogopara.com.br\/wp-content\/uploads\/2026\/03\/Capturar-23-300x176.jpg",300,176,true],"medium_large":["https:\/\/blogopara.com.br\/wp-content\/uploads\/2026\/03\/Capturar-23.jpg",500,293,false],"large":["https:\/\/blogopara.com.br\/wp-content\/uploads\/2026\/03\/Capturar-23.jpg",500,293,false],"1536x1536":["https:\/\/blogopara.com.br\/wp-content\/uploads\/2026\/03\/Capturar-23.jpg",500,293,false],"2048x2048":["https:\/\/blogopara.com.br\/wp-content\/uploads\/2026\/03\/Capturar-23.jpg",500,293,false],"mantranews-slider-large":["https:\/\/blogopara.com.br\/wp-content\/uploads\/2026\/03\/Capturar-23.jpg",500,293,false],"mantranews-featured-medium":["https:\/\/blogopara.com.br\/wp-content\/uploads\/2026\/03\/Capturar-23-420x293.jpg",420,293,true],"mantranews-featured-long":["https:\/\/blogopara.com.br\/wp-content\/uploads\/2026\/03\/Capturar-23-300x293.jpg",300,293,true],"mantranews-block-medium":["https:\/\/blogopara.com.br\/wp-content\/uploads\/2026\/03\/Capturar-23-464x290.jpg",464,290,true],"mantranews-carousel-image":["https:\/\/blogopara.com.br\/wp-content\/uploads\/2026\/03\/Capturar-23.jpg",500,293,false],"mantranews-block-thumb":["https:\/\/blogopara.com.br\/wp-content\/uploads\/2026\/03\/Capturar-23-322x230.jpg",322,230,true],"mantranews-single-large":["https:\/\/blogopara.com.br\/wp-content\/uploads\/2026\/03\/Capturar-23.jpg",500,293,false]},"uagb_author_info":{"display_name":"Reda\u00e7\u00e3o geral","author_link":"https:\/\/blogopara.com.br\/index.php\/author\/blogopara"},"uagb_comment_info":0,"uagb_excerpt":"A filha do cantor Amado Batista, Lorena Alves Batista, morreu neste s\u00e1bado (14), aos 46 anos. A informa\u00e7\u00e3o foi divulgada pelo pr\u00f3prio artista em uma homenagem publicada nas redes sociais. Em uma mensagem de despedida, o cantor lamentou morte da filha e falou de sua luta para ficar viva. A causa do falecimento n\u00e3o havia&hellip;","jetpack_sharing_enabled":true,"jetpack_likes_enabled":true,"_links":{"self":[{"href":"https:\/\/blogopara.com.br\/index.php\/wp-json\/wp\/v2\/posts\/84283","targetHints":{"allow":["GET"]}}],"collection":[{"href":"https:\/\/blogopara.com.br\/index.php\/wp-json\/wp\/v2\/posts"}],"about":[{"href":"https:\/\/blogopara.com.br\/index.php\/wp-json\/wp\/v2\/types\/post"}],"author":[{"embeddable":true,"href":"https:\/\/blogopara.com.br\/index.php\/wp-json\/wp\/v2\/users\/1"}],"replies":[{"embeddable":true,"href":"https:\/\/blogopara.com.br\/index.php\/wp-json\/wp\/v2\/comments?post=84283"}],"version-history":[{"count":1,"href":"https:\/\/blogopara.com.br\/index.php\/wp-json\/wp\/v2\/posts\/84283\/revisions"}],"predecessor-version":[{"id":84285,"href":"https:\/\/blogopara.com.br\/index.php\/wp-json\/wp\/v2\/posts\/84283\/revisions\/84285"}],"wp:featuredmedia":[{"embeddable":true,"href":"https:\/\/blogopara.com.br\/index.php\/wp-json\/wp\/v2\/media\/84284"}],"wp:attachment":[{"href":"https:\/\/blogopara.com.br\/index.php\/wp-json\/wp\/v2\/media?parent=84283"}],"wp:term":[{"taxonomy":"category","embeddable":true,"href":"https:\/\/blogopara.com.br\/index.php\/wp-json\/wp\/v2\/categories?post=84283"},{"taxonomy":"post_tag","embeddable":true,"href":"https:\/\/blogopara.com.br\/index.php\/wp-json\/wp\/v2\/tags?post=84283"}],"curies":[{"name":"wp","href":"https:\/\/api.w.org\/{rel}","templated":true}]}}