{"id":84290,"date":"2026-03-14T12:56:29","date_gmt":"2026-03-14T15:56:29","guid":{"rendered":"https:\/\/blogopara.com.br\/?p=84290"},"modified":"2026-03-14T12:57:44","modified_gmt":"2026-03-14T15:57:44","slug":"cavalo-morre-apos-ser-apreendido-e-morador-denuncia-maus-tratos-em-juazeiro-video","status":"publish","type":"post","link":"https:\/\/blogopara.com.br\/index.php\/2026\/03\/14\/cavalo-morre-apos-ser-apreendido-e-morador-denuncia-maus-tratos-em-juazeiro-video","title":{"rendered":"Cavalo morre ap\u00f3s ser apreendido e morador denuncia maus-tratos em Juazeiro [V\u00eddeo]"},"content":{"rendered":"<div class=\"relative basis-auto flex-col -mb-(--composer-overlap-px) [--composer-overlap-px:28px] grow flex\">\n<div class=\"flex flex-col text-sm pb-25\">\n<article class=\"text-token-text-primary w-full focus:outline-none [--shadow-height:45px] has-data-writing-block:pointer-events-none has-data-writing-block:-mt-(--shadow-height) has-data-writing-block:pt-(--shadow-height) [&amp;:has([data-writing-block])&gt;*]:pointer-events-auto scroll-mt-[calc(var(--header-height)+min(200px,max(70px,20svh)))]\" dir=\"auto\" tabindex=\"-1\" data-turn-id=\"request-WEB:f7c2b21f-afc5-4b7e-ab1a-743dc24a6f36-0\" data-testid=\"conversation-turn-2\" data-scroll-anchor=\"true\" data-turn=\"assistant\">\n<div class=\"text-base my-auto mx-auto pb-10 [--thread-content-margin:var(--thread-content-margin-xs,calc(var(--spacing)*4))] @w-sm\/main:[--thread-content-margin:var(--thread-content-margin-sm,calc(var(--spacing)*6))] @w-lg\/main:[--thread-content-margin:var(--thread-content-margin-lg,calc(var(--spacing)*16))] px-(--thread-content-margin)\">\n<div class=\"[--thread-content-max-width:40rem] @w-lg\/main:[--thread-content-max-width:48rem] mx-auto max-w-(--thread-content-max-width) flex-1 group\/turn-messages focus-visible:outline-hidden relative flex w-full min-w-0 flex-col agent-turn\" tabindex=\"-1\">\n<div class=\"flex max-w-full flex-col gap-4 grow\">\n<div class=\"min-h-8 text-message relative flex w-full flex-col items-end gap-2 text-start break-words whitespace-normal [.text-message+&amp;]:mt-1\" dir=\"auto\" data-message-author-role=\"assistant\" data-message-id=\"0c1c793b-16d5-4c2c-9be4-a83e0592efb5\" data-message-model-slug=\"gpt-5-3\">\n<div class=\"flex w-full flex-col gap-1 empty:hidden\">\n<div class=\"markdown prose dark:prose-invert w-full wrap-break-word light markdown-new-styling\">\n<p data-start=\"81\" data-end=\"424\">Um morador de <span class=\"hover:entity-accent entity-underline inline cursor-pointer align-baseline\"><span class=\"whitespace-normal\">Juazeiro<\/span><\/span> denunciou um caso de poss\u00edvel maus-tratos contra um animal que teria ocorrido ap\u00f3s uma apreens\u00e3o realizada pela prefeitura municipal. Segundo o relato, seu cavalo foi recolhido por equipes ligadas ao poder p\u00fablico e levado para um curral utilizado para abrigar animais apreendidos na cidade.<\/p>\n<p data-start=\"426\" data-end=\"657\">De acordo com o denunciante, o animal teria permanecido no local sem alimenta\u00e7\u00e3o adequada e em condi\u00e7\u00f5es prec\u00e1rias. Ainda segundo o morador, o cavalo acabou ficando preso na lama dentro do curral e morreu sem conseguir se levantar.<\/p>\n<p data-start=\"659\" data-end=\"883\">O caso gerou revolta e levantou questionamentos sobre as condi\u00e7\u00f5es em que os animais apreendidos est\u00e3o sendo mantidos pelo munic\u00edpio. O morador afirma que pretende buscar esclarecimentos e responsabiliza\u00e7\u00e3o sobre o ocorrido.<\/p>\n<p data-start=\"885\" data-end=\"1082\">A den\u00fancia tamb\u00e9m reacende o debate sobre a estrutura e o manejo de animais recolhidos das vias p\u00fablicas, bem como a necessidade de fiscaliza\u00e7\u00e3o e garantia de condi\u00e7\u00f5es m\u00ednimas de bem-estar animal.<\/p>\n<p data-start=\"885\" data-end=\"1082\">O crime de maus-tratos a animais no Brasil \u00e9 tipificado pela Lei 9.605\/1998 (Lei de Crimes Ambientais), com penas agravadas pela Lei 14.064\/2020 (Lei Sans\u00e3o) para c\u00e3es e gatos, resultando em reclus\u00e3o de 2 a 5 anos, multa e proibi\u00e7\u00e3o da guarda. Agress\u00e3o, abandono, envenenamento e neglig\u00eancia s\u00e3o formas de crueldade.<\/p>\n<div style=\"width: 478px;\" class=\"wp-video\"><!--[if lt IE 9]><script>document.createElement('video');<\/script><![endif]-->\n<video class=\"wp-video-shortcode\" id=\"video-84290-1\" width=\"478\" height=\"850\" preload=\"metadata\" controls=\"controls\"><source type=\"video\/mp4\" src=\"https:\/\/blogopara.com.br\/wp-content\/uploads\/2026\/03\/WhatsApp-Video-2026-03-14-at-12.46.03.mp4?_=1\" \/><a href=\"https:\/\/blogopara.com.br\/wp-content\/uploads\/2026\/03\/WhatsApp-Video-2026-03-14-at-12.46.03.mp4\">https:\/\/blogopara.com.br\/wp-content\/uploads\/2026\/03\/WhatsApp-Video-2026-03-14-at-12.46.03.mp4<\/a><\/video><\/div>\n<\/div>\n<\/div>\n<\/div>\n<\/div>\n<\/div>\n<\/div>\n<\/article>\n<\/div>\n<\/div>\n","protected":false},"excerpt":{"rendered":"<p>Um morador de Juazeiro denunciou um caso de poss\u00edvel maus-tratos contra um animal que teria ocorrido ap\u00f3s uma apreens\u00e3o realizada pela prefeitura municipal. Segundo o relato, seu cavalo foi recolhido por equipes ligadas ao poder p\u00fablico e levado para um curral utilizado para abrigar animais apreendidos na cidade. De acordo com o denunciante, o animal [&hellip;]<\/p>\n","protected":false},"author":1,"featured_media":84291,"comment_status":"open","ping_status":"open","sticky":false,"template":"","format":"standard","meta":{"_uag_custom_page_level_css":"","_monsterinsights_skip_tracking":false,"_monsterinsights_sitenote_active":false,"_monsterinsights_sitenote_note":"","_monsterinsights_sitenote_category":0,"jetpack_post_was_ever_published":false,"_jetpack_newsletter_access":"","_jetpack_dont_email_post_to_subs":false,"_jetpack_newsletter_tier_id":0,"_jetpack_memberships_contains_paywalled_content":false,"_jetpack_memberships_contains_paid_content":false,"footnotes":"","jetpack_publicize_message":"","jetpack_publicize_feature_enabled":true,"jetpack_social_post_already_shared":true,"jetpack_social_options":{"image_generator_settings":{"template":"highway","default_image_id":0,"font":"","enabled":false},"version":2}},"categories":[203],"tags":[90,2532,68],"class_list":["post-84290","post","type-post","status-publish","format-standard","has-post-thumbnail","hentry","category-juazeiro","tag-crime","tag-meio-ambiente","tag-semaurb"],"jetpack_publicize_connections":[],"jetpack_featured_media_url":"https:\/\/blogopara.com.br\/wp-content\/uploads\/2026\/03\/Sem-titulo-2.png","uagb_featured_image_src":{"full":["https:\/\/blogopara.com.br\/wp-content\/uploads\/2026\/03\/Sem-titulo-2.png",449,486,false],"thumbnail":["https:\/\/blogopara.com.br\/wp-content\/uploads\/2026\/03\/Sem-titulo-2-150x150.png",150,150,true],"medium":["https:\/\/blogopara.com.br\/wp-content\/uploads\/2026\/03\/Sem-titulo-2-277x300.png",277,300,true],"medium_large":["https:\/\/blogopara.com.br\/wp-content\/uploads\/2026\/03\/Sem-titulo-2.png",449,486,false],"large":["https:\/\/blogopara.com.br\/wp-content\/uploads\/2026\/03\/Sem-titulo-2.png",449,486,false],"1536x1536":["https:\/\/blogopara.com.br\/wp-content\/uploads\/2026\/03\/Sem-titulo-2.png",449,486,false],"2048x2048":["https:\/\/blogopara.com.br\/wp-content\/uploads\/2026\/03\/Sem-titulo-2.png",449,486,false],"mantranews-slider-large":["https:\/\/blogopara.com.br\/wp-content\/uploads\/2026\/03\/Sem-titulo-2.png",449,486,false],"mantranews-featured-medium":["https:\/\/blogopara.com.br\/wp-content\/uploads\/2026\/03\/Sem-titulo-2-420x307.png",420,307,true],"mantranews-featured-long":["https:\/\/blogopara.com.br\/wp-content\/uploads\/2026\/03\/Sem-titulo-2-300x443.png",300,443,true],"mantranews-block-medium":["https:\/\/blogopara.com.br\/wp-content\/uploads\/2026\/03\/Sem-titulo-2-449x290.png",449,290,true],"mantranews-carousel-image":["https:\/\/blogopara.com.br\/wp-content\/uploads\/2026\/03\/Sem-titulo-2.png",449,486,false],"mantranews-block-thumb":["https:\/\/blogopara.com.br\/wp-content\/uploads\/2026\/03\/Sem-titulo-2-322x230.png",322,230,true],"mantranews-single-large":["https:\/\/blogopara.com.br\/wp-content\/uploads\/2026\/03\/Sem-titulo-2.png",449,486,false]},"uagb_author_info":{"display_name":"Reda\u00e7\u00e3o geral","author_link":"https:\/\/blogopara.com.br\/index.php\/author\/blogopara"},"uagb_comment_info":0,"uagb_excerpt":"Um morador de Juazeiro denunciou um caso de poss\u00edvel maus-tratos contra um animal que teria ocorrido ap\u00f3s uma apreens\u00e3o realizada pela prefeitura municipal. Segundo o relato, seu cavalo foi recolhido por equipes ligadas ao poder p\u00fablico e levado para um curral utilizado para abrigar animais apreendidos na cidade. De acordo com o denunciante, o animal&hellip;","jetpack_sharing_enabled":true,"jetpack_likes_enabled":true,"_links":{"self":[{"href":"https:\/\/blogopara.com.br\/index.php\/wp-json\/wp\/v2\/posts\/84290","targetHints":{"allow":["GET"]}}],"collection":[{"href":"https:\/\/blogopara.com.br\/index.php\/wp-json\/wp\/v2\/posts"}],"about":[{"href":"https:\/\/blogopara.com.br\/index.php\/wp-json\/wp\/v2\/types\/post"}],"author":[{"embeddable":true,"href":"https:\/\/blogopara.com.br\/index.php\/wp-json\/wp\/v2\/users\/1"}],"replies":[{"embeddable":true,"href":"https:\/\/blogopara.com.br\/index.php\/wp-json\/wp\/v2\/comments?post=84290"}],"version-history":[{"count":2,"href":"https:\/\/blogopara.com.br\/index.php\/wp-json\/wp\/v2\/posts\/84290\/revisions"}],"predecessor-version":[{"id":84294,"href":"https:\/\/blogopara.com.br\/index.php\/wp-json\/wp\/v2\/posts\/84290\/revisions\/84294"}],"wp:featuredmedia":[{"embeddable":true,"href":"https:\/\/blogopara.com.br\/index.php\/wp-json\/wp\/v2\/media\/84291"}],"wp:attachment":[{"href":"https:\/\/blogopara.com.br\/index.php\/wp-json\/wp\/v2\/media?parent=84290"}],"wp:term":[{"taxonomy":"category","embeddable":true,"href":"https:\/\/blogopara.com.br\/index.php\/wp-json\/wp\/v2\/categories?post=84290"},{"taxonomy":"post_tag","embeddable":true,"href":"https:\/\/blogopara.com.br\/index.php\/wp-json\/wp\/v2\/tags?post=84290"}],"curies":[{"name":"wp","href":"https:\/\/api.w.org\/{rel}","templated":true}]}}