{"id":84299,"date":"2026-03-15T11:53:54","date_gmt":"2026-03-15T14:53:54","guid":{"rendered":"https:\/\/blogopara.com.br\/?p=84299"},"modified":"2026-03-15T11:53:54","modified_gmt":"2026-03-15T14:53:54","slug":"marco-lilas-reforca-prevencao-ao-cancer-do-colo-do-utero-e-destaca-importancia-do-diagnostico-precoce","status":"publish","type":"post","link":"https:\/\/blogopara.com.br\/index.php\/2026\/03\/15\/marco-lilas-reforca-prevencao-ao-cancer-do-colo-do-utero-e-destaca-importancia-do-diagnostico-precoce","title":{"rendered":"Mar\u00e7o Lil\u00e1s refor\u00e7a preven\u00e7\u00e3o ao c\u00e2ncer do colo do \u00fatero e destaca import\u00e2ncia do diagn\u00f3stico precoce\u00a0"},"content":{"rendered":"<div>\n<p><span lang=\"PT-BR\" style=\"font-size: 1rem;\">Campanha nacional alerta para vacina\u00e7\u00e3o contra o HPV, realiza\u00e7\u00e3o do exame preventivo e cuidados a partir dos 25 anos<\/span><span style=\"font-size: 1rem;\">\u00a0<\/span><\/p>\n<\/div>\n<div>\n<p><span lang=\"PT-BR\">O m\u00eas de mar\u00e7o \u00e9 marcado pela campanha Mar\u00e7o Lil\u00e1s, dedicada \u00e0 conscientiza\u00e7\u00e3o e preven\u00e7\u00e3o do c\u00e2ncer do colo do \u00fatero, um dos tipos de c\u00e2ncer mais incidentes (3\u00ba c\u00e2ncer mais comum) e a 4\u00aa causa de morte por c\u00e2ncer entre mulheres no Brasil. A mobiliza\u00e7\u00e3o ganhou for\u00e7a no pa\u00eds a partir da d\u00e9cada de 2010, ampliando a\u00e7\u00f5es educativas e refor\u00e7ando a import\u00e2ncia do diagn\u00f3stico precoce e da vacina\u00e7\u00e3o contra o HPV.<\/span><\/p>\n<\/div>\n<div>\n<p><span lang=\"PT-BR\">O c\u00e2ncer do colo do \u00fatero est\u00e1 diretamente relacionado \u00e0 infec\u00e7\u00e3o persistente pelo HPV, Papilomav\u00edrus Humano, v\u00edrus sexualmente transmiss\u00edvel bastante comum. Ele possui mais de 200 tipos e, embora muitos n\u00e3o causem c\u00e2ncer, dois deles, os tipos 16 e 18, s\u00e3o respons\u00e1veis por cerca de 70% dos casos da doen\u00e7a no pa\u00eds, segundo estudo do Governo Federal, o que refor\u00e7a o papel da vacina\u00e7\u00e3o como estrat\u00e9gia central de preven\u00e7\u00e3o.<\/span><\/p>\n<\/div>\n<div>\n<p><span lang=\"PT-BR\">De acordo com Marcel\u00a0Hisano, m\u00e9dico ginecologista e docente IDOMED, Instituto de Educa\u00e7\u00e3o M\u00e9dica, a preven\u00e7\u00e3o \u00e9 simples e altamente eficaz quando feita de forma regular. \u201cEstamos falando de um c\u00e2ncer que pode ser evitado atrav\u00e9s de vacina e que tem grandes chances de cura quando diagnosticada precocemente. O exame preventivo \u00e9 uma ferramenta fundamental nesse processo\u201d, destaca.<\/span><\/p>\n<\/div>\n<div>\n<p><span lang=\"PT-BR\">Quando \u00e9 preciso come\u00e7ar a se preocupar?<\/span><\/p>\n<\/div>\n<div>\n<p><span lang=\"PT-BR\">A recomenda\u00e7\u00e3o do Minist\u00e9rio da Sa\u00fade \u00e9 que mulheres entre 25 e 64 anos, que j\u00e1 tenham iniciado a vida sexual, realizem o exame preventivo, conhecido como Papanicolau. Ap\u00f3s dois exames anuais consecutivos com resultado normal, o intervalo pode passar a ser de tr\u00eas em tr\u00eas anos, conforme orienta\u00e7\u00e3o m\u00e9dica. Em 2024 a\u00a0Conitec\u00a0(Comiss\u00e3o Nacional de Incorpora\u00e7\u00e3o de Tecnologias no SUS) aprovou a incorpora\u00e7\u00e3o do teste de HPV-DNA ao SUS, exame este que consegue detectar a presen\u00e7a do v\u00edrus na paciente possibilitando um cuidado mais direcionado nas portadoras deste agente e de uma frequ\u00eancia menor de coleta de exames para as pacientes com resultado negativo.\u00a0<\/span><\/p>\n<\/div>\n<div>\n<p><span lang=\"PT-BR\">A vacina\u00e7\u00e3o contra o HPV \u00e9 indicada prioritariamente para meninas e meninos entre 9 e 14 anos, antes do in\u00edcio da vida sexual, fase em que a resposta imunol\u00f3gica \u00e9 mais eficaz e que h\u00e1 menor probabilidade de ter entrado em contato com o v\u00edrus. Adultos tamb\u00e9m podem se vacinar, mediante avalia\u00e7\u00e3o profissional.<\/span><\/p>\n<\/div>\n<div>\n<p><span lang=\"PT-BR\" style=\"font-size: 1rem;\">Formas de preven\u00e7\u00e3o<\/span><span style=\"font-size: 1rem;\">\u00a0<\/span><\/p>\n<\/div>\n<div>\n<p><span lang=\"PT-BR\">Entre as principais medidas preventivas est\u00e3o:\u00a0Vacina\u00e7\u00e3o contra o HPV;\u00a0Realiza\u00e7\u00e3o peri\u00f3dica do exame Papanicolau;\u00a0Uso de preservativo nas rela\u00e7\u00f5es sexuais;\u00a0Acompanhamento ginecol\u00f3gico regular.<\/span><\/p>\n<\/div>\n<div>\n<p><span lang=\"PT-BR\">Al\u00e9m disso, manter h\u00e1bitos de vida saud\u00e1veis e n\u00e3o abandonar consultas de rotina contribui para o cuidado integral com a sa\u00fade da mulher.<\/span><\/p>\n<\/div>\n<div>\n<p><span lang=\"PT-BR\">Para Dr. Marcel, a informa\u00e7\u00e3o ainda \u00e9 a principal aliada no enfrentamento da doen\u00e7a. \u201cMuitas mulheres procuram atendimento apenas quando surgem sintomas, mas o c\u00e2ncer do colo do \u00fatero pode levar anos para apresentar sinais. Por isso, o acompanhamento regular \u00e9 essencial\u201d, refor\u00e7a.<\/span><\/p>\n<\/div>\n<div>\n<p><span lang=\"PT-BR\">O medo tamb\u00e9m precisa ser enfrentado<\/span><\/p>\n<\/div>\n<div>\n<p><span lang=\"PT-BR\">Embora as orienta\u00e7\u00f5es m\u00e9dicas sejam amplamente divulgadas, aspectos emocionais ainda representam um obst\u00e1culo significativo para muitas mulheres. Vergonha, inseguran\u00e7a, ansiedade e o receio de um poss\u00edvel diagn\u00f3stico positivo fazem com que o exame preventivo seja adiado ou at\u00e9 evitado.<\/span><\/p>\n<\/div>\n<div>\n<p><span lang=\"PT-BR\">Para Andresa Souza, professora de Psicologia da Est\u00e1cio, esse comportamento est\u00e1 diretamente ligado \u00e0 forma como lidamos com situa\u00e7\u00f5es que envolvem incerteza e vulnerabilidade. \u201cQuando o medo se instala, \u00e9 comum que a pessoa adote estrat\u00e9gias de esquiva, acreditando que, ao n\u00e3o realizar o exame, estar\u00e1 afastando o problema. Psicologicamente, isso funciona como um al\u00edvio moment\u00e2neo, mas pode trazer consequ\u00eancias mais graves a longo prazo\u201d, explica.<\/span><\/p>\n<\/div>\n<div>\n<p><span lang=\"PT-BR\">Segundo a docente, enfrentar o medo \u00e9 parte fundamental do cuidado com a sa\u00fade. \u201cBuscar informa\u00e7\u00e3o confi\u00e1vel, conversar com profissionais de sa\u00fade e compreender que o exame preventivo \u00e9 uma atitude de responsabilidade consigo mesma ajudam a reduzir a ansiedade. O autocuidado n\u00e3o deve ser associado \u00e0 culpa ou puni\u00e7\u00e3o, mas \u00e0 prote\u00e7\u00e3o e ao amor-pr\u00f3prio\u201d, afirma.<\/span><\/p>\n<\/div>\n<div>\n<p><span lang=\"PT-BR\">Ela destaca ainda que campanhas como o\u00a0Mar\u00e7o\u00a0Lil\u00e1s tamb\u00e9m t\u00eam um papel emocional importante. \u201cQuando o tema \u00e9 tratado de forma aberta e acolhedora, diminu\u00edmos o estigma e fortalecemos a coragem para que mais mulheres priorizem sua sa\u00fade\u201d, conclui.<\/span><\/p>\n<\/div>\n","protected":false},"excerpt":{"rendered":"<p>Campanha nacional alerta para vacina\u00e7\u00e3o contra o HPV, realiza\u00e7\u00e3o do exame preventivo e cuidados a partir dos 25 anos\u00a0 O m\u00eas de mar\u00e7o \u00e9 marcado pela campanha Mar\u00e7o Lil\u00e1s, dedicada \u00e0 conscientiza\u00e7\u00e3o e preven\u00e7\u00e3o do c\u00e2ncer do colo do \u00fatero, um dos tipos de c\u00e2ncer mais incidentes (3\u00ba c\u00e2ncer mais comum) e a 4\u00aa causa [&hellip;]<\/p>\n","protected":false},"author":1,"featured_media":84300,"comment_status":"open","ping_status":"open","sticky":false,"template":"","format":"standard","meta":{"_uag_custom_page_level_css":"","_monsterinsights_skip_tracking":false,"_monsterinsights_sitenote_active":false,"_monsterinsights_sitenote_note":"","_monsterinsights_sitenote_category":0,"jetpack_post_was_ever_published":false,"_jetpack_newsletter_access":"","_jetpack_dont_email_post_to_subs":false,"_jetpack_newsletter_tier_id":0,"_jetpack_memberships_contains_paywalled_content":false,"_jetpack_memberships_contains_paid_content":false,"footnotes":"","jetpack_publicize_message":"","jetpack_publicize_feature_enabled":true,"jetpack_social_post_already_shared":true,"jetpack_social_options":{"image_generator_settings":{"template":"highway","default_image_id":0,"font":"","enabled":false},"version":2}},"categories":[205],"tags":[],"class_list":["post-84299","post","type-post","status-publish","format-standard","has-post-thumbnail","hentry","category-saude"],"jetpack_publicize_connections":[],"jetpack_featured_media_url":"https:\/\/blogopara.com.br\/wp-content\/uploads\/2026\/03\/630cbf01-d641-43c1-b3e7-5c1ec15f8c86.jpg","uagb_featured_image_src":{"full":["https:\/\/blogopara.com.br\/wp-content\/uploads\/2026\/03\/630cbf01-d641-43c1-b3e7-5c1ec15f8c86.jpg",500,281,false],"thumbnail":["https:\/\/blogopara.com.br\/wp-content\/uploads\/2026\/03\/630cbf01-d641-43c1-b3e7-5c1ec15f8c86-150x150.jpg",150,150,true],"medium":["https:\/\/blogopara.com.br\/wp-content\/uploads\/2026\/03\/630cbf01-d641-43c1-b3e7-5c1ec15f8c86-300x169.jpg",300,169,true],"medium_large":["https:\/\/blogopara.com.br\/wp-content\/uploads\/2026\/03\/630cbf01-d641-43c1-b3e7-5c1ec15f8c86.jpg",500,281,false],"large":["https:\/\/blogopara.com.br\/wp-content\/uploads\/2026\/03\/630cbf01-d641-43c1-b3e7-5c1ec15f8c86.jpg",500,281,false],"1536x1536":["https:\/\/blogopara.com.br\/wp-content\/uploads\/2026\/03\/630cbf01-d641-43c1-b3e7-5c1ec15f8c86.jpg",500,281,false],"2048x2048":["https:\/\/blogopara.com.br\/wp-content\/uploads\/2026\/03\/630cbf01-d641-43c1-b3e7-5c1ec15f8c86.jpg",500,281,false],"mantranews-slider-large":["https:\/\/blogopara.com.br\/wp-content\/uploads\/2026\/03\/630cbf01-d641-43c1-b3e7-5c1ec15f8c86.jpg",500,281,false],"mantranews-featured-medium":["https:\/\/blogopara.com.br\/wp-content\/uploads\/2026\/03\/630cbf01-d641-43c1-b3e7-5c1ec15f8c86-420x281.jpg",420,281,true],"mantranews-featured-long":["https:\/\/blogopara.com.br\/wp-content\/uploads\/2026\/03\/630cbf01-d641-43c1-b3e7-5c1ec15f8c86-300x281.jpg",300,281,true],"mantranews-block-medium":["https:\/\/blogopara.com.br\/wp-content\/uploads\/2026\/03\/630cbf01-d641-43c1-b3e7-5c1ec15f8c86-464x281.jpg",464,281,true],"mantranews-carousel-image":["https:\/\/blogopara.com.br\/wp-content\/uploads\/2026\/03\/630cbf01-d641-43c1-b3e7-5c1ec15f8c86.jpg",500,281,false],"mantranews-block-thumb":["https:\/\/blogopara.com.br\/wp-content\/uploads\/2026\/03\/630cbf01-d641-43c1-b3e7-5c1ec15f8c86-322x230.jpg",322,230,true],"mantranews-single-large":["https:\/\/blogopara.com.br\/wp-content\/uploads\/2026\/03\/630cbf01-d641-43c1-b3e7-5c1ec15f8c86.jpg",500,281,false]},"uagb_author_info":{"display_name":"Reda\u00e7\u00e3o geral","author_link":"https:\/\/blogopara.com.br\/index.php\/author\/blogopara"},"uagb_comment_info":0,"uagb_excerpt":"Campanha nacional alerta para vacina\u00e7\u00e3o contra o HPV, realiza\u00e7\u00e3o do exame preventivo e cuidados a partir dos 25 anos\u00a0 O m\u00eas de mar\u00e7o \u00e9 marcado pela campanha Mar\u00e7o Lil\u00e1s, dedicada \u00e0 conscientiza\u00e7\u00e3o e preven\u00e7\u00e3o do c\u00e2ncer do colo do \u00fatero, um dos tipos de c\u00e2ncer mais incidentes (3\u00ba c\u00e2ncer mais comum) e a 4\u00aa causa&hellip;","jetpack_sharing_enabled":true,"jetpack_likes_enabled":true,"_links":{"self":[{"href":"https:\/\/blogopara.com.br\/index.php\/wp-json\/wp\/v2\/posts\/84299","targetHints":{"allow":["GET"]}}],"collection":[{"href":"https:\/\/blogopara.com.br\/index.php\/wp-json\/wp\/v2\/posts"}],"about":[{"href":"https:\/\/blogopara.com.br\/index.php\/wp-json\/wp\/v2\/types\/post"}],"author":[{"embeddable":true,"href":"https:\/\/blogopara.com.br\/index.php\/wp-json\/wp\/v2\/users\/1"}],"replies":[{"embeddable":true,"href":"https:\/\/blogopara.com.br\/index.php\/wp-json\/wp\/v2\/comments?post=84299"}],"version-history":[{"count":1,"href":"https:\/\/blogopara.com.br\/index.php\/wp-json\/wp\/v2\/posts\/84299\/revisions"}],"predecessor-version":[{"id":84301,"href":"https:\/\/blogopara.com.br\/index.php\/wp-json\/wp\/v2\/posts\/84299\/revisions\/84301"}],"wp:featuredmedia":[{"embeddable":true,"href":"https:\/\/blogopara.com.br\/index.php\/wp-json\/wp\/v2\/media\/84300"}],"wp:attachment":[{"href":"https:\/\/blogopara.com.br\/index.php\/wp-json\/wp\/v2\/media?parent=84299"}],"wp:term":[{"taxonomy":"category","embeddable":true,"href":"https:\/\/blogopara.com.br\/index.php\/wp-json\/wp\/v2\/categories?post=84299"},{"taxonomy":"post_tag","embeddable":true,"href":"https:\/\/blogopara.com.br\/index.php\/wp-json\/wp\/v2\/tags?post=84299"}],"curies":[{"name":"wp","href":"https:\/\/api.w.org\/{rel}","templated":true}]}}