{"id":84309,"date":"2026-03-15T12:07:39","date_gmt":"2026-03-15T15:07:39","guid":{"rendered":"https:\/\/blogopara.com.br\/?p=84309"},"modified":"2026-03-15T12:07:39","modified_gmt":"2026-03-15T15:07:39","slug":"jurgen-habermas-filosofo-alemao-e-teorico-da-esfera-publica-morre-aos-96-anos","status":"publish","type":"post","link":"https:\/\/blogopara.com.br\/index.php\/2026\/03\/15\/jurgen-habermas-filosofo-alemao-e-teorico-da-esfera-publica-morre-aos-96-anos","title":{"rendered":"J\u00fcrgen Habermas, fil\u00f3sofo alem\u00e3o e te\u00f3rico da &#8216;esfera p\u00fablica&#8217;, morre aos 96 anos"},"content":{"rendered":"<div class=\"flex flex-col w-full font-normal text-[18px] leading-[30px] text-tw-theme-text-default\">\n<p id=\"paragrafo-zm7ul3jdfs\">O fil\u00f3sofo e soci\u00f3logo alem\u00e3o J\u00fcrgen Habermas, um dos principais pensadores contempor\u00e2neos sobre democracia e teoria social, morreu neste s\u00e1bado (14), aos 96 anos. A informa\u00e7\u00e3o foi confirmada pela editora Suhrkamp.<\/p>\n<\/div>\n<div class=\"flex flex-col w-full font-normal text-[18px] leading-[30px] text-tw-theme-text-default\">\n<p id=\"paragrafo-th46ckxgsp\">Habermas morreu em sua resid\u00eancia em Starnberg, nos arredores de Munique, na Alemanha. A causa da morte n\u00e3o foi divulgada.<\/p>\n<\/div>\n<div class=\"flex flex-col w-full font-normal text-[18px] leading-[30px] text-tw-theme-text-default\">\n<p id=\"paragrafo-uwcb4low79\">Nascido em 18 de junho de 1929, em D\u00fcsseldorf, Habermas estudou filosofia, hist\u00f3ria, psicologia, literatura alem\u00e3 e economia entre 1949 e 1954 nas universidades de G\u00f6ttingen, Zurique e Bonn.<\/p>\n<\/div>\n<div class=\"flex flex-col w-full font-normal text-[18px] leading-[30px] text-tw-theme-text-default\">\n<p id=\"paragrafo-64ez3amz4v\">Ao longo da carreira acad\u00eamica, foi professor em institui\u00e7\u00f5es como a Universidade de Heidelberg, a Universidade de Frankfurt am Main e a Universidade da Calif\u00f3rnia, Berkeley. Tamb\u00e9m foi diretor do Instituto Max Planck para o Estudo das Condi\u00e7\u00f5es de Vida do Mundo Cient\u00edfico-T\u00e9cnico, em Starnberg.<\/p>\n<\/div>\n<div class=\"flex flex-col w-full font-normal text-[18px] leading-[30px] text-tw-theme-text-default\">\n<p id=\"paragrafo-wq9c0k25dw\">Habermas recebeu diversos pr\u00eamios doutor honoris causa e pr\u00eamios internacionais, entre eles o Pr\u00eamio da Paz da Ind\u00fastria Livreira Alem\u00e3, em 2001, e o Pr\u00eamio Kyoto, em 2004.<\/p>\n<\/div>\n<div class=\"flex flex-col w-full font-normal text-[18px] leading-[30px] text-tw-theme-text-default\">\n<p id=\"paragrafo-055zyy9wfc\"><b>Teorias sobre democracia e di\u00e1logo<\/b><\/p>\n<\/div>\n<div class=\"flex flex-col w-full font-normal text-[18px] leading-[30px] text-tw-theme-text-default\">\n<p id=\"paragrafo-tw6fjx93sz\">Considerado um dos principais herdeiros da Escola de Frankfurt, Habermas foi assistente do fil\u00f3sofo Theodor Adorno no in\u00edcio da carreira. Diferentemente de alguns pensadores da mesma tradi\u00e7\u00e3o, ele buscou desenvolver uma vis\u00e3o menos pessimista sobre a modernidade, defendendo que a raz\u00e3o poderia ser recuperada por meio do di\u00e1logo p\u00fablico.<\/p>\n<\/div>\n<div class=\"flex flex-col w-full font-normal text-[18px] leading-[30px] text-tw-theme-text-default\">\n<p id=\"paragrafo-oc2rfwbwly\">Essa proposta ganhou forma em sua obra Teoria do Agir Comunicativo (1981). No livro, o fil\u00f3sofo distingue a a\u00e7\u00e3o estrat\u00e9gica, voltada para interesses individuais, da a\u00e7\u00e3o comunicativa, baseada no di\u00e1logo e na busca de entendimento coletivo.<\/p>\n<\/div>\n<div class=\"flex flex-col w-full font-normal text-[18px] leading-[30px] text-tw-theme-text-default\">\n<p id=\"paragrafo-wipi39an1i\">A partir dessa ideia, Habermas formulou sua concep\u00e7\u00e3o de democracia deliberativa, segundo a qual a legitimidade das decis\u00f5es pol\u00edticas surge do entendimento alcan\u00e7ado entre cidad\u00e3os livres e iguais, e n\u00e3o da imposi\u00e7\u00e3o do poder ou de interesses econ\u00f4micos.<\/p>\n<\/div>\n<div class=\"flex flex-col w-full font-normal text-[18px] leading-[30px] text-tw-theme-text-default\">\n<p id=\"paragrafo-d330emd6yr\">Essa reflex\u00e3o foi aprofundada em Direito e Democracia: Entre Facticidade e Validade (1992), obra em que o autor analisou a rela\u00e7\u00e3o entre direitos individuais, soberania popular e participa\u00e7\u00e3o pol\u00edtica.<\/p>\n<\/div>\n<div class=\"flex flex-col w-full font-normal text-[18px] leading-[30px] text-tw-theme-text-default\">\n<p id=\"paragrafo-yc1a4pg41u\">Outro conceito central em sua obra \u00e9 o de \u201cesfera p\u00fablica\u201d, entendido como o espa\u00e7o de debate formado por discuss\u00f5es cotidianas, meios de comunica\u00e7\u00e3o e manifesta\u00e7\u00f5es pol\u00edticas.<\/p>\n<\/div>\n<div class=\"flex flex-col w-full font-normal text-[18px] leading-[30px] text-tw-theme-text-default\">\n<p id=\"paragrafo-tiyonnso5u\">Para Habermas, esse ambiente funciona como uma media\u00e7\u00e3o entre o Estado e a sociedade civil, sendo essencial para o funcionamento da democracia.<\/p>\n<\/div>\n","protected":false},"excerpt":{"rendered":"<p>O fil\u00f3sofo e soci\u00f3logo alem\u00e3o J\u00fcrgen Habermas, um dos principais pensadores contempor\u00e2neos sobre democracia e teoria social, morreu neste s\u00e1bado (14), aos 96 anos. A informa\u00e7\u00e3o foi confirmada pela editora Suhrkamp. Habermas morreu em sua resid\u00eancia em Starnberg, nos arredores de Munique, na Alemanha. A causa da morte n\u00e3o foi divulgada. Nascido em 18 de [&hellip;]<\/p>\n","protected":false},"author":1,"featured_media":84311,"comment_status":"open","ping_status":"open","sticky":false,"template":"","format":"standard","meta":{"_uag_custom_page_level_css":"","_monsterinsights_skip_tracking":false,"_monsterinsights_sitenote_active":false,"_monsterinsights_sitenote_note":"","_monsterinsights_sitenote_category":0,"jetpack_post_was_ever_published":false,"_jetpack_newsletter_access":"","_jetpack_dont_email_post_to_subs":false,"_jetpack_newsletter_tier_id":0,"_jetpack_memberships_contains_paywalled_content":false,"_jetpack_memberships_contains_paid_content":false,"footnotes":"","jetpack_publicize_message":"","jetpack_publicize_feature_enabled":true,"jetpack_social_post_already_shared":true,"jetpack_social_options":{"image_generator_settings":{"template":"highway","default_image_id":0,"font":"","enabled":false},"version":2}},"categories":[273],"tags":[],"class_list":["post-84309","post","type-post","status-publish","format-standard","has-post-thumbnail","hentry","category-mundo"],"jetpack_publicize_connections":[],"jetpack_featured_media_url":"https:\/\/blogopara.com.br\/wp-content\/uploads\/2026\/03\/Capturar-24.jpg","uagb_featured_image_src":{"full":["https:\/\/blogopara.com.br\/wp-content\/uploads\/2026\/03\/Capturar-24.jpg",490,514,false],"thumbnail":["https:\/\/blogopara.com.br\/wp-content\/uploads\/2026\/03\/Capturar-24-150x150.jpg",150,150,true],"medium":["https:\/\/blogopara.com.br\/wp-content\/uploads\/2026\/03\/Capturar-24-286x300.jpg",286,300,true],"medium_large":["https:\/\/blogopara.com.br\/wp-content\/uploads\/2026\/03\/Capturar-24.jpg",490,514,false],"large":["https:\/\/blogopara.com.br\/wp-content\/uploads\/2026\/03\/Capturar-24.jpg",490,514,false],"1536x1536":["https:\/\/blogopara.com.br\/wp-content\/uploads\/2026\/03\/Capturar-24.jpg",490,514,false],"2048x2048":["https:\/\/blogopara.com.br\/wp-content\/uploads\/2026\/03\/Capturar-24.jpg",490,514,false],"mantranews-slider-large":["https:\/\/blogopara.com.br\/wp-content\/uploads\/2026\/03\/Capturar-24.jpg",490,514,false],"mantranews-featured-medium":["https:\/\/blogopara.com.br\/wp-content\/uploads\/2026\/03\/Capturar-24-420x307.jpg",420,307,true],"mantranews-featured-long":["https:\/\/blogopara.com.br\/wp-content\/uploads\/2026\/03\/Capturar-24-300x443.jpg",300,443,true],"mantranews-block-medium":["https:\/\/blogopara.com.br\/wp-content\/uploads\/2026\/03\/Capturar-24-464x290.jpg",464,290,true],"mantranews-carousel-image":["https:\/\/blogopara.com.br\/wp-content\/uploads\/2026\/03\/Capturar-24-490x500.jpg",490,500,true],"mantranews-block-thumb":["https:\/\/blogopara.com.br\/wp-content\/uploads\/2026\/03\/Capturar-24-322x230.jpg",322,230,true],"mantranews-single-large":["https:\/\/blogopara.com.br\/wp-content\/uploads\/2026\/03\/Capturar-24.jpg",490,514,false]},"uagb_author_info":{"display_name":"Reda\u00e7\u00e3o geral","author_link":"https:\/\/blogopara.com.br\/index.php\/author\/blogopara"},"uagb_comment_info":0,"uagb_excerpt":"O fil\u00f3sofo e soci\u00f3logo alem\u00e3o J\u00fcrgen Habermas, um dos principais pensadores contempor\u00e2neos sobre democracia e teoria social, morreu neste s\u00e1bado (14), aos 96 anos. A informa\u00e7\u00e3o foi confirmada pela editora Suhrkamp. Habermas morreu em sua resid\u00eancia em Starnberg, nos arredores de Munique, na Alemanha. A causa da morte n\u00e3o foi divulgada. Nascido em 18 de&hellip;","jetpack_sharing_enabled":true,"jetpack_likes_enabled":true,"_links":{"self":[{"href":"https:\/\/blogopara.com.br\/index.php\/wp-json\/wp\/v2\/posts\/84309","targetHints":{"allow":["GET"]}}],"collection":[{"href":"https:\/\/blogopara.com.br\/index.php\/wp-json\/wp\/v2\/posts"}],"about":[{"href":"https:\/\/blogopara.com.br\/index.php\/wp-json\/wp\/v2\/types\/post"}],"author":[{"embeddable":true,"href":"https:\/\/blogopara.com.br\/index.php\/wp-json\/wp\/v2\/users\/1"}],"replies":[{"embeddable":true,"href":"https:\/\/blogopara.com.br\/index.php\/wp-json\/wp\/v2\/comments?post=84309"}],"version-history":[{"count":1,"href":"https:\/\/blogopara.com.br\/index.php\/wp-json\/wp\/v2\/posts\/84309\/revisions"}],"predecessor-version":[{"id":84312,"href":"https:\/\/blogopara.com.br\/index.php\/wp-json\/wp\/v2\/posts\/84309\/revisions\/84312"}],"wp:featuredmedia":[{"embeddable":true,"href":"https:\/\/blogopara.com.br\/index.php\/wp-json\/wp\/v2\/media\/84311"}],"wp:attachment":[{"href":"https:\/\/blogopara.com.br\/index.php\/wp-json\/wp\/v2\/media?parent=84309"}],"wp:term":[{"taxonomy":"category","embeddable":true,"href":"https:\/\/blogopara.com.br\/index.php\/wp-json\/wp\/v2\/categories?post=84309"},{"taxonomy":"post_tag","embeddable":true,"href":"https:\/\/blogopara.com.br\/index.php\/wp-json\/wp\/v2\/tags?post=84309"}],"curies":[{"name":"wp","href":"https:\/\/api.w.org\/{rel}","templated":true}]}}