{"id":84313,"date":"2026-03-15T12:11:08","date_gmt":"2026-03-15T15:11:08","guid":{"rendered":"https:\/\/blogopara.com.br\/?p=84313"},"modified":"2026-03-15T12:11:08","modified_gmt":"2026-03-15T15:11:08","slug":"juazeiropen-1a-feira-de-negocios-do-vale-do-sao-francisco-sera-realizada-em-abril-em-juazeiro","status":"publish","type":"post","link":"https:\/\/blogopara.com.br\/index.php\/2026\/03\/15\/juazeiropen-1a-feira-de-negocios-do-vale-do-sao-francisco-sera-realizada-em-abril-em-juazeiro","title":{"rendered":"JuazeirOpen: 1\u00aa Feira de Neg\u00f3cios do Vale do S\u00e3o Francisco ser\u00e1 realizada em abril em Juazeiro"},"content":{"rendered":"<p>A cidade de Juazeiro se prepara para receber a JuazeirOpen \u2013 1\u00aa Feira de Neg\u00f3cios do Vale do S\u00e3o Francisco, que acontece entre os dias 23 e 25 de abril, reunindo empreendedores, investidores e o p\u00fablico em geral em um grande ambiente de networking, inova\u00e7\u00e3o e oportunidades.<\/p>\n<p>Realizado pela Associa\u00e7\u00e3o Comercial, Empresarial e Agr\u00edcola de Juazeiro (Aciaj Juazeiro), o evento ser\u00e1 aberto ao p\u00fablico e ocupar\u00e1 um espa\u00e7o de cerca de 4 mil metros quadrados na Orla 2 de Juazeiro, reunindo aproximadamente 100 estandes de produtos e servi\u00e7os.<\/p>\n<p>A feira contar\u00e1 com diversos ambientes tem\u00e1ticos, como Alameda Financeira, Pavilh\u00e3o da Moda, Arena Kids, Pra\u00e7a de Alimenta\u00e7\u00e3o, Palco com Apresenta\u00e7\u00f5es Culturais e um Centro de Conviv\u00eancia, espa\u00e7o pensado para estimular encontros entre empres\u00e1rios, investidores e visitantes.<\/p>\n<p>Al\u00e9m da \u00e1rea expositiva, a programa\u00e7\u00e3o inclui palestras e pain\u00e9is voltados a temas estrat\u00e9gicos como agroneg\u00f3cio, tecnologia, turismo, sustentabilidade, empreendedorismo e economia, criando um ambiente de troca de conhecimento e fortalecimento das cadeias produtivas da regi\u00e3o.<\/p>\n<p>De acordo com o presidente da Aciaj Juazeiro, George Falc\u00e3o, a proposta \u00e9 consolidar um espa\u00e7o de integra\u00e7\u00e3o econ\u00f4mica e valoriza\u00e7\u00e3o das potencialidades do territ\u00f3rio.<\/p>\n<p>&#8220;A JuazeirOpen nasce com o prop\u00f3sito de conectar empresas, estimular neg\u00f3cios e mostrar a for\u00e7a econ\u00f4mica e criativa do Vale do S\u00e3o Francisco. Ser\u00e1 uma grande vitrine para a produ\u00e7\u00e3o regional e um ambiente de oportunidades para quem empreende e investe na regi\u00e3o&#8221;, destaca.<\/p>\n<p>A JuazeirOpen pretende se consolidar como um ambiente din\u00e2mico e interativo, promovendo experi\u00eancias para o p\u00fablico e fortalecendo a visibilidade do Vale do S\u00e3o Francisco como polo de desenvolvimento, inova\u00e7\u00e3o e empreendedorismo.<\/p>\n<p>&nbsp;<\/p>\n<p>Ascom Aciaj Juazeiro<\/p>\n","protected":false},"excerpt":{"rendered":"<p>A cidade de Juazeiro se prepara para receber a JuazeirOpen \u2013 1\u00aa Feira de Neg\u00f3cios do Vale do S\u00e3o Francisco, que acontece entre os dias 23 e 25 de abril, reunindo empreendedores, investidores e o p\u00fablico em geral em um grande ambiente de networking, inova\u00e7\u00e3o e oportunidades. Realizado pela Associa\u00e7\u00e3o Comercial, Empresarial e Agr\u00edcola de [&hellip;]<\/p>\n","protected":false},"author":1,"featured_media":84314,"comment_status":"open","ping_status":"open","sticky":false,"template":"","format":"standard","meta":{"_uag_custom_page_level_css":"","_monsterinsights_skip_tracking":false,"_monsterinsights_sitenote_active":false,"_monsterinsights_sitenote_note":"","_monsterinsights_sitenote_category":0,"jetpack_post_was_ever_published":false,"_jetpack_newsletter_access":"","_jetpack_dont_email_post_to_subs":false,"_jetpack_newsletter_tier_id":0,"_jetpack_memberships_contains_paywalled_content":false,"_jetpack_memberships_contains_paid_content":false,"footnotes":"","jetpack_publicize_message":"","jetpack_publicize_feature_enabled":true,"jetpack_social_post_already_shared":true,"jetpack_social_options":{"image_generator_settings":{"template":"highway","default_image_id":0,"font":"","enabled":false},"version":2}},"categories":[203],"tags":[],"class_list":["post-84313","post","type-post","status-publish","format-standard","has-post-thumbnail","hentry","category-juazeiro"],"jetpack_publicize_connections":[],"jetpack_featured_media_url":"https:\/\/blogopara.com.br\/wp-content\/uploads\/2026\/03\/ajuaz2.jpg","uagb_featured_image_src":{"full":["https:\/\/blogopara.com.br\/wp-content\/uploads\/2026\/03\/ajuaz2.jpg",500,425,false],"thumbnail":["https:\/\/blogopara.com.br\/wp-content\/uploads\/2026\/03\/ajuaz2-150x150.jpg",150,150,true],"medium":["https:\/\/blogopara.com.br\/wp-content\/uploads\/2026\/03\/ajuaz2-300x255.jpg",300,255,true],"medium_large":["https:\/\/blogopara.com.br\/wp-content\/uploads\/2026\/03\/ajuaz2.jpg",500,425,false],"large":["https:\/\/blogopara.com.br\/wp-content\/uploads\/2026\/03\/ajuaz2.jpg",500,425,false],"1536x1536":["https:\/\/blogopara.com.br\/wp-content\/uploads\/2026\/03\/ajuaz2.jpg",500,425,false],"2048x2048":["https:\/\/blogopara.com.br\/wp-content\/uploads\/2026\/03\/ajuaz2.jpg",500,425,false],"mantranews-slider-large":["https:\/\/blogopara.com.br\/wp-content\/uploads\/2026\/03\/ajuaz2.jpg",500,425,false],"mantranews-featured-medium":["https:\/\/blogopara.com.br\/wp-content\/uploads\/2026\/03\/ajuaz2-420x307.jpg",420,307,true],"mantranews-featured-long":["https:\/\/blogopara.com.br\/wp-content\/uploads\/2026\/03\/ajuaz2-300x425.jpg",300,425,true],"mantranews-block-medium":["https:\/\/blogopara.com.br\/wp-content\/uploads\/2026\/03\/ajuaz2-464x290.jpg",464,290,true],"mantranews-carousel-image":["https:\/\/blogopara.com.br\/wp-content\/uploads\/2026\/03\/ajuaz2.jpg",500,425,false],"mantranews-block-thumb":["https:\/\/blogopara.com.br\/wp-content\/uploads\/2026\/03\/ajuaz2-322x230.jpg",322,230,true],"mantranews-single-large":["https:\/\/blogopara.com.br\/wp-content\/uploads\/2026\/03\/ajuaz2.jpg",500,425,false]},"uagb_author_info":{"display_name":"Reda\u00e7\u00e3o geral","author_link":"https:\/\/blogopara.com.br\/index.php\/author\/blogopara"},"uagb_comment_info":0,"uagb_excerpt":"A cidade de Juazeiro se prepara para receber a JuazeirOpen \u2013 1\u00aa Feira de Neg\u00f3cios do Vale do S\u00e3o Francisco, que acontece entre os dias 23 e 25 de abril, reunindo empreendedores, investidores e o p\u00fablico em geral em um grande ambiente de networking, inova\u00e7\u00e3o e oportunidades. Realizado pela Associa\u00e7\u00e3o Comercial, Empresarial e Agr\u00edcola de&hellip;","jetpack_sharing_enabled":true,"jetpack_likes_enabled":true,"_links":{"self":[{"href":"https:\/\/blogopara.com.br\/index.php\/wp-json\/wp\/v2\/posts\/84313","targetHints":{"allow":["GET"]}}],"collection":[{"href":"https:\/\/blogopara.com.br\/index.php\/wp-json\/wp\/v2\/posts"}],"about":[{"href":"https:\/\/blogopara.com.br\/index.php\/wp-json\/wp\/v2\/types\/post"}],"author":[{"embeddable":true,"href":"https:\/\/blogopara.com.br\/index.php\/wp-json\/wp\/v2\/users\/1"}],"replies":[{"embeddable":true,"href":"https:\/\/blogopara.com.br\/index.php\/wp-json\/wp\/v2\/comments?post=84313"}],"version-history":[{"count":1,"href":"https:\/\/blogopara.com.br\/index.php\/wp-json\/wp\/v2\/posts\/84313\/revisions"}],"predecessor-version":[{"id":84315,"href":"https:\/\/blogopara.com.br\/index.php\/wp-json\/wp\/v2\/posts\/84313\/revisions\/84315"}],"wp:featuredmedia":[{"embeddable":true,"href":"https:\/\/blogopara.com.br\/index.php\/wp-json\/wp\/v2\/media\/84314"}],"wp:attachment":[{"href":"https:\/\/blogopara.com.br\/index.php\/wp-json\/wp\/v2\/media?parent=84313"}],"wp:term":[{"taxonomy":"category","embeddable":true,"href":"https:\/\/blogopara.com.br\/index.php\/wp-json\/wp\/v2\/categories?post=84313"},{"taxonomy":"post_tag","embeddable":true,"href":"https:\/\/blogopara.com.br\/index.php\/wp-json\/wp\/v2\/tags?post=84313"}],"curies":[{"name":"wp","href":"https:\/\/api.w.org\/{rel}","templated":true}]}}