{"id":84316,"date":"2026-03-15T12:14:06","date_gmt":"2026-03-15T15:14:06","guid":{"rendered":"https:\/\/blogopara.com.br\/?p=84316"},"modified":"2026-03-15T12:14:06","modified_gmt":"2026-03-15T15:14:06","slug":"prefeitura-de-juazeiro-fortalece-tradicao-dos-penitentes-com-entrega-de-mantimentos-durante-a-quaresma","status":"publish","type":"post","link":"https:\/\/blogopara.com.br\/index.php\/2026\/03\/15\/prefeitura-de-juazeiro-fortalece-tradicao-dos-penitentes-com-entrega-de-mantimentos-durante-a-quaresma","title":{"rendered":"Prefeitura de Juazeiro fortalece tradi\u00e7\u00e3o dos penitentes com entrega de mantimentos durante a quaresma"},"content":{"rendered":"<div class=\"post-header-area\"><span style=\"font-size: 1rem;\">A Prefeitura de Juazeiro, por meio da Secretaria de Desenvolvimento Social, Diversidade, Igualdade Racial e Combate \u00e0 Fome (Sedes), segue fortalecendo uma das manifesta\u00e7\u00f5es mais tradicionais da cultura e religiosidade popular do munic\u00edpio: a penit\u00eancia. Nesta sexta-feira (13), a gest\u00e3o realizou a entrega de mantimentos para representantes dos grupos penitentes, reafirmando o compromisso com a preserva\u00e7\u00e3o dessa tradi\u00e7\u00e3o centen\u00e1ria.<\/span><\/div>\n<div class=\"post-content-area\">\n<p>Participaram da a\u00e7\u00e3o Jesulene Ribeiro, conhecida como Dona Nenezinha, do cord\u00e3o de alimentadeiras de almas, e Nonato de Souza, do cord\u00e3o de disciplinadores, dois nomes importantes na manuten\u00e7\u00e3o do movimento em Juazeiro. A iniciativa faz parte de um conjunto de a\u00e7\u00f5es desenvolvidas pela Sedes em apoio aos penitentes durante o per\u00edodo da quaresma. Al\u00e9m da entrega de mantimentos, a secretaria tamb\u00e9m tem promovido lanches coletivos para os membros dos cord\u00f5es, disponibiliza\u00e7\u00e3o de materiais religiosos e transporte para ida e volta dos participantes.<\/p>\n<p>Em Juazeiro, a tradi\u00e7\u00e3o dos penitentes teve in\u00edcio em 1901 e, desde ent\u00e3o, mobiliza homens e mulheres de diferentes idades, que saem \u00e0s ruas nas noites de segunda, quarta e sexta-feira, cobertos por vestes brancas, conhecidas como mortalhas. Em um ritual marcado pela f\u00e9 e pela devo\u00e7\u00e3o, os penitentes rezam pelos mortos, entoam &#8220;benditos&#8221; e intercedem pelas almas, mantendo viva uma pr\u00e1tica que faz parte da identidade cultural do munic\u00edpio.<\/p>\n<p>Com o passar dos anos, no entanto, a manifesta\u00e7\u00e3o tem enfrentado o desafio da diminui\u00e7\u00e3o no n\u00famero de adeptos. Diante disso, a Prefeitura de Juazeiro tem buscado oferecer apoio e melhores condi\u00e7\u00f5es para que a tradi\u00e7\u00e3o continue sendo vivenciada e transmitida \u00e0s novas gera\u00e7\u00f5es. &#8220;Enquanto gest\u00e3o, estamos fazendo o poss\u00edvel para que possamos garantir essa tradi\u00e7\u00e3o viva dentro de Juazeiro&#8221;, destaca Ermerson Oliveira, o Pai Bimbo, coordenador de Pol\u00edticas de Igualdade Racial e Povos Tradicionais da Sedes.<\/p>\n<p>Para Dona Nenezinha, o apoio da gest\u00e3o \u00e9 essencial para a continuidade do movimento, especialmente por envolver pessoas em situa\u00e7\u00e3o de vulnerabilidade social. &#8220;Eu luto com pessoas carentes e o apoio da Sedes \u00e9 muito importante&#8221;, afirma.<\/p>\n<p>Por meio de a\u00e7\u00f5es de valoriza\u00e7\u00e3o, incentivo e cuidado com os grupos tradicionais, a Prefeitura de Juazeiro reafirma seu compromisso com a preserva\u00e7\u00e3o da cultura popular, reconhecendo nos penitentes uma express\u00e3o de f\u00e9, mem\u00f3ria e resist\u00eancia.<\/p>\n<p>&nbsp;<\/p>\n<p>Vict\u00f3ria Resende \/ ASCOM PMJ<\/p><\/div>\n","protected":false},"excerpt":{"rendered":"<p>A Prefeitura de Juazeiro, por meio da Secretaria de Desenvolvimento Social, Diversidade, Igualdade Racial e Combate \u00e0 Fome (Sedes), segue fortalecendo uma das manifesta\u00e7\u00f5es mais tradicionais da cultura e religiosidade popular do munic\u00edpio: a penit\u00eancia. Nesta sexta-feira (13), a gest\u00e3o realizou a entrega de mantimentos para representantes dos grupos penitentes, reafirmando o compromisso com a [&hellip;]<\/p>\n","protected":false},"author":1,"featured_media":84319,"comment_status":"open","ping_status":"open","sticky":false,"template":"","format":"standard","meta":{"_uag_custom_page_level_css":"","_monsterinsights_skip_tracking":false,"_monsterinsights_sitenote_active":false,"_monsterinsights_sitenote_note":"","_monsterinsights_sitenote_category":0,"jetpack_post_was_ever_published":false,"_jetpack_newsletter_access":"","_jetpack_dont_email_post_to_subs":false,"_jetpack_newsletter_tier_id":0,"_jetpack_memberships_contains_paywalled_content":false,"_jetpack_memberships_contains_paid_content":false,"footnotes":"","jetpack_publicize_message":"","jetpack_publicize_feature_enabled":true,"jetpack_social_post_already_shared":true,"jetpack_social_options":{"image_generator_settings":{"template":"highway","default_image_id":0,"font":"","enabled":false},"version":2}},"categories":[204],"tags":[],"class_list":["post-84316","post","type-post","status-publish","format-standard","has-post-thumbnail","hentry","category-social"],"jetpack_publicize_connections":[],"jetpack_featured_media_url":"https:\/\/blogopara.com.br\/wp-content\/uploads\/2026\/03\/WhatsApp-Image-2026-03-14-at-15_54_49.jpeg","uagb_featured_image_src":{"full":["https:\/\/blogopara.com.br\/wp-content\/uploads\/2026\/03\/WhatsApp-Image-2026-03-14-at-15_54_49.jpeg",500,375,false],"thumbnail":["https:\/\/blogopara.com.br\/wp-content\/uploads\/2026\/03\/WhatsApp-Image-2026-03-14-at-15_54_49-150x150.jpeg",150,150,true],"medium":["https:\/\/blogopara.com.br\/wp-content\/uploads\/2026\/03\/WhatsApp-Image-2026-03-14-at-15_54_49-300x225.jpeg",300,225,true],"medium_large":["https:\/\/blogopara.com.br\/wp-content\/uploads\/2026\/03\/WhatsApp-Image-2026-03-14-at-15_54_49.jpeg",500,375,false],"large":["https:\/\/blogopara.com.br\/wp-content\/uploads\/2026\/03\/WhatsApp-Image-2026-03-14-at-15_54_49.jpeg",500,375,false],"1536x1536":["https:\/\/blogopara.com.br\/wp-content\/uploads\/2026\/03\/WhatsApp-Image-2026-03-14-at-15_54_49.jpeg",500,375,false],"2048x2048":["https:\/\/blogopara.com.br\/wp-content\/uploads\/2026\/03\/WhatsApp-Image-2026-03-14-at-15_54_49.jpeg",500,375,false],"mantranews-slider-large":["https:\/\/blogopara.com.br\/wp-content\/uploads\/2026\/03\/WhatsApp-Image-2026-03-14-at-15_54_49.jpeg",500,375,false],"mantranews-featured-medium":["https:\/\/blogopara.com.br\/wp-content\/uploads\/2026\/03\/WhatsApp-Image-2026-03-14-at-15_54_49-420x307.jpeg",420,307,true],"mantranews-featured-long":["https:\/\/blogopara.com.br\/wp-content\/uploads\/2026\/03\/WhatsApp-Image-2026-03-14-at-15_54_49-300x375.jpeg",300,375,true],"mantranews-block-medium":["https:\/\/blogopara.com.br\/wp-content\/uploads\/2026\/03\/WhatsApp-Image-2026-03-14-at-15_54_49-464x290.jpeg",464,290,true],"mantranews-carousel-image":["https:\/\/blogopara.com.br\/wp-content\/uploads\/2026\/03\/WhatsApp-Image-2026-03-14-at-15_54_49.jpeg",500,375,false],"mantranews-block-thumb":["https:\/\/blogopara.com.br\/wp-content\/uploads\/2026\/03\/WhatsApp-Image-2026-03-14-at-15_54_49-322x230.jpeg",322,230,true],"mantranews-single-large":["https:\/\/blogopara.com.br\/wp-content\/uploads\/2026\/03\/WhatsApp-Image-2026-03-14-at-15_54_49.jpeg",500,375,false]},"uagb_author_info":{"display_name":"Reda\u00e7\u00e3o geral","author_link":"https:\/\/blogopara.com.br\/index.php\/author\/blogopara"},"uagb_comment_info":0,"uagb_excerpt":"A Prefeitura de Juazeiro, por meio da Secretaria de Desenvolvimento Social, Diversidade, Igualdade Racial e Combate \u00e0 Fome (Sedes), segue fortalecendo uma das manifesta\u00e7\u00f5es mais tradicionais da cultura e religiosidade popular do munic\u00edpio: a penit\u00eancia. Nesta sexta-feira (13), a gest\u00e3o realizou a entrega de mantimentos para representantes dos grupos penitentes, reafirmando o compromisso com a&hellip;","jetpack_sharing_enabled":true,"jetpack_likes_enabled":true,"_links":{"self":[{"href":"https:\/\/blogopara.com.br\/index.php\/wp-json\/wp\/v2\/posts\/84316","targetHints":{"allow":["GET"]}}],"collection":[{"href":"https:\/\/blogopara.com.br\/index.php\/wp-json\/wp\/v2\/posts"}],"about":[{"href":"https:\/\/blogopara.com.br\/index.php\/wp-json\/wp\/v2\/types\/post"}],"author":[{"embeddable":true,"href":"https:\/\/blogopara.com.br\/index.php\/wp-json\/wp\/v2\/users\/1"}],"replies":[{"embeddable":true,"href":"https:\/\/blogopara.com.br\/index.php\/wp-json\/wp\/v2\/comments?post=84316"}],"version-history":[{"count":2,"href":"https:\/\/blogopara.com.br\/index.php\/wp-json\/wp\/v2\/posts\/84316\/revisions"}],"predecessor-version":[{"id":84321,"href":"https:\/\/blogopara.com.br\/index.php\/wp-json\/wp\/v2\/posts\/84316\/revisions\/84321"}],"wp:featuredmedia":[{"embeddable":true,"href":"https:\/\/blogopara.com.br\/index.php\/wp-json\/wp\/v2\/media\/84319"}],"wp:attachment":[{"href":"https:\/\/blogopara.com.br\/index.php\/wp-json\/wp\/v2\/media?parent=84316"}],"wp:term":[{"taxonomy":"category","embeddable":true,"href":"https:\/\/blogopara.com.br\/index.php\/wp-json\/wp\/v2\/categories?post=84316"},{"taxonomy":"post_tag","embeddable":true,"href":"https:\/\/blogopara.com.br\/index.php\/wp-json\/wp\/v2\/tags?post=84316"}],"curies":[{"name":"wp","href":"https:\/\/api.w.org\/{rel}","templated":true}]}}