{"id":84333,"date":"2026-03-16T10:03:51","date_gmt":"2026-03-16T13:03:51","guid":{"rendered":"https:\/\/blogopara.com.br\/?p=84333"},"modified":"2026-03-16T10:03:51","modified_gmt":"2026-03-16T13:03:51","slug":"motorista-desce-de-carro-e-espanca-casal-de-idosos-apos-alerta-sobre-contramao-no-transito","status":"publish","type":"post","link":"https:\/\/blogopara.com.br\/index.php\/2026\/03\/16\/motorista-desce-de-carro-e-espanca-casal-de-idosos-apos-alerta-sobre-contramao-no-transito","title":{"rendered":"Motorista desce de carro e espanca casal de idosos ap\u00f3s alerta sobre contram\u00e3o no tr\u00e2nsito"},"content":{"rendered":"<div class=\"flex flex-col w-full font-normal text-[18px] leading-[30px] text-tw-theme-text-default\">\n<p id=\"paragrafo-fnnol8cne1\">A Pol\u00edcia Civil de Goi\u00e1s investiga as circunst\u00e2ncias de uma briga de tr\u00e2nsito que terminou com um idoso gravemente ferido na cidade de An\u00e1polis, na regi\u00e3o central de Goi\u00e1s. O caso ocorreu no \u00faltimo dia 6, no bairro Parque Residencial das Flores, e foi registrado por c\u00e2meras de seguran\u00e7a da regi\u00e3o, de acordo com inofrma\u00e7\u00f5es da TV Anhanguera.<\/p>\n<\/div>\n<div class=\"flex flex-col w-full font-normal text-[18px] leading-[30px] text-tw-theme-text-default\">\n<p id=\"paragrafo-nbccmlw4fy\">A confus\u00e3o come\u00e7ou quando o idoso tentou alertar um motorista de que ele estava entrando em uma rua na contram\u00e3o. Neste momento, o passageiro do ve\u00edculo \u2014 um jovem de 18 anos, apontado como filho do condutor \u2014 desceu do carro e passou a agredir o homem com socos e chutes.<\/p>\n<\/div>\n<div class=\"flex flex-col w-full font-normal text-[18px] leading-[30px] text-tw-theme-text-default\">\n<p id=\"paragrafo-dfmo1v64z0\">Durante a agress\u00e3o, o idoso sofreu fratura na mand\u00edbula e deslocamento de retina, ficando com ferimentos considerados graves. A esposa da v\u00edtima tentou intervir para interromper o ataque, mas tamb\u00e9m acabou sendo atingida durante a confus\u00e3o.<\/p>\n<\/div>\n<div class=\"flex flex-col w-full font-normal text-[18px] leading-[30px] text-tw-theme-text-default\">\n<p id=\"paragrafo-w1mmwg9zou\">Segundo a pol\u00edcia, o agressor e o pai dele deixaram o local ap\u00f3s as agress\u00f5es. Ambos foram posteriormente identificados e j\u00e1 prestaram depoimento \u00e0 autoridade policial respons\u00e1vel pela investiga\u00e7\u00e3o.<\/p>\n<\/div>\n<div class=\"flex flex-col w-full font-normal text-[18px] leading-[30px] text-tw-theme-text-default\">\n<p id=\"paragrafo-j1e4p9an2m\">Em nota, a Pol\u00edcia Civil de Goi\u00e1s informou que um inqu\u00e9rito foi instaurado para apurar todos os detalhes do caso. As v\u00edtimas passaram por exames de corpo de delito e seguem sendo acompanhadas.<\/p>\n<\/div>\n<div class=\"flex flex-col w-full font-normal text-[18px] leading-[30px] text-tw-theme-text-default\">\n<p id=\"paragrafo-igmy7soq4s\">As investiga\u00e7\u00f5es est\u00e3o sob responsabilidade da Delegacia Especializada de Atendimento ao Idoso de An\u00e1polis, que trabalha para esclarecer as circunst\u00e2ncias da agress\u00e3o e definir as responsabilidades criminais dos envolvidos.<\/p>\n<\/div>\n","protected":false},"excerpt":{"rendered":"<p>A Pol\u00edcia Civil de Goi\u00e1s investiga as circunst\u00e2ncias de uma briga de tr\u00e2nsito que terminou com um idoso gravemente ferido na cidade de An\u00e1polis, na regi\u00e3o central de Goi\u00e1s. O caso ocorreu no \u00faltimo dia 6, no bairro Parque Residencial das Flores, e foi registrado por c\u00e2meras de seguran\u00e7a da regi\u00e3o, de acordo com inofrma\u00e7\u00f5es [&hellip;]<\/p>\n","protected":false},"author":1,"featured_media":84334,"comment_status":"open","ping_status":"open","sticky":false,"template":"","format":"standard","meta":{"_uag_custom_page_level_css":"","_monsterinsights_skip_tracking":false,"_monsterinsights_sitenote_active":false,"_monsterinsights_sitenote_note":"","_monsterinsights_sitenote_category":0,"jetpack_post_was_ever_published":false,"_jetpack_newsletter_access":"","_jetpack_dont_email_post_to_subs":false,"_jetpack_newsletter_tier_id":0,"_jetpack_memberships_contains_paywalled_content":false,"_jetpack_memberships_contains_paid_content":false,"footnotes":"","jetpack_publicize_message":"","jetpack_publicize_feature_enabled":true,"jetpack_social_post_already_shared":true,"jetpack_social_options":{"image_generator_settings":{"template":"highway","default_image_id":0,"font":"","enabled":false},"version":2}},"categories":[202],"tags":[],"class_list":["post-84333","post","type-post","status-publish","format-standard","has-post-thumbnail","hentry","category-policia"],"jetpack_publicize_connections":[],"jetpack_featured_media_url":"https:\/\/blogopara.com.br\/wp-content\/uploads\/2026\/03\/Captura-de-tela-2026-03-16-100303.jpg","uagb_featured_image_src":{"full":["https:\/\/blogopara.com.br\/wp-content\/uploads\/2026\/03\/Captura-de-tela-2026-03-16-100303.jpg",500,335,false],"thumbnail":["https:\/\/blogopara.com.br\/wp-content\/uploads\/2026\/03\/Captura-de-tela-2026-03-16-100303-150x150.jpg",150,150,true],"medium":["https:\/\/blogopara.com.br\/wp-content\/uploads\/2026\/03\/Captura-de-tela-2026-03-16-100303-300x201.jpg",300,201,true],"medium_large":["https:\/\/blogopara.com.br\/wp-content\/uploads\/2026\/03\/Captura-de-tela-2026-03-16-100303.jpg",500,335,false],"large":["https:\/\/blogopara.com.br\/wp-content\/uploads\/2026\/03\/Captura-de-tela-2026-03-16-100303.jpg",500,335,false],"1536x1536":["https:\/\/blogopara.com.br\/wp-content\/uploads\/2026\/03\/Captura-de-tela-2026-03-16-100303.jpg",500,335,false],"2048x2048":["https:\/\/blogopara.com.br\/wp-content\/uploads\/2026\/03\/Captura-de-tela-2026-03-16-100303.jpg",500,335,false],"mantranews-slider-large":["https:\/\/blogopara.com.br\/wp-content\/uploads\/2026\/03\/Captura-de-tela-2026-03-16-100303.jpg",500,335,false],"mantranews-featured-medium":["https:\/\/blogopara.com.br\/wp-content\/uploads\/2026\/03\/Captura-de-tela-2026-03-16-100303-420x307.jpg",420,307,true],"mantranews-featured-long":["https:\/\/blogopara.com.br\/wp-content\/uploads\/2026\/03\/Captura-de-tela-2026-03-16-100303-300x335.jpg",300,335,true],"mantranews-block-medium":["https:\/\/blogopara.com.br\/wp-content\/uploads\/2026\/03\/Captura-de-tela-2026-03-16-100303-464x290.jpg",464,290,true],"mantranews-carousel-image":["https:\/\/blogopara.com.br\/wp-content\/uploads\/2026\/03\/Captura-de-tela-2026-03-16-100303.jpg",500,335,false],"mantranews-block-thumb":["https:\/\/blogopara.com.br\/wp-content\/uploads\/2026\/03\/Captura-de-tela-2026-03-16-100303-322x230.jpg",322,230,true],"mantranews-single-large":["https:\/\/blogopara.com.br\/wp-content\/uploads\/2026\/03\/Captura-de-tela-2026-03-16-100303.jpg",500,335,false]},"uagb_author_info":{"display_name":"Reda\u00e7\u00e3o geral","author_link":"https:\/\/blogopara.com.br\/index.php\/author\/blogopara"},"uagb_comment_info":0,"uagb_excerpt":"A Pol\u00edcia Civil de Goi\u00e1s investiga as circunst\u00e2ncias de uma briga de tr\u00e2nsito que terminou com um idoso gravemente ferido na cidade de An\u00e1polis, na regi\u00e3o central de Goi\u00e1s. O caso ocorreu no \u00faltimo dia 6, no bairro Parque Residencial das Flores, e foi registrado por c\u00e2meras de seguran\u00e7a da regi\u00e3o, de acordo com inofrma\u00e7\u00f5es&hellip;","jetpack_sharing_enabled":true,"jetpack_likes_enabled":true,"_links":{"self":[{"href":"https:\/\/blogopara.com.br\/index.php\/wp-json\/wp\/v2\/posts\/84333","targetHints":{"allow":["GET"]}}],"collection":[{"href":"https:\/\/blogopara.com.br\/index.php\/wp-json\/wp\/v2\/posts"}],"about":[{"href":"https:\/\/blogopara.com.br\/index.php\/wp-json\/wp\/v2\/types\/post"}],"author":[{"embeddable":true,"href":"https:\/\/blogopara.com.br\/index.php\/wp-json\/wp\/v2\/users\/1"}],"replies":[{"embeddable":true,"href":"https:\/\/blogopara.com.br\/index.php\/wp-json\/wp\/v2\/comments?post=84333"}],"version-history":[{"count":1,"href":"https:\/\/blogopara.com.br\/index.php\/wp-json\/wp\/v2\/posts\/84333\/revisions"}],"predecessor-version":[{"id":84335,"href":"https:\/\/blogopara.com.br\/index.php\/wp-json\/wp\/v2\/posts\/84333\/revisions\/84335"}],"wp:featuredmedia":[{"embeddable":true,"href":"https:\/\/blogopara.com.br\/index.php\/wp-json\/wp\/v2\/media\/84334"}],"wp:attachment":[{"href":"https:\/\/blogopara.com.br\/index.php\/wp-json\/wp\/v2\/media?parent=84333"}],"wp:term":[{"taxonomy":"category","embeddable":true,"href":"https:\/\/blogopara.com.br\/index.php\/wp-json\/wp\/v2\/categories?post=84333"},{"taxonomy":"post_tag","embeddable":true,"href":"https:\/\/blogopara.com.br\/index.php\/wp-json\/wp\/v2\/tags?post=84333"}],"curies":[{"name":"wp","href":"https:\/\/api.w.org\/{rel}","templated":true}]}}