{"id":84336,"date":"2026-03-16T10:08:30","date_gmt":"2026-03-16T13:08:30","guid":{"rendered":"https:\/\/blogopara.com.br\/?p=84336"},"modified":"2026-03-16T10:08:30","modified_gmt":"2026-03-16T13:08:30","slug":"wagner-moura-perde-oscar-de-melhor-ator-mas-faz-historia-para-o-brasil","status":"publish","type":"post","link":"https:\/\/blogopara.com.br\/index.php\/2026\/03\/16\/wagner-moura-perde-oscar-de-melhor-ator-mas-faz-historia-para-o-brasil","title":{"rendered":"Wagner Moura perde Oscar de Melhor Ator, mas faz hist\u00f3ria para o Brasil"},"content":{"rendered":"<div class=\"flex flex-col w-full font-normal text-[18px] leading-[30px] text-tw-theme-text-default\">\n<p id=\"paragrafo-e9h884lofv\">O ator Wagner Moura n\u00e3o levou o Oscar de Melhor Ator na cerim\u00f4nia deste domingo (15), mas entrou para a hist\u00f3ria do cinema brasileiro ao se tornar o primeiro brasileiro indicado \u00e0 categoria.<\/p>\n<\/div>\n<div class=\"flex flex-col w-full font-normal text-[18px] leading-[30px] text-tw-theme-text-default\">\n<p id=\"paragrafo-20ufmofhyz\">Moura concorreu pelo papel principal em O Agente Secreto, longa dirigido por Kleber Mendon\u00e7a Filho e ambientado no Recife durante a ditadura militar.<\/p>\n<\/div>\n<div class=\"flex flex-col w-full\">\n<h2 id=\"intertitulo-eszg2jgnxo\" class=\"font-family-secondary text-tw-theme-box-titulo-default text-[26px] leading-[38px] font-bold md:text-[31px]\">Indica\u00e7\u00e3o hist\u00f3rica<\/h2>\n<\/div>\n<div class=\"flex flex-col w-full font-normal text-[18px] leading-[30px] text-tw-theme-text-default\">\n<p id=\"paragrafo-6z30bai5b0\">Mesmo sem a vit\u00f3ria, a presen\u00e7a de Wagner Moura entre os indicados representa um marco para o cinema nacional.<\/p>\n<\/div>\n<div class=\"flex flex-col w-full font-normal text-[18px] leading-[30px] text-tw-theme-text-default\">\n<p id=\"paragrafo-t76lkm9wan\">O ator j\u00e1 vinha sendo apontado como um dos favoritos ap\u00f3s conquistar o Globo de Ouro de Melhor Ator em drama pelo mesmo papel e receber elogios da cr\u00edtica internacional.<\/p>\n<\/div>\n<div class=\"flex flex-col w-full font-normal text-[18px] leading-[30px] text-tw-theme-text-default\">\n<p id=\"paragrafo-enbcjlye5s\">A indica\u00e7\u00e3o tamb\u00e9m refor\u00e7a o reconhecimento do cinema brasileiro em Hollywood, que vive um momento de destaque ap\u00f3s recentes sucessos em festivais e premia\u00e7\u00f5es internacionais.<\/p>\n<\/div>\n<div class=\"flex flex-col w-full\">\n<h2 id=\"intertitulo-nk6ncnhsgj\" class=\"font-family-secondary text-tw-theme-box-titulo-default text-[26px] leading-[38px] font-bold md:text-[31px]\">Filme brasileiro em destaque<\/h2>\n<\/div>\n<div class=\"flex flex-col w-full font-normal text-[18px] leading-[30px] text-tw-theme-text-default\">\n<p id=\"paragrafo-roniytnnh1\">O Agente Secreto chegou ao Oscar em 2026 com quatro indica\u00e7\u00f5es, incluindo Melhor Filme Internacional e Melhor Filme.<\/p>\n<\/div>\n<div class=\"flex flex-col w-full font-normal text-[18px] leading-[30px] text-tw-theme-text-default\">\n<p id=\"paragrafo-vt4qe7mjj9\">O longa acompanha a hist\u00f3ria de um homem que assume uma nova identidade em meio ao regime militar brasileiro, enquanto tenta recuperar mem\u00f3rias e compreender o passado.<\/p>\n<\/div>\n<div class=\"flex flex-col w-full\">\n<h2 id=\"intertitulo-d78rz49t37\" class=\"font-family-secondary text-tw-theme-box-titulo-default text-[26px] leading-[38px] font-bold md:text-[31px]\">Repercuss\u00e3o no Brasil<\/h2>\n<\/div>\n<div class=\"flex flex-col w-full font-normal text-[18px] leading-[30px] text-tw-theme-text-default\">\n<p id=\"paragrafo-6kl3mwp80u\">Mesmo sem a estatueta, a indica\u00e7\u00e3o de Wagner Moura foi celebrada por artistas, cineastas e f\u00e3s nas redes sociais.<\/p>\n<\/div>\n<div class=\"flex flex-col w-full font-normal text-[18px] leading-[30px] text-tw-theme-text-default\">\n<p id=\"paragrafo-e9mtotrz0c\">Para muitos cr\u00edticos, o feito j\u00e1 representa um avan\u00e7o hist\u00f3rico para a presen\u00e7a brasileira na principal premia\u00e7\u00e3o do cinema mundial.<\/p>\n<\/div>\n","protected":false},"excerpt":{"rendered":"<p>O ator Wagner Moura n\u00e3o levou o Oscar de Melhor Ator na cerim\u00f4nia deste domingo (15), mas entrou para a hist\u00f3ria do cinema brasileiro ao se tornar o primeiro brasileiro indicado \u00e0 categoria. Moura concorreu pelo papel principal em O Agente Secreto, longa dirigido por Kleber Mendon\u00e7a Filho e ambientado no Recife durante a ditadura [&hellip;]<\/p>\n","protected":false},"author":1,"featured_media":84337,"comment_status":"open","ping_status":"open","sticky":false,"template":"","format":"standard","meta":{"_uag_custom_page_level_css":"","_monsterinsights_skip_tracking":false,"_monsterinsights_sitenote_active":false,"_monsterinsights_sitenote_note":"","_monsterinsights_sitenote_category":0,"jetpack_post_was_ever_published":false,"_jetpack_newsletter_access":"","_jetpack_dont_email_post_to_subs":false,"_jetpack_newsletter_tier_id":0,"_jetpack_memberships_contains_paywalled_content":false,"_jetpack_memberships_contains_paid_content":false,"footnotes":"","jetpack_publicize_message":"","jetpack_publicize_feature_enabled":true,"jetpack_social_post_already_shared":true,"jetpack_social_options":{"image_generator_settings":{"template":"highway","default_image_id":0,"font":"","enabled":false},"version":2}},"categories":[200],"tags":[],"class_list":["post-84336","post","type-post","status-publish","format-standard","has-post-thumbnail","hentry","category-brasil"],"jetpack_publicize_connections":[],"jetpack_featured_media_url":"https:\/\/blogopara.com.br\/wp-content\/uploads\/2026\/03\/Captura-de-tela-2026-03-16-100759.jpg","uagb_featured_image_src":{"full":["https:\/\/blogopara.com.br\/wp-content\/uploads\/2026\/03\/Captura-de-tela-2026-03-16-100759.jpg",500,332,false],"thumbnail":["https:\/\/blogopara.com.br\/wp-content\/uploads\/2026\/03\/Captura-de-tela-2026-03-16-100759-150x150.jpg",150,150,true],"medium":["https:\/\/blogopara.com.br\/wp-content\/uploads\/2026\/03\/Captura-de-tela-2026-03-16-100759-300x199.jpg",300,199,true],"medium_large":["https:\/\/blogopara.com.br\/wp-content\/uploads\/2026\/03\/Captura-de-tela-2026-03-16-100759.jpg",500,332,false],"large":["https:\/\/blogopara.com.br\/wp-content\/uploads\/2026\/03\/Captura-de-tela-2026-03-16-100759.jpg",500,332,false],"1536x1536":["https:\/\/blogopara.com.br\/wp-content\/uploads\/2026\/03\/Captura-de-tela-2026-03-16-100759.jpg",500,332,false],"2048x2048":["https:\/\/blogopara.com.br\/wp-content\/uploads\/2026\/03\/Captura-de-tela-2026-03-16-100759.jpg",500,332,false],"mantranews-slider-large":["https:\/\/blogopara.com.br\/wp-content\/uploads\/2026\/03\/Captura-de-tela-2026-03-16-100759.jpg",500,332,false],"mantranews-featured-medium":["https:\/\/blogopara.com.br\/wp-content\/uploads\/2026\/03\/Captura-de-tela-2026-03-16-100759-420x307.jpg",420,307,true],"mantranews-featured-long":["https:\/\/blogopara.com.br\/wp-content\/uploads\/2026\/03\/Captura-de-tela-2026-03-16-100759-300x332.jpg",300,332,true],"mantranews-block-medium":["https:\/\/blogopara.com.br\/wp-content\/uploads\/2026\/03\/Captura-de-tela-2026-03-16-100759-464x290.jpg",464,290,true],"mantranews-carousel-image":["https:\/\/blogopara.com.br\/wp-content\/uploads\/2026\/03\/Captura-de-tela-2026-03-16-100759.jpg",500,332,false],"mantranews-block-thumb":["https:\/\/blogopara.com.br\/wp-content\/uploads\/2026\/03\/Captura-de-tela-2026-03-16-100759-322x230.jpg",322,230,true],"mantranews-single-large":["https:\/\/blogopara.com.br\/wp-content\/uploads\/2026\/03\/Captura-de-tela-2026-03-16-100759.jpg",500,332,false]},"uagb_author_info":{"display_name":"Reda\u00e7\u00e3o geral","author_link":"https:\/\/blogopara.com.br\/index.php\/author\/blogopara"},"uagb_comment_info":0,"uagb_excerpt":"O ator Wagner Moura n\u00e3o levou o Oscar de Melhor Ator na cerim\u00f4nia deste domingo (15), mas entrou para a hist\u00f3ria do cinema brasileiro ao se tornar o primeiro brasileiro indicado \u00e0 categoria. Moura concorreu pelo papel principal em O Agente Secreto, longa dirigido por Kleber Mendon\u00e7a Filho e ambientado no Recife durante a ditadura&hellip;","jetpack_sharing_enabled":true,"jetpack_likes_enabled":true,"_links":{"self":[{"href":"https:\/\/blogopara.com.br\/index.php\/wp-json\/wp\/v2\/posts\/84336","targetHints":{"allow":["GET"]}}],"collection":[{"href":"https:\/\/blogopara.com.br\/index.php\/wp-json\/wp\/v2\/posts"}],"about":[{"href":"https:\/\/blogopara.com.br\/index.php\/wp-json\/wp\/v2\/types\/post"}],"author":[{"embeddable":true,"href":"https:\/\/blogopara.com.br\/index.php\/wp-json\/wp\/v2\/users\/1"}],"replies":[{"embeddable":true,"href":"https:\/\/blogopara.com.br\/index.php\/wp-json\/wp\/v2\/comments?post=84336"}],"version-history":[{"count":1,"href":"https:\/\/blogopara.com.br\/index.php\/wp-json\/wp\/v2\/posts\/84336\/revisions"}],"predecessor-version":[{"id":84338,"href":"https:\/\/blogopara.com.br\/index.php\/wp-json\/wp\/v2\/posts\/84336\/revisions\/84338"}],"wp:featuredmedia":[{"embeddable":true,"href":"https:\/\/blogopara.com.br\/index.php\/wp-json\/wp\/v2\/media\/84337"}],"wp:attachment":[{"href":"https:\/\/blogopara.com.br\/index.php\/wp-json\/wp\/v2\/media?parent=84336"}],"wp:term":[{"taxonomy":"category","embeddable":true,"href":"https:\/\/blogopara.com.br\/index.php\/wp-json\/wp\/v2\/categories?post=84336"},{"taxonomy":"post_tag","embeddable":true,"href":"https:\/\/blogopara.com.br\/index.php\/wp-json\/wp\/v2\/tags?post=84336"}],"curies":[{"name":"wp","href":"https:\/\/api.w.org\/{rel}","templated":true}]}}