{"id":84341,"date":"2026-03-16T10:35:01","date_gmt":"2026-03-16T13:35:01","guid":{"rendered":"https:\/\/blogopara.com.br\/?p=84341"},"modified":"2026-03-16T10:35:23","modified_gmt":"2026-03-16T13:35:23","slug":"juazeiro-presidiario-e-morto-a-tiros-no-bairro-palmares","status":"publish","type":"post","link":"https:\/\/blogopara.com.br\/index.php\/2026\/03\/16\/juazeiro-presidiario-e-morto-a-tiros-no-bairro-palmares","title":{"rendered":"Juazeiro: Presidi\u00e1rio \u00e9 morto a tiros no bairro Palmares"},"content":{"rendered":"<p data-end=\"58\" data-start=\"0\">Um homem identificado como <span data-end=\"128\" data-start=\"87\">Thiago Concei\u00e7\u00e3o<\/span>, natural de <span data-end=\"182\" data-start=\"141\">Salvador<\/span>, foi morto a tiros na noite deste s\u00e1bado (16), em <span data-end=\"268\" data-start=\"227\">Juazeiro<\/span>.<\/p>\n<p data-end=\"491\" data-start=\"271\">De acordo com informa\u00e7\u00f5es preliminares, o crime ocorreu no <span data-end=\"351\" data-start=\"330\">bairro Palmares 2<\/span>, nas proximidades do <span data-end=\"414\" data-start=\"373\">Col\u00e9gio Artur Oliveira<\/span>. A v\u00edtima foi atingida por disparos de arma de fogo e morreu ainda no local.<\/p>\n<p data-end=\"659\" data-start=\"493\">Segundo relatos, Thiago Concei\u00e7\u00e3o utilizava <span data-end=\"564\" data-start=\"537\">tornozeleira eletr\u00f4nica<\/span>, equipamento normalmente utilizado por pessoas que cumprem medidas judiciais de monitoramento.<\/p>\n<p data-end=\"842\" data-start=\"661\">As circunst\u00e2ncias do crime ainda s\u00e3o desconhecidas e dever\u00e3o ser investigadas pelas autoridades policiais. At\u00e9 o momento, n\u00e3o h\u00e1 informa\u00e7\u00f5es sobre autoria ou motiva\u00e7\u00e3o do homic\u00eddio.<\/p>\n<p data-end=\"961\" data-start=\"844\">O caso aumenta as estat\u00edsticas de viol\u00eancia na regi\u00e3o mas mesmo assim bem atr\u00e1s da cidade vizinha.<\/p>\n<p data-end=\"984\" data-is-last-node=\"\" data-is-only-node=\"\" data-start=\"963\"><span data-end=\"984\" data-is-last-node=\"\" data-start=\"963\">Fonte de informa\u00e7\u00f5es: Blog Vale em Foco<\/span><\/p>\n","protected":false},"excerpt":{"rendered":"<p>Um homem identificado como Thiago Concei\u00e7\u00e3o, natural de Salvador, foi morto a tiros na noite deste s\u00e1bado (16), em Juazeiro. De acordo com informa\u00e7\u00f5es preliminares, o crime ocorreu no bairro Palmares 2, nas proximidades do Col\u00e9gio Artur Oliveira. A v\u00edtima foi atingida por disparos de arma de fogo e morreu ainda no local. Segundo relatos, [&hellip;]<\/p>\n","protected":false},"author":1,"featured_media":84342,"comment_status":"open","ping_status":"open","sticky":false,"template":"","format":"standard","meta":{"_uag_custom_page_level_css":"","_monsterinsights_skip_tracking":false,"_monsterinsights_sitenote_active":false,"_monsterinsights_sitenote_note":"","_monsterinsights_sitenote_category":0,"jetpack_post_was_ever_published":false,"_jetpack_newsletter_access":"","_jetpack_dont_email_post_to_subs":false,"_jetpack_newsletter_tier_id":0,"_jetpack_memberships_contains_paywalled_content":false,"_jetpack_memberships_contains_paid_content":false,"footnotes":"","jetpack_publicize_message":"","jetpack_publicize_feature_enabled":true,"jetpack_social_post_already_shared":true,"jetpack_social_options":{"image_generator_settings":{"template":"highway","default_image_id":0,"font":"","enabled":false},"version":2}},"categories":[202],"tags":[950],"class_list":["post-84341","post","type-post","status-publish","format-standard","has-post-thumbnail","hentry","category-policia","tag-cprn-norte"],"jetpack_publicize_connections":[],"jetpack_featured_media_url":"https:\/\/blogopara.com.br\/wp-content\/uploads\/2026\/03\/Adriely-Mendonca.jpg","uagb_featured_image_src":{"full":["https:\/\/blogopara.com.br\/wp-content\/uploads\/2026\/03\/Adriely-Mendonca.jpg",500,375,false],"thumbnail":["https:\/\/blogopara.com.br\/wp-content\/uploads\/2026\/03\/Adriely-Mendonca-150x150.jpg",150,150,true],"medium":["https:\/\/blogopara.com.br\/wp-content\/uploads\/2026\/03\/Adriely-Mendonca-300x225.jpg",300,225,true],"medium_large":["https:\/\/blogopara.com.br\/wp-content\/uploads\/2026\/03\/Adriely-Mendonca.jpg",500,375,false],"large":["https:\/\/blogopara.com.br\/wp-content\/uploads\/2026\/03\/Adriely-Mendonca.jpg",500,375,false],"1536x1536":["https:\/\/blogopara.com.br\/wp-content\/uploads\/2026\/03\/Adriely-Mendonca.jpg",500,375,false],"2048x2048":["https:\/\/blogopara.com.br\/wp-content\/uploads\/2026\/03\/Adriely-Mendonca.jpg",500,375,false],"mantranews-slider-large":["https:\/\/blogopara.com.br\/wp-content\/uploads\/2026\/03\/Adriely-Mendonca.jpg",500,375,false],"mantranews-featured-medium":["https:\/\/blogopara.com.br\/wp-content\/uploads\/2026\/03\/Adriely-Mendonca-420x307.jpg",420,307,true],"mantranews-featured-long":["https:\/\/blogopara.com.br\/wp-content\/uploads\/2026\/03\/Adriely-Mendonca-300x375.jpg",300,375,true],"mantranews-block-medium":["https:\/\/blogopara.com.br\/wp-content\/uploads\/2026\/03\/Adriely-Mendonca-464x290.jpg",464,290,true],"mantranews-carousel-image":["https:\/\/blogopara.com.br\/wp-content\/uploads\/2026\/03\/Adriely-Mendonca.jpg",500,375,false],"mantranews-block-thumb":["https:\/\/blogopara.com.br\/wp-content\/uploads\/2026\/03\/Adriely-Mendonca-322x230.jpg",322,230,true],"mantranews-single-large":["https:\/\/blogopara.com.br\/wp-content\/uploads\/2026\/03\/Adriely-Mendonca.jpg",500,375,false]},"uagb_author_info":{"display_name":"Reda\u00e7\u00e3o geral","author_link":"https:\/\/blogopara.com.br\/index.php\/author\/blogopara"},"uagb_comment_info":0,"uagb_excerpt":"Um homem identificado como Thiago Concei\u00e7\u00e3o, natural de Salvador, foi morto a tiros na noite deste s\u00e1bado (16), em Juazeiro. De acordo com informa\u00e7\u00f5es preliminares, o crime ocorreu no bairro Palmares 2, nas proximidades do Col\u00e9gio Artur Oliveira. A v\u00edtima foi atingida por disparos de arma de fogo e morreu ainda no local. Segundo relatos,&hellip;","jetpack_sharing_enabled":true,"jetpack_likes_enabled":true,"_links":{"self":[{"href":"https:\/\/blogopara.com.br\/index.php\/wp-json\/wp\/v2\/posts\/84341","targetHints":{"allow":["GET"]}}],"collection":[{"href":"https:\/\/blogopara.com.br\/index.php\/wp-json\/wp\/v2\/posts"}],"about":[{"href":"https:\/\/blogopara.com.br\/index.php\/wp-json\/wp\/v2\/types\/post"}],"author":[{"embeddable":true,"href":"https:\/\/blogopara.com.br\/index.php\/wp-json\/wp\/v2\/users\/1"}],"replies":[{"embeddable":true,"href":"https:\/\/blogopara.com.br\/index.php\/wp-json\/wp\/v2\/comments?post=84341"}],"version-history":[{"count":3,"href":"https:\/\/blogopara.com.br\/index.php\/wp-json\/wp\/v2\/posts\/84341\/revisions"}],"predecessor-version":[{"id":84345,"href":"https:\/\/blogopara.com.br\/index.php\/wp-json\/wp\/v2\/posts\/84341\/revisions\/84345"}],"wp:featuredmedia":[{"embeddable":true,"href":"https:\/\/blogopara.com.br\/index.php\/wp-json\/wp\/v2\/media\/84342"}],"wp:attachment":[{"href":"https:\/\/blogopara.com.br\/index.php\/wp-json\/wp\/v2\/media?parent=84341"}],"wp:term":[{"taxonomy":"category","embeddable":true,"href":"https:\/\/blogopara.com.br\/index.php\/wp-json\/wp\/v2\/categories?post=84341"},{"taxonomy":"post_tag","embeddable":true,"href":"https:\/\/blogopara.com.br\/index.php\/wp-json\/wp\/v2\/tags?post=84341"}],"curies":[{"name":"wp","href":"https:\/\/api.w.org\/{rel}","templated":true}]}}