{"id":84349,"date":"2026-03-16T11:23:56","date_gmt":"2026-03-16T14:23:56","guid":{"rendered":"https:\/\/blogopara.com.br\/?p=84349"},"modified":"2026-03-16T11:23:56","modified_gmt":"2026-03-16T14:23:56","slug":"licitacao-para-construcao-do-cer-iv-de-juazeiro-e-publicada-no-diario-oficial-da-bahia","status":"publish","type":"post","link":"https:\/\/blogopara.com.br\/index.php\/2026\/03\/16\/licitacao-para-construcao-do-cer-iv-de-juazeiro-e-publicada-no-diario-oficial-da-bahia","title":{"rendered":"Licita\u00e7\u00e3o para constru\u00e7\u00e3o do CER IV de Juazeiro \u00e9 publicada no Di\u00e1rio Oficial da Bahia"},"content":{"rendered":"<p>O Governo da Bahia publicou no Di\u00e1rio Oficial do Estado de 14 de mar\u00e7o de 2026 o aviso de licita\u00e7\u00e3o para a constru\u00e7\u00e3o do Centro Especializado em Reabilita\u00e7\u00e3o (CER) Tipo IV em Juazeiro, no norte do estado. A medida representa o in\u00edcio formal do processo de contrata\u00e7\u00e3o da empresa respons\u00e1vel pela obra e integra o conjunto de investimentos do Novo Programa de Acelera\u00e7\u00e3o do Crescimento (Novo PAC) na \u00e1rea da sa\u00fade.<\/p>\n<p>A publica\u00e7\u00e3o faz parte de um pacote de tr\u00eas licita\u00e7\u00f5es anunciadas pelo governo estadual para implanta\u00e7\u00e3o de unidades do mesmo tipo nos munic\u00edpios de Cama\u00e7ari, Juazeiro e Concei\u00e7\u00e3o do Coit\u00e9, ampliando a rede de assist\u00eancia especializada do Sistema \u00danico de Sa\u00fade (SUS) na Bahia.<\/p>\n<p><strong>Abertura de propostas est\u00e1 prevista para maio<\/strong><\/p>\n<p>De acordo com as informa\u00e7\u00f5es divulgadas pela Secretaria da Sa\u00fade do Estado da Bahia (Sesab), a sess\u00e3o p\u00fablica para abertura das propostas da licita\u00e7\u00e3o do CER IV de Juazeiro est\u00e1 prevista para 13 de maio de 2026. O cronograma prev\u00ea datas pr\u00f3ximas tamb\u00e9m para os outros munic\u00edpios contemplados: 11 de maio para Cama\u00e7ari e 15 de maio para Concei\u00e7\u00e3o do Coit\u00e9.<\/p>\n<p>A etapa marca o momento em que as empresas interessadas apresentar\u00e3o suas propostas para execu\u00e7\u00e3o da obra, que posteriormente ser\u00e3o analisadas pelo governo estadual para defini\u00e7\u00e3o da vencedora do certame.<\/p>\n<p>Os Centros Especializados em Reabilita\u00e7\u00e3o Tipo IV representam o n\u00edvel mais completo dentro da rede de reabilita\u00e7\u00e3o do SUS. Essas unidades s\u00e3o estruturadas para oferecer atendimento integrado nas \u00e1reas de reabilita\u00e7\u00e3o f\u00edsica, auditiva, visual e intelectual, contando com equipes multiprofissionais e servi\u00e7os especializados de diagn\u00f3stico, tratamento e acompanhamento cl\u00ednico.<\/p>\n<p>A implanta\u00e7\u00e3o do equipamento em Juazeiro tem car\u00e1ter regional e dever\u00e1 atender n\u00e3o apenas moradores do munic\u00edpio, mas tamb\u00e9m pacientes de cidades do Territ\u00f3rio do Sert\u00e3o do S\u00e3o Francisco e regi\u00f5es vizinhas, ampliando o acesso a servi\u00e7os de m\u00e9dia complexidade que muitas vezes exigem deslocamentos para centros maiores.<\/p>\n<p><strong>Autoriza\u00e7\u00e3o ocorreu dias antes da publica\u00e7\u00e3o<\/strong><\/p>\n<p>A licita\u00e7\u00e3o foi precedida pela autoriza\u00e7\u00e3o formal assinada pelo governador Jer\u00f4nimo Rodrigues, durante agenda oficial em Bras\u00edlia no dia 12 de mar\u00e7o de 2026. Na ocasi\u00e3o, o chefe do Executivo estadual destacou que o novo centro dever\u00e1 fortalecer a rede de cuidado voltada \u00e0s pessoas que necessitam de acompanhamento especializado cont\u00ednuo.<\/p>\n<p>Segundo o prefeito Andrei Gon\u00e7alves, o projeto resulta de uma articula\u00e7\u00e3o do governo municipal com os governos federal e estadual. \u201c\u00c9 mais uma conquista que mostra a import\u00e2ncia do alinhamento da nossa gest\u00e3o com o presidente Lula e o governador Jer\u00f4nimo Rodrigues. O CER IV chega com o objetivo de ampliar a infraestrutura de sa\u00fade e regionalizar o atendimento especializado no estado, num pol\u00edtica voltada ao cuidado com as pessoas\u201d, disse Andrei.<\/p>\n<p><strong>Impacto esperado para Juazeiro<\/strong><\/p>\n<p>A implanta\u00e7\u00e3o do CER IV em Juazeiro \u00e9 considerada estrat\u00e9gica para a regi\u00e3o norte da Bahia, que concentra uma popula\u00e7\u00e3o significativa e demanda crescente por servi\u00e7os de reabilita\u00e7\u00e3o. Com a nova unidade, a expectativa \u00e9 reduzir filas de atendimento, diminuir deslocamentos de pacientes para outros centros urbanos e fortalecer a rede de aten\u00e7\u00e3o especializada do SUS.<\/p>\n<p>Al\u00e9m de ampliar o acesso ao tratamento, o equipamento dever\u00e1 integrar a\u00e7\u00f5es de diagn\u00f3stico, terapias e acompanhamento cont\u00ednuo, consolidando Juazeiro como um polo regional de servi\u00e7os de sa\u00fade especializados.<\/p>\n<p>&nbsp;<\/p>\n<p>Ascom PMJ<\/p>\n<p>Com informa\u00e7\u00f5es da Sesab<\/p>\n","protected":false},"excerpt":{"rendered":"<p>O Governo da Bahia publicou no Di\u00e1rio Oficial do Estado de 14 de mar\u00e7o de 2026 o aviso de licita\u00e7\u00e3o para a constru\u00e7\u00e3o do Centro Especializado em Reabilita\u00e7\u00e3o (CER) Tipo IV em Juazeiro, no norte do estado. A medida representa o in\u00edcio formal do processo de contrata\u00e7\u00e3o da empresa respons\u00e1vel pela obra e integra o [&hellip;]<\/p>\n","protected":false},"author":1,"featured_media":84350,"comment_status":"open","ping_status":"open","sticky":false,"template":"","format":"standard","meta":{"_uag_custom_page_level_css":"","_monsterinsights_skip_tracking":false,"_monsterinsights_sitenote_active":false,"_monsterinsights_sitenote_note":"","_monsterinsights_sitenote_category":0,"jetpack_post_was_ever_published":false,"_jetpack_newsletter_access":"","_jetpack_dont_email_post_to_subs":false,"_jetpack_newsletter_tier_id":0,"_jetpack_memberships_contains_paywalled_content":false,"_jetpack_memberships_contains_paid_content":false,"footnotes":"","jetpack_publicize_message":"","jetpack_publicize_feature_enabled":true,"jetpack_social_post_already_shared":true,"jetpack_social_options":{"image_generator_settings":{"template":"highway","default_image_id":0,"font":"","enabled":false},"version":2}},"categories":[205],"tags":[],"class_list":["post-84349","post","type-post","status-publish","format-standard","has-post-thumbnail","hentry","category-saude"],"jetpack_publicize_connections":[],"jetpack_featured_media_url":"https:\/\/blogopara.com.br\/wp-content\/uploads\/2026\/03\/Sem-titulo-6.jpg","uagb_featured_image_src":{"full":["https:\/\/blogopara.com.br\/wp-content\/uploads\/2026\/03\/Sem-titulo-6.jpg",500,236,false],"thumbnail":["https:\/\/blogopara.com.br\/wp-content\/uploads\/2026\/03\/Sem-titulo-6-150x150.jpg",150,150,true],"medium":["https:\/\/blogopara.com.br\/wp-content\/uploads\/2026\/03\/Sem-titulo-6-300x142.jpg",300,142,true],"medium_large":["https:\/\/blogopara.com.br\/wp-content\/uploads\/2026\/03\/Sem-titulo-6.jpg",500,236,false],"large":["https:\/\/blogopara.com.br\/wp-content\/uploads\/2026\/03\/Sem-titulo-6.jpg",500,236,false],"1536x1536":["https:\/\/blogopara.com.br\/wp-content\/uploads\/2026\/03\/Sem-titulo-6.jpg",500,236,false],"2048x2048":["https:\/\/blogopara.com.br\/wp-content\/uploads\/2026\/03\/Sem-titulo-6.jpg",500,236,false],"mantranews-slider-large":["https:\/\/blogopara.com.br\/wp-content\/uploads\/2026\/03\/Sem-titulo-6.jpg",500,236,false],"mantranews-featured-medium":["https:\/\/blogopara.com.br\/wp-content\/uploads\/2026\/03\/Sem-titulo-6-420x236.jpg",420,236,true],"mantranews-featured-long":["https:\/\/blogopara.com.br\/wp-content\/uploads\/2026\/03\/Sem-titulo-6-300x236.jpg",300,236,true],"mantranews-block-medium":["https:\/\/blogopara.com.br\/wp-content\/uploads\/2026\/03\/Sem-titulo-6-464x236.jpg",464,236,true],"mantranews-carousel-image":["https:\/\/blogopara.com.br\/wp-content\/uploads\/2026\/03\/Sem-titulo-6.jpg",500,236,false],"mantranews-block-thumb":["https:\/\/blogopara.com.br\/wp-content\/uploads\/2026\/03\/Sem-titulo-6-322x230.jpg",322,230,true],"mantranews-single-large":["https:\/\/blogopara.com.br\/wp-content\/uploads\/2026\/03\/Sem-titulo-6.jpg",500,236,false]},"uagb_author_info":{"display_name":"Reda\u00e7\u00e3o geral","author_link":"https:\/\/blogopara.com.br\/index.php\/author\/blogopara"},"uagb_comment_info":0,"uagb_excerpt":"O Governo da Bahia publicou no Di\u00e1rio Oficial do Estado de 14 de mar\u00e7o de 2026 o aviso de licita\u00e7\u00e3o para a constru\u00e7\u00e3o do Centro Especializado em Reabilita\u00e7\u00e3o (CER) Tipo IV em Juazeiro, no norte do estado. A medida representa o in\u00edcio formal do processo de contrata\u00e7\u00e3o da empresa respons\u00e1vel pela obra e integra o&hellip;","jetpack_sharing_enabled":true,"jetpack_likes_enabled":true,"_links":{"self":[{"href":"https:\/\/blogopara.com.br\/index.php\/wp-json\/wp\/v2\/posts\/84349","targetHints":{"allow":["GET"]}}],"collection":[{"href":"https:\/\/blogopara.com.br\/index.php\/wp-json\/wp\/v2\/posts"}],"about":[{"href":"https:\/\/blogopara.com.br\/index.php\/wp-json\/wp\/v2\/types\/post"}],"author":[{"embeddable":true,"href":"https:\/\/blogopara.com.br\/index.php\/wp-json\/wp\/v2\/users\/1"}],"replies":[{"embeddable":true,"href":"https:\/\/blogopara.com.br\/index.php\/wp-json\/wp\/v2\/comments?post=84349"}],"version-history":[{"count":1,"href":"https:\/\/blogopara.com.br\/index.php\/wp-json\/wp\/v2\/posts\/84349\/revisions"}],"predecessor-version":[{"id":84351,"href":"https:\/\/blogopara.com.br\/index.php\/wp-json\/wp\/v2\/posts\/84349\/revisions\/84351"}],"wp:featuredmedia":[{"embeddable":true,"href":"https:\/\/blogopara.com.br\/index.php\/wp-json\/wp\/v2\/media\/84350"}],"wp:attachment":[{"href":"https:\/\/blogopara.com.br\/index.php\/wp-json\/wp\/v2\/media?parent=84349"}],"wp:term":[{"taxonomy":"category","embeddable":true,"href":"https:\/\/blogopara.com.br\/index.php\/wp-json\/wp\/v2\/categories?post=84349"},{"taxonomy":"post_tag","embeddable":true,"href":"https:\/\/blogopara.com.br\/index.php\/wp-json\/wp\/v2\/tags?post=84349"}],"curies":[{"name":"wp","href":"https:\/\/api.w.org\/{rel}","templated":true}]}}