{"id":84359,"date":"2026-03-16T14:12:33","date_gmt":"2026-03-16T17:12:33","guid":{"rendered":"https:\/\/blogopara.com.br\/?p=84359"},"modified":"2026-03-16T14:12:33","modified_gmt":"2026-03-16T17:12:33","slug":"aciaj-juazeiro-promove-semana-de-oficinas-para-fortalecer-a-gestao-de-empresas-em-juazeiro","status":"publish","type":"post","link":"https:\/\/blogopara.com.br\/index.php\/2026\/03\/16\/aciaj-juazeiro-promove-semana-de-oficinas-para-fortalecer-a-gestao-de-empresas-em-juazeiro","title":{"rendered":"Aciaj Juazeiro promove semana de oficinas para fortalecer a gest\u00e3o de empresas em Juazeiro"},"content":{"rendered":"<p>Mais um oportunidade chega para capita\u00e7\u00e3o de neg\u00f3cios. Empres\u00e1rios e empreendedoras de Juazeiro ter\u00e3o a oportunidade de aprimorar conhecimentos em gest\u00e3o e estrat\u00e9gias de neg\u00f3cios durante uma semana de capacita\u00e7\u00e3o promovida pela Associa\u00e7\u00e3o Comercial, Industrial e Agr\u00edcola de Juazeiro (ACIAJ), em parceria com o Servi\u00e7o Brasileiro de Apoio \u00e0s Micro e Pequenas Empresas (Sebrae-BA).<\/p>\n<p>A programa\u00e7\u00e3o acontece entre os dias 23 e 27 de mar\u00e7o, sempre das 18h \u00e0s 22h, no audit\u00f3rio da Associa\u00e7\u00e3o e contar\u00e1 com cinco noites de oficinas pr\u00e1ticas, voltadas para empres\u00e1rios que desejam melhorar a gest\u00e3o, ampliar resultados e tomar decis\u00f5es mais estrat\u00e9gicas em seus neg\u00f3cios.<\/p>\n<p>Durante os encontros, os participantes ter\u00e3o acesso a ferramentas e estrat\u00e9gias que podem ser aplicadas imediatamente no dia a dia das empresas, fortalecendo o planejamento e a competitividade no mercado.<\/p>\n<p>A iniciativa \u00e9 voltada especialmente para quem empreende e busca evoluir a forma de conduzir o neg\u00f3cio, com conte\u00fado pr\u00e1tico e direcionado para a realidade das micro e pequenas empresas.<\/p>\n<p>As vagas s\u00e3o limitadas e a inscri\u00e7\u00e3o \u00e9 gratuita.<\/p>\n<p>Os interessados podem garantir participa\u00e7\u00e3o por meio do link:<br \/>\nhttps:\/\/forms.gle\/APPpREPvinobkJsKA<\/p>\n<p>Servi\u00e7o<br \/>\n\ud83d\udcc5 23 a 27 de mar\u00e7o<br \/>\n\u23f0 18h \u00e0s 22h<br \/>\n\ud83d\udccd Audit\u00f3rio da ACIAJ \u2013 Juazeiro (BA)<\/p>\n<p>M\u00f4nia Ramos Jornalista<br \/>\nAscom Aciaj Juazeiro<\/p>\n","protected":false},"excerpt":{"rendered":"<p>Mais um oportunidade chega para capita\u00e7\u00e3o de neg\u00f3cios. Empres\u00e1rios e empreendedoras de Juazeiro ter\u00e3o a oportunidade de aprimorar conhecimentos em gest\u00e3o e estrat\u00e9gias de neg\u00f3cios durante uma semana de capacita\u00e7\u00e3o promovida pela Associa\u00e7\u00e3o Comercial, Industrial e Agr\u00edcola de Juazeiro (ACIAJ), em parceria com o Servi\u00e7o Brasileiro de Apoio \u00e0s Micro e Pequenas Empresas (Sebrae-BA). A [&hellip;]<\/p>\n","protected":false},"author":1,"featured_media":84360,"comment_status":"open","ping_status":"open","sticky":false,"template":"","format":"standard","meta":{"_uag_custom_page_level_css":"","_monsterinsights_skip_tracking":false,"_monsterinsights_sitenote_active":false,"_monsterinsights_sitenote_note":"","_monsterinsights_sitenote_category":0,"jetpack_post_was_ever_published":false,"_jetpack_newsletter_access":"","_jetpack_dont_email_post_to_subs":false,"_jetpack_newsletter_tier_id":0,"_jetpack_memberships_contains_paywalled_content":false,"_jetpack_memberships_contains_paid_content":false,"footnotes":"","jetpack_publicize_message":"","jetpack_publicize_feature_enabled":true,"jetpack_social_post_already_shared":true,"jetpack_social_options":{"image_generator_settings":{"template":"highway","default_image_id":0,"font":"","enabled":false},"version":2}},"categories":[203],"tags":[11681],"class_list":["post-84359","post","type-post","status-publish","format-standard","has-post-thumbnail","hentry","category-juazeiro","tag-monia-ramos"],"jetpack_publicize_connections":[],"jetpack_featured_media_url":"https:\/\/blogopara.com.br\/wp-content\/uploads\/2026\/03\/WhatsApp-Image-2026-03-16-at-13.49.42.jpeg","uagb_featured_image_src":{"full":["https:\/\/blogopara.com.br\/wp-content\/uploads\/2026\/03\/WhatsApp-Image-2026-03-16-at-13.49.42.jpeg",497,463,false],"thumbnail":["https:\/\/blogopara.com.br\/wp-content\/uploads\/2026\/03\/WhatsApp-Image-2026-03-16-at-13.49.42-150x150.jpeg",150,150,true],"medium":["https:\/\/blogopara.com.br\/wp-content\/uploads\/2026\/03\/WhatsApp-Image-2026-03-16-at-13.49.42-300x279.jpeg",300,279,true],"medium_large":["https:\/\/blogopara.com.br\/wp-content\/uploads\/2026\/03\/WhatsApp-Image-2026-03-16-at-13.49.42.jpeg",497,463,false],"large":["https:\/\/blogopara.com.br\/wp-content\/uploads\/2026\/03\/WhatsApp-Image-2026-03-16-at-13.49.42.jpeg",497,463,false],"1536x1536":["https:\/\/blogopara.com.br\/wp-content\/uploads\/2026\/03\/WhatsApp-Image-2026-03-16-at-13.49.42.jpeg",497,463,false],"2048x2048":["https:\/\/blogopara.com.br\/wp-content\/uploads\/2026\/03\/WhatsApp-Image-2026-03-16-at-13.49.42.jpeg",497,463,false],"mantranews-slider-large":["https:\/\/blogopara.com.br\/wp-content\/uploads\/2026\/03\/WhatsApp-Image-2026-03-16-at-13.49.42.jpeg",497,463,false],"mantranews-featured-medium":["https:\/\/blogopara.com.br\/wp-content\/uploads\/2026\/03\/WhatsApp-Image-2026-03-16-at-13.49.42-420x307.jpeg",420,307,true],"mantranews-featured-long":["https:\/\/blogopara.com.br\/wp-content\/uploads\/2026\/03\/WhatsApp-Image-2026-03-16-at-13.49.42-300x443.jpeg",300,443,true],"mantranews-block-medium":["https:\/\/blogopara.com.br\/wp-content\/uploads\/2026\/03\/WhatsApp-Image-2026-03-16-at-13.49.42-464x290.jpeg",464,290,true],"mantranews-carousel-image":["https:\/\/blogopara.com.br\/wp-content\/uploads\/2026\/03\/WhatsApp-Image-2026-03-16-at-13.49.42.jpeg",497,463,false],"mantranews-block-thumb":["https:\/\/blogopara.com.br\/wp-content\/uploads\/2026\/03\/WhatsApp-Image-2026-03-16-at-13.49.42-322x230.jpeg",322,230,true],"mantranews-single-large":["https:\/\/blogopara.com.br\/wp-content\/uploads\/2026\/03\/WhatsApp-Image-2026-03-16-at-13.49.42.jpeg",497,463,false]},"uagb_author_info":{"display_name":"Reda\u00e7\u00e3o geral","author_link":"https:\/\/blogopara.com.br\/index.php\/author\/blogopara"},"uagb_comment_info":0,"uagb_excerpt":"Mais um oportunidade chega para capita\u00e7\u00e3o de neg\u00f3cios. Empres\u00e1rios e empreendedoras de Juazeiro ter\u00e3o a oportunidade de aprimorar conhecimentos em gest\u00e3o e estrat\u00e9gias de neg\u00f3cios durante uma semana de capacita\u00e7\u00e3o promovida pela Associa\u00e7\u00e3o Comercial, Industrial e Agr\u00edcola de Juazeiro (ACIAJ), em parceria com o Servi\u00e7o Brasileiro de Apoio \u00e0s Micro e Pequenas Empresas (Sebrae-BA). A&hellip;","jetpack_sharing_enabled":true,"jetpack_likes_enabled":true,"_links":{"self":[{"href":"https:\/\/blogopara.com.br\/index.php\/wp-json\/wp\/v2\/posts\/84359","targetHints":{"allow":["GET"]}}],"collection":[{"href":"https:\/\/blogopara.com.br\/index.php\/wp-json\/wp\/v2\/posts"}],"about":[{"href":"https:\/\/blogopara.com.br\/index.php\/wp-json\/wp\/v2\/types\/post"}],"author":[{"embeddable":true,"href":"https:\/\/blogopara.com.br\/index.php\/wp-json\/wp\/v2\/users\/1"}],"replies":[{"embeddable":true,"href":"https:\/\/blogopara.com.br\/index.php\/wp-json\/wp\/v2\/comments?post=84359"}],"version-history":[{"count":1,"href":"https:\/\/blogopara.com.br\/index.php\/wp-json\/wp\/v2\/posts\/84359\/revisions"}],"predecessor-version":[{"id":84361,"href":"https:\/\/blogopara.com.br\/index.php\/wp-json\/wp\/v2\/posts\/84359\/revisions\/84361"}],"wp:featuredmedia":[{"embeddable":true,"href":"https:\/\/blogopara.com.br\/index.php\/wp-json\/wp\/v2\/media\/84360"}],"wp:attachment":[{"href":"https:\/\/blogopara.com.br\/index.php\/wp-json\/wp\/v2\/media?parent=84359"}],"wp:term":[{"taxonomy":"category","embeddable":true,"href":"https:\/\/blogopara.com.br\/index.php\/wp-json\/wp\/v2\/categories?post=84359"},{"taxonomy":"post_tag","embeddable":true,"href":"https:\/\/blogopara.com.br\/index.php\/wp-json\/wp\/v2\/tags?post=84359"}],"curies":[{"name":"wp","href":"https:\/\/api.w.org\/{rel}","templated":true}]}}