{"id":84367,"date":"2026-03-17T09:23:47","date_gmt":"2026-03-17T12:23:47","guid":{"rendered":"https:\/\/blogopara.com.br\/?p=84367"},"modified":"2026-03-17T09:36:47","modified_gmt":"2026-03-17T12:36:47","slug":"crista-e-casada-presa-por-sequestro-de-mulheres-em-shopping-pregava-nas-redes-sociais","status":"publish","type":"post","link":"https:\/\/blogopara.com.br\/index.php\/2026\/03\/17\/crista-e-casada-presa-por-sequestro-de-mulheres-em-shopping-pregava-nas-redes-sociais","title":{"rendered":"\u2018Crist\u00e3 e casada\u2019: presa por sequestro de mulheres em shopping pregava nas redes sociais"},"content":{"rendered":"<div class=\"flex flex-col w-full font-normal text-[18px] leading-[30px] text-tw-theme-text-default\">\n<p id=\"paragrafo-m3obhx0ub5\">Apesar do envolvimento com o mundo do crime, Emile Quessia Oliveira da Silva Sena,\u00a0presa por participa\u00e7\u00e3o no sequestro de uma m\u00e3e e duas filhas no estacionamento do Salvador Shopping, mantinha uma imagem diferente nas redes sociais. Em publica\u00e7\u00f5es, a suspeita se apresentava como \u201ccrist\u00e3, casada e m\u00e3e de pets\u201d e costumava compartilhar vers\u00edculos b\u00edblicos com os seguidores.<\/p>\n<\/div>\n<div class=\"flex flex-col w-full font-normal text-[18px] leading-[30px] text-tw-theme-text-default\">\n<p id=\"paragrafo-pwnoqsnnm4\">A maioria das postagens tinha tom motivacional. &#8220;Agora, minha filha, n\u00e3o tenha medo; farei por voc\u00ea tudo o que me pedir. Todos os meus concidad\u00e3os sabem que voc\u00ea \u00e9 mulher virtuosa\u201d, escreveu Emile Quessia ao citar um trecho b\u00edblico em um v\u00eddeo de prega\u00e7\u00e3o evang\u00e9lica publicado em seu perfil.<\/p>\n<\/div>\n<div class=\"flex flex-col w-full font-normal text-[18px] leading-[30px] text-tw-theme-text-default\">\n<p id=\"paragrafo-f3ih7sxx57\">Al\u00e9m das mensagens de \u201cbom dia\u201d, ela tamb\u00e9m fazia publica\u00e7\u00f5es com teor prof\u00e9tico. \u201cEste ano Deus vai descer em muitos Ananias e Safiras. Eu recuperei este v\u00eddeo com o comando do Senhor. Pega se quiser. Acredita se quiser. Mas Deus est\u00e1 avisando. N\u00e3o pare no meio do processo\u201d, afirmou em outro post.<\/p>\n<\/div>\n<div class=\"flex flex-col w-full font-normal text-[18px] leading-[30px] text-tw-theme-text-default\">\n<p id=\"paragrafo-re1ce0jj8u\">O comportamento nas redes, no entanto, contrasta com as informa\u00e7\u00f5es levantadas pela investiga\u00e7\u00e3o. Emile Quessia \u00e9 esposa de Pedro Vitor Lima Sena Souza, apontado por fontes policiais como integrante do Bonde do Maluco (BDM), com atua\u00e7\u00e3o em Salvador, na Regi\u00e3o Metropolitana e tamb\u00e9m no munic\u00edpio de Seabra.<\/p>\n<\/div>\n<div class=\"flex flex-col w-full font-normal text-[18px] leading-[30px] text-tw-theme-text-default\">\n<p id=\"paragrafo-t16x5b0c9f\">Apesar da suposta liga\u00e7\u00e3o do companheiro com atividades criminosas, a suspeita nunca escondeu o relacionamento e demonstrava afeto em publica\u00e7\u00f5es. \u201cSomos muito alma g\u00eameas. Minha vers\u00e3o masculina parece nada comigo e sim com meu marido\u201d, escreveu em uma das postagens.<\/p>\n<\/div>\n<div class=\"flex flex-col w-full font-normal text-[18px] leading-[30px] text-tw-theme-text-default\">\n<p id=\"paragrafo-30jdfncjta\">Em novembro do ano passado, a Justi\u00e7a da Bahia negou um pedido feito por Emile Quessia para a devolu\u00e7\u00e3o de um celular apreendido com Pedro Vitor durante uma investiga\u00e7\u00e3o por tr\u00e1fico de drogas. O juiz entendeu que o aparelho ainda era relevante para o andamento do inqu\u00e9rito.<\/p>\n<\/div>\n<div class=\"flex flex-col w-full font-normal text-[18px] leading-[30px] text-tw-theme-text-default\">\n<p id=\"paragrafo-1791dtlf55\">A apreens\u00e3o do celular, um modelo iPhone Pro Max, ocorreu durante uma opera\u00e7\u00e3o policial com mandado de busca e apreens\u00e3o. Emile apresentou nota fiscal e documentos para comprovar a propriedade do aparelho.<\/p>\n<\/div>\n<div class=\"flex flex-col w-full font-normal text-[18px] leading-[30px] text-tw-theme-text-default\">\n<p id=\"paragrafo-2dbinwj17u\">A Pol\u00edcia Civil, no entanto, informou que o dispositivo continha grande quantidade de conversas com ind\u00edcios de comercializa\u00e7\u00e3o de drogas, motivo pelo qual defendeu a manuten\u00e7\u00e3o da cust\u00f3dia para continuidade das investiga\u00e7\u00f5es.<\/p>\n<div class=\"flex flex-col w-full font-normal text-[18px] leading-[30px] text-tw-theme-text-default\">\n<p id=\"paragrafo-8b91rilxuk\">A apreens\u00e3o do celular, modelo Iphone Pro Max, foi realizada\u00a0durante uma opera\u00e7\u00e3o policial realizada com mandado de busca e apreens\u00e3o. Emile Quessia apresentou nota fiscal e outros documentos para comprovar a propriedade do aparelho. A Pol\u00edcia Civil disse, no curso do processo, que o celular\u00a0apresentava grande quantidade de conversas com indicativos de comercializa\u00e7\u00e3o de drogas. Por isso, defendeu que a cust\u00f3dia do aparelho ainda era necess\u00e1ria para as investiga\u00e7\u00f5es.<\/p>\n<p>Ela tamb\u00e9m \u00e9 investigada por colabora\u00e7\u00e3o com grupo criminoso envolvido com tr\u00e1fico de drogas. Fotos publicadas nas redes sociais indicam que Emile Quessia j\u00e1 atuou como tricol\u00edder &#8211;\u00a0animadora de torcida oficial do Bahia.<\/p>\n<\/div>\n<div class=\"article_intext inline-block text-center w-full h-280\">\n<div id=\"internas_336x280_02\" data-google-query-id=\"COLipvb2ppMDFcUuHgAdz0UL_Q\">\n<div id=\"google_ads_iframe_\/44585206\/d_c24h_internas_336x280_1__container__\"><\/div>\n<\/div>\n<\/div>\n<div class=\"flex flex-col w-full\">\n<div id=\"embed-ef0iuyx16i\" class=\"component--embed \">\n<div class=\"twitter-tweet twitter-tweet-rendered\"><iframe id=\"twitter-widget-0\" class=\"\" title=\"X Post\" src=\"https:\/\/platform.twitter.com\/embed\/Tweet.html?dnt=false&amp;embedId=twitter-widget-0&amp;features=eyJ0ZndfdGltZWxpbmVfbGlzdCI6eyJidWNrZXQiOltdLCJ2ZXJzaW9uIjpudWxsfSwidGZ3X2ZvbGxvd2VyX2NvdW50X3N1bnNldCI6eyJidWNrZXQiOnRydWUsInZlcnNpb24iOm51bGx9LCJ0ZndfdHdlZXRfZWRpdF9iYWNrZW5kIjp7ImJ1Y2tldCI6Im9uIiwidmVyc2lvbiI6bnVsbH0sInRmd19yZWZzcmNfc2Vzc2lvbiI6eyJidWNrZXQiOiJvbiIsInZlcnNpb24iOm51bGx9LCJ0ZndfZm9zbnJfc29mdF9pbnRlcnZlbnRpb25zX2VuYWJsZWQiOnsiYnVja2V0Ijoib24iLCJ2ZXJzaW9uIjpudWxsfSwidGZ3X21peGVkX21lZGlhXzE1ODk3Ijp7ImJ1Y2tldCI6InRyZWF0bWVudCIsInZlcnNpb24iOm51bGx9LCJ0ZndfZXhwZXJpbWVudHNfY29va2llX2V4cGlyYXRpb24iOnsiYnVja2V0IjoxMjA5NjAwLCJ2ZXJzaW9uIjpudWxsfSwidGZ3X3Nob3dfYmlyZHdhdGNoX3Bpdm90c19lbmFibGVkIjp7ImJ1Y2tldCI6Im9uIiwidmVyc2lvbiI6bnVsbH0sInRmd19kdXBsaWNhdGVfc2NyaWJlc190b19zZXR0aW5ncyI6eyJidWNrZXQiOiJvbiIsInZlcnNpb24iOm51bGx9LCJ0ZndfdXNlX3Byb2ZpbGVfaW1hZ2Vfc2hhcGVfZW5hYmxlZCI6eyJidWNrZXQiOiJvbiIsInZlcnNpb24iOm51bGx9LCJ0ZndfdmlkZW9faGxzX2R5bmFtaWNfbWFuaWZlc3RzXzE1MDgyIjp7ImJ1Y2tldCI6InRydWVfYml0cmF0ZSIsInZlcnNpb24iOm51bGx9LCJ0ZndfbGVnYWN5X3RpbWVsaW5lX3N1bnNldCI6eyJidWNrZXQiOnRydWUsInZlcnNpb24iOm51bGx9LCJ0ZndfdHdlZXRfZWRpdF9mcm9udGVuZCI6eyJidWNrZXQiOiJvbiIsInZlcnNpb24iOm51bGx9fQ%3D%3D&amp;frame=false&amp;hideCard=false&amp;hideThread=false&amp;id=2033687486975684873&amp;lang=pt&amp;maxWidth=560px&amp;origin=https%3A%2F%2Fwww.correio24horas.com.br%2Fminha-bahia%2Fquem-e-a-mulher-presa-por-envolvimento-em-sequestro-de-tres-mulheres-no-salvador-shopping-0326&amp;sessionId=e89dee8451a7fc598d003b740acc55cf0d433d0f&amp;siteScreenName=correio24hba&amp;theme=light&amp;widgetsVersion=2615f7e52b7e0%3A1702314776716&amp;width=550px\" frameborder=\"0\" scrolling=\"no\" allowfullscreen=\"allowfullscreen\" data-tweet-id=\"2033687486975684873\" data-mce-fragment=\"1\"><\/iframe><\/div>\n<\/div>\n<\/div>\n<div class=\"flex flex-col w-full font-normal text-[18px] leading-[30px] text-tw-theme-text-default\">\n<p id=\"paragrafo-cr5y79udwe\">\n<\/div>\n<\/div>\n","protected":false},"excerpt":{"rendered":"<p>Apesar do envolvimento com o mundo do crime, Emile Quessia Oliveira da Silva Sena,\u00a0presa por participa\u00e7\u00e3o no sequestro de uma m\u00e3e e duas filhas no estacionamento do Salvador Shopping, mantinha uma imagem diferente nas redes sociais. Em publica\u00e7\u00f5es, a suspeita se apresentava como \u201ccrist\u00e3, casada e m\u00e3e de pets\u201d e costumava compartilhar vers\u00edculos b\u00edblicos com [&hellip;]<\/p>\n","protected":false},"author":1,"featured_media":84368,"comment_status":"open","ping_status":"open","sticky":false,"template":"","format":"standard","meta":{"_uag_custom_page_level_css":"","_monsterinsights_skip_tracking":false,"_monsterinsights_sitenote_active":false,"_monsterinsights_sitenote_note":"","_monsterinsights_sitenote_category":0,"jetpack_post_was_ever_published":false,"_jetpack_newsletter_access":"","_jetpack_dont_email_post_to_subs":false,"_jetpack_newsletter_tier_id":0,"_jetpack_memberships_contains_paywalled_content":false,"_jetpack_memberships_contains_paid_content":false,"footnotes":"","jetpack_publicize_message":"","jetpack_publicize_feature_enabled":true,"jetpack_social_post_already_shared":true,"jetpack_social_options":{"image_generator_settings":{"template":"highway","default_image_id":0,"font":"","enabled":false},"version":2}},"categories":[199],"tags":[],"class_list":["post-84367","post","type-post","status-publish","format-standard","has-post-thumbnail","hentry","category-bahia"],"jetpack_publicize_connections":[],"jetpack_featured_media_url":"https:\/\/blogopara.com.br\/wp-content\/uploads\/2026\/03\/Captura-de-tela-2026-03-17-091716.jpg","uagb_featured_image_src":{"full":["https:\/\/blogopara.com.br\/wp-content\/uploads\/2026\/03\/Captura-de-tela-2026-03-17-091716.jpg",500,334,false],"thumbnail":["https:\/\/blogopara.com.br\/wp-content\/uploads\/2026\/03\/Captura-de-tela-2026-03-17-091716-150x150.jpg",150,150,true],"medium":["https:\/\/blogopara.com.br\/wp-content\/uploads\/2026\/03\/Captura-de-tela-2026-03-17-091716-300x200.jpg",300,200,true],"medium_large":["https:\/\/blogopara.com.br\/wp-content\/uploads\/2026\/03\/Captura-de-tela-2026-03-17-091716.jpg",500,334,false],"large":["https:\/\/blogopara.com.br\/wp-content\/uploads\/2026\/03\/Captura-de-tela-2026-03-17-091716.jpg",500,334,false],"1536x1536":["https:\/\/blogopara.com.br\/wp-content\/uploads\/2026\/03\/Captura-de-tela-2026-03-17-091716.jpg",500,334,false],"2048x2048":["https:\/\/blogopara.com.br\/wp-content\/uploads\/2026\/03\/Captura-de-tela-2026-03-17-091716.jpg",500,334,false],"mantranews-slider-large":["https:\/\/blogopara.com.br\/wp-content\/uploads\/2026\/03\/Captura-de-tela-2026-03-17-091716.jpg",500,334,false],"mantranews-featured-medium":["https:\/\/blogopara.com.br\/wp-content\/uploads\/2026\/03\/Captura-de-tela-2026-03-17-091716-420x307.jpg",420,307,true],"mantranews-featured-long":["https:\/\/blogopara.com.br\/wp-content\/uploads\/2026\/03\/Captura-de-tela-2026-03-17-091716-300x334.jpg",300,334,true],"mantranews-block-medium":["https:\/\/blogopara.com.br\/wp-content\/uploads\/2026\/03\/Captura-de-tela-2026-03-17-091716-464x290.jpg",464,290,true],"mantranews-carousel-image":["https:\/\/blogopara.com.br\/wp-content\/uploads\/2026\/03\/Captura-de-tela-2026-03-17-091716.jpg",500,334,false],"mantranews-block-thumb":["https:\/\/blogopara.com.br\/wp-content\/uploads\/2026\/03\/Captura-de-tela-2026-03-17-091716-322x230.jpg",322,230,true],"mantranews-single-large":["https:\/\/blogopara.com.br\/wp-content\/uploads\/2026\/03\/Captura-de-tela-2026-03-17-091716.jpg",500,334,false]},"uagb_author_info":{"display_name":"Reda\u00e7\u00e3o geral","author_link":"https:\/\/blogopara.com.br\/index.php\/author\/blogopara"},"uagb_comment_info":0,"uagb_excerpt":"Apesar do envolvimento com o mundo do crime, Emile Quessia Oliveira da Silva Sena,\u00a0presa por participa\u00e7\u00e3o no sequestro de uma m\u00e3e e duas filhas no estacionamento do Salvador Shopping, mantinha uma imagem diferente nas redes sociais. Em publica\u00e7\u00f5es, a suspeita se apresentava como \u201ccrist\u00e3, casada e m\u00e3e de pets\u201d e costumava compartilhar vers\u00edculos b\u00edblicos com&hellip;","jetpack_sharing_enabled":true,"jetpack_likes_enabled":true,"_links":{"self":[{"href":"https:\/\/blogopara.com.br\/index.php\/wp-json\/wp\/v2\/posts\/84367","targetHints":{"allow":["GET"]}}],"collection":[{"href":"https:\/\/blogopara.com.br\/index.php\/wp-json\/wp\/v2\/posts"}],"about":[{"href":"https:\/\/blogopara.com.br\/index.php\/wp-json\/wp\/v2\/types\/post"}],"author":[{"embeddable":true,"href":"https:\/\/blogopara.com.br\/index.php\/wp-json\/wp\/v2\/users\/1"}],"replies":[{"embeddable":true,"href":"https:\/\/blogopara.com.br\/index.php\/wp-json\/wp\/v2\/comments?post=84367"}],"version-history":[{"count":3,"href":"https:\/\/blogopara.com.br\/index.php\/wp-json\/wp\/v2\/posts\/84367\/revisions"}],"predecessor-version":[{"id":84372,"href":"https:\/\/blogopara.com.br\/index.php\/wp-json\/wp\/v2\/posts\/84367\/revisions\/84372"}],"wp:featuredmedia":[{"embeddable":true,"href":"https:\/\/blogopara.com.br\/index.php\/wp-json\/wp\/v2\/media\/84368"}],"wp:attachment":[{"href":"https:\/\/blogopara.com.br\/index.php\/wp-json\/wp\/v2\/media?parent=84367"}],"wp:term":[{"taxonomy":"category","embeddable":true,"href":"https:\/\/blogopara.com.br\/index.php\/wp-json\/wp\/v2\/categories?post=84367"},{"taxonomy":"post_tag","embeddable":true,"href":"https:\/\/blogopara.com.br\/index.php\/wp-json\/wp\/v2\/tags?post=84367"}],"curies":[{"name":"wp","href":"https:\/\/api.w.org\/{rel}","templated":true}]}}