{"id":8454,"date":"2020-03-22T14:24:24","date_gmt":"2020-03-22T17:24:24","guid":{"rendered":"http:\/\/blogopara.com.br\/?p=8454"},"modified":"2020-03-22T14:24:31","modified_gmt":"2020-03-22T17:24:31","slug":"coronavirus-opiniao-o-momento-exige-reflexao-e-colaboracao","status":"publish","type":"post","link":"https:\/\/blogopara.com.br\/index.php\/2020\/03\/22\/coronavirus-opiniao-o-momento-exige-reflexao-e-colaboracao","title":{"rendered":"Coronav\u00edrus [Opini\u00e3o]: O momento exige reflex\u00e3o e colabora\u00e7\u00e3o"},"content":{"rendered":"<pre>por Iv\u00e2nia Freitas<\/pre>\n<p style=\"text-align: justify;\">Para enfrentar esse momento, \u00e9 preciso olhar com muita clareza o cen\u00e1rio mundial para entender a gravidade da situa\u00e7\u00e3o pela qual passamos. Todos os pa\u00edses afetados pela pandemia, s\u00e3o economicamente, superiores ao Brasil. O servi\u00e7o de sa\u00fade \u00e9 diferente e as a\u00e7\u00f5es governamentais, mais assertivas e \u00e1geis em todas as \u00e1reas.<\/p>\n<p style=\"text-align: justify;\">Os governos sabem da gravidade da pandemia e a popula\u00e7\u00e3o tem sido conduzida ao isolamento com muita consci\u00eancia e por medidas gerais bem definidas. A vida da popula\u00e7\u00e3o est\u00e1 em primeiro lugar.<\/p>\n<p style=\"text-align: justify;\">No Brasil \u00e9 tudo mais complicado. Temos recursos para o fundo partid\u00e1rio, mas n\u00e3o temos em quantidade suficiente, para na pesquisa e para as redes p\u00fablicas de sa\u00fade;<\/p>\n<p style=\"text-align: justify;\">O presidente minimiza a pandemia, descumpre os protocolos da OMS e do pr\u00f3prio pa\u00eds, estimula aglomera\u00e7\u00f5es, dificulta o trabalho dos governadores e agrava as rela\u00e7\u00f5es internacionais com pa\u00edses que poderiam nos dar apoio. A preocupa\u00e7\u00e3o central do presidente \u00e9 a economia, e n\u00e3o, a vida.<\/p>\n<p style=\"text-align: justify;\">N\u00e3o temos pol\u00edticas efetiva para amparar os moradores de rua, nem os trabalhadores informais, e mesmo, os pequenos comerciantes, o que tem dificultado o isolamento total. Para agravar a situa\u00e7\u00e3o, parte da popula\u00e7\u00e3o n\u00e3o entende o que v\u00ea, o que ouve, o que se orienta e descumpre o protocolo, potencializando a expans\u00e3o do v\u00edrus.<\/p>\n<p style=\"text-align: justify;\">Se continuarmos nesse ritmo, nossas chances de supera\u00e7\u00e3o diminuem, por isso, vamos fazer a nossa parte e continuar cobrando dos governos, as medidas necess\u00e1rias para SALVAR NOSSAS VIDAS.<\/p>\n<pre>*Prof\u00aa.&nbsp;<span class=\"mark1u42bmx82\" data-markjs=\"true\" data-ogac=\"\" data-ogab=\"\" data-ogsc=\"\" data-ogsb=\"\">Iv\u00e2nia<\/span>&nbsp;<span class=\"markyl3igb557\" data-markjs=\"true\" data-ogac=\"\" data-ogab=\"\" data-ogsc=\"\" data-ogsb=\"\">Freitas&nbsp; &nbsp; &nbsp; &nbsp; &nbsp; &nbsp; &nbsp; &nbsp; &nbsp; &nbsp; &nbsp; &nbsp; &nbsp; &nbsp; &nbsp; &nbsp; &nbsp; &nbsp; &nbsp; &nbsp; &nbsp; &nbsp; &nbsp; &nbsp; &nbsp; &nbsp; &nbsp;      <\/span>UNEB - Campus VII - Senhor do Bonfim-BA&nbsp; &nbsp; &nbsp; &nbsp; &nbsp; &nbsp; &nbsp; &nbsp; &nbsp; &nbsp; &nbsp; &nbsp; &nbsp; &nbsp; &nbsp; &nbsp; &nbsp; &nbsp; Doutoranda em Educa\u00e7\u00e3o-FACED\/UFBA- GEC<\/pre>\n","protected":false},"excerpt":{"rendered":"<p>por Iv\u00e2nia Freitas Para enfrentar esse momento, \u00e9 preciso olhar com muita clareza o cen\u00e1rio mundial para entender a gravidade da situa\u00e7\u00e3o pela qual passamos. Todos os pa\u00edses afetados pela pandemia, s\u00e3o economicamente, superiores ao Brasil. O servi\u00e7o de sa\u00fade \u00e9 diferente e as a\u00e7\u00f5es governamentais, mais assertivas e \u00e1geis em todas as \u00e1reas. Os [&hellip;]<\/p>\n","protected":false},"author":1,"featured_media":8459,"comment_status":"open","ping_status":"open","sticky":false,"template":"","format":"standard","meta":{"_uag_custom_page_level_css":"","_monsterinsights_skip_tracking":false,"_monsterinsights_sitenote_active":false,"_monsterinsights_sitenote_note":"","_monsterinsights_sitenote_category":0,"jetpack_post_was_ever_published":false,"_jetpack_newsletter_access":"","_jetpack_dont_email_post_to_subs":false,"_jetpack_newsletter_tier_id":0,"_jetpack_memberships_contains_paywalled_content":false,"_jetpack_memberships_contains_paid_content":false,"footnotes":"","jetpack_publicize_message":"","jetpack_publicize_feature_enabled":true,"jetpack_social_post_already_shared":true,"jetpack_social_options":{"image_generator_settings":{"template":"highway","default_image_id":0,"font":"","enabled":false},"version":2}},"categories":[273],"tags":[],"class_list":["post-8454","post","type-post","status-publish","format-standard","has-post-thumbnail","hentry","category-mundo"],"jetpack_publicize_connections":[],"jetpack_featured_media_url":"https:\/\/blogopara.com.br\/wp-content\/uploads\/2020\/03\/ivania-1.jpeg","uagb_featured_image_src":{"full":["https:\/\/blogopara.com.br\/wp-content\/uploads\/2020\/03\/ivania-1.jpeg",500,888,false],"thumbnail":["https:\/\/blogopara.com.br\/wp-content\/uploads\/2020\/03\/ivania-1-150x150.jpeg",150,150,true],"medium":["https:\/\/blogopara.com.br\/wp-content\/uploads\/2020\/03\/ivania-1-169x300.jpeg",169,300,true],"medium_large":["https:\/\/blogopara.com.br\/wp-content\/uploads\/2020\/03\/ivania-1.jpeg",500,888,false],"large":["https:\/\/blogopara.com.br\/wp-content\/uploads\/2020\/03\/ivania-1.jpeg",500,888,false],"1536x1536":["https:\/\/blogopara.com.br\/wp-content\/uploads\/2020\/03\/ivania-1.jpeg",500,888,false],"2048x2048":["https:\/\/blogopara.com.br\/wp-content\/uploads\/2020\/03\/ivania-1.jpeg",500,888,false],"mantranews-slider-large":["https:\/\/blogopara.com.br\/wp-content\/uploads\/2020\/03\/ivania-1-500x741.jpeg",500,741,true],"mantranews-featured-medium":["https:\/\/blogopara.com.br\/wp-content\/uploads\/2020\/03\/ivania-1-420x307.jpeg",420,307,true],"mantranews-featured-long":["https:\/\/blogopara.com.br\/wp-content\/uploads\/2020\/03\/ivania-1-300x443.jpeg",300,443,true],"mantranews-block-medium":["https:\/\/blogopara.com.br\/wp-content\/uploads\/2020\/03\/ivania-1-464x290.jpeg",464,290,true],"mantranews-carousel-image":["https:\/\/blogopara.com.br\/wp-content\/uploads\/2020\/03\/ivania-1-500x500.jpeg",500,500,true],"mantranews-block-thumb":["https:\/\/blogopara.com.br\/wp-content\/uploads\/2020\/03\/ivania-1-322x230.jpeg",322,230,true],"mantranews-single-large":["https:\/\/blogopara.com.br\/wp-content\/uploads\/2020\/03\/ivania-1-500x642.jpeg",500,642,true]},"uagb_author_info":{"display_name":"Reda\u00e7\u00e3o geral","author_link":"https:\/\/blogopara.com.br\/index.php\/author\/blogopara"},"uagb_comment_info":0,"uagb_excerpt":"por Iv\u00e2nia Freitas Para enfrentar esse momento, \u00e9 preciso olhar com muita clareza o cen\u00e1rio mundial para entender a gravidade da situa\u00e7\u00e3o pela qual passamos. Todos os pa\u00edses afetados pela pandemia, s\u00e3o economicamente, superiores ao Brasil. O servi\u00e7o de sa\u00fade \u00e9 diferente e as a\u00e7\u00f5es governamentais, mais assertivas e \u00e1geis em todas as \u00e1reas. Os&hellip;","jetpack_sharing_enabled":true,"jetpack_likes_enabled":true,"_links":{"self":[{"href":"https:\/\/blogopara.com.br\/index.php\/wp-json\/wp\/v2\/posts\/8454","targetHints":{"allow":["GET"]}}],"collection":[{"href":"https:\/\/blogopara.com.br\/index.php\/wp-json\/wp\/v2\/posts"}],"about":[{"href":"https:\/\/blogopara.com.br\/index.php\/wp-json\/wp\/v2\/types\/post"}],"author":[{"embeddable":true,"href":"https:\/\/blogopara.com.br\/index.php\/wp-json\/wp\/v2\/users\/1"}],"replies":[{"embeddable":true,"href":"https:\/\/blogopara.com.br\/index.php\/wp-json\/wp\/v2\/comments?post=8454"}],"version-history":[{"count":6,"href":"https:\/\/blogopara.com.br\/index.php\/wp-json\/wp\/v2\/posts\/8454\/revisions"}],"predecessor-version":[{"id":8465,"href":"https:\/\/blogopara.com.br\/index.php\/wp-json\/wp\/v2\/posts\/8454\/revisions\/8465"}],"wp:featuredmedia":[{"embeddable":true,"href":"https:\/\/blogopara.com.br\/index.php\/wp-json\/wp\/v2\/media\/8459"}],"wp:attachment":[{"href":"https:\/\/blogopara.com.br\/index.php\/wp-json\/wp\/v2\/media?parent=8454"}],"wp:term":[{"taxonomy":"category","embeddable":true,"href":"https:\/\/blogopara.com.br\/index.php\/wp-json\/wp\/v2\/categories?post=8454"},{"taxonomy":"post_tag","embeddable":true,"href":"https:\/\/blogopara.com.br\/index.php\/wp-json\/wp\/v2\/tags?post=8454"}],"curies":[{"name":"wp","href":"https:\/\/api.w.org\/{rel}","templated":true}]}}