{"id":85476,"date":"2026-04-24T14:53:53","date_gmt":"2026-04-24T17:53:53","guid":{"rendered":"https:\/\/blogopara.com.br\/?p=85476"},"modified":"2026-04-24T14:53:53","modified_gmt":"2026-04-24T17:53:53","slug":"mesmo-com-chuva-abertura-da-juazeiropen-reune-publico-e-autoridades-e-marca-inicio-de-feira-de-negocios-no-vale-do-sao-francisco","status":"publish","type":"post","link":"https:\/\/blogopara.com.br\/index.php\/2026\/04\/24\/mesmo-com-chuva-abertura-da-juazeiropen-reune-publico-e-autoridades-e-marca-inicio-de-feira-de-negocios-no-vale-do-sao-francisco","title":{"rendered":"Mesmo com chuva, abertura da JuazeirOpen re\u00fane p\u00fablico e autoridades e marca in\u00edcio de feira de neg\u00f3cios no Vale do S\u00e3o Francisco"},"content":{"rendered":"<p>As chuvas inesperadas n\u00e3o desanimaram o p\u00fablico nem comprometeram o \u00eaxito da noite de abertura da JuazeirOpen \u2013 1\u00aa Feira de Neg\u00f3cios do Vale do S\u00e3o Francisco, realizada nesta quinta-feira (23), na Orla II de Juazeiro.<\/p>\n<p>A cerim\u00f4nia oficial ocorreu no espa\u00e7o da Nord Haus e reuniu autoridades, representantes de institui\u00e7\u00f5es financeiras e empresariais, expositores, imprensa e a comunidade regional, consolidando o evento como refer\u00eancia para o fortalecimento do empreendedorismo no Vale.<\/p>\n<p>Promovida pela Associa\u00e7\u00e3o Comercial, Industrial e Agr\u00edcola de Juazeiro (Aciaj), a feira surge com o prop\u00f3sito de conectar pessoas, impulsionar neg\u00f3cios, fortalecer marcas e valorizar o potencial econ\u00f4mico da regi\u00e3o.<\/p>\n<p>Apesar das condi\u00e7\u00f5es clim\u00e1ticas adversas, a programa\u00e7\u00e3o foi mantida. A abertura contou com um momento de ora\u00e7\u00e3o, refor\u00e7ando o ambiente de uni\u00e3o entre os presentes. Em seguida, autoridades fizeram uso da palavra, destacando a import\u00e2ncia da iniciativa para o desenvolvimento econ\u00f4mico local.<\/p>\n<p>Para o presidente da Aciaj Juazeiro e curador da feira, George Falc\u00e3o, a presen\u00e7a do p\u00fablico, apesar da chuva, refor\u00e7a a relev\u00e2ncia do evento.<br \/>\n\u201cSabemos que uma chuva repentina nessa propor\u00e7\u00e3o impacta, e precisamos adotar medidas emergenciais para garantir a continuidade da programa\u00e7\u00e3o. Ainda assim, a popula\u00e7\u00e3o de Juazeiro e regi\u00e3o compareceu, compreendendo a import\u00e2ncia da feira e, principalmente, o impacto positivo para os empreendedores, fortalecendo a economia e impulsionando o com\u00e9rcio local\u201d, destacou.<\/p>\n<p>A abertura oficial foi marcada ainda por um ato simb\u00f3lico com autoridades, consolidando o in\u00edcio de uma feira que pretende integrar com\u00e9rcio, ind\u00fastria, servi\u00e7os, agroneg\u00f3cio e inova\u00e7\u00e3o em um ambiente de oportunidades e networking.<\/p>\n<p>A programa\u00e7\u00e3o de palestras tamb\u00e9m ocorreu conforme previsto, reunindo nomes como Wemerson Sales, Paula Batista e Paulo Dantas. Na primeira noite, a cantora e jornalista Joyce Guirra animou o p\u00fablico com um show especial, levando m\u00fasica ao evento.<\/p>\n<p>A programa\u00e7\u00e3o da JuazeirOpen segue nesta sexta-feira (24), com abertura dos port\u00f5es a partir das 17h, na Orla II. O p\u00fablico poder\u00e1 conferir uma agenda diversificada com palestras gratuitas, mesa-redonda, exposi\u00e7\u00e3o de produtos e servi\u00e7os, al\u00e9m de atra\u00e7\u00f5es musicais e estandes com a culin\u00e1ria regional. Nomes como Isabela Suarez, Val\u00e9ria Scavuzzi, Keila Ventura e Kamilla Fialho contribuir\u00e3o com conte\u00fado para o evento.<\/p>\n<p>A expectativa \u00e9 que, ao longo dos tr\u00eas dias, a feira movimente neg\u00f3cios, promova conhecimento e fortale\u00e7a conex\u00f5es estrat\u00e9gicas para o desenvolvimento econ\u00f4mico do Vale do S\u00e3o Francisco.<\/p>\n<p>M\u00f4nia Ramos &#8211; Jornalista<br \/>\nAscom Aciaj Juazeiro<\/p>\n","protected":false},"excerpt":{"rendered":"<p>As chuvas inesperadas n\u00e3o desanimaram o p\u00fablico nem comprometeram o \u00eaxito da noite de abertura da JuazeirOpen \u2013 1\u00aa Feira de Neg\u00f3cios do Vale do S\u00e3o Francisco, realizada nesta quinta-feira (23), na Orla II de Juazeiro. A cerim\u00f4nia oficial ocorreu no espa\u00e7o da Nord Haus e reuniu autoridades, representantes de institui\u00e7\u00f5es financeiras e empresariais, expositores, [&hellip;]<\/p>\n","protected":false},"author":1,"featured_media":85477,"comment_status":"open","ping_status":"open","sticky":false,"template":"","format":"standard","meta":{"_uag_custom_page_level_css":"","_monsterinsights_skip_tracking":false,"_monsterinsights_sitenote_active":false,"_monsterinsights_sitenote_note":"","_monsterinsights_sitenote_category":0,"jetpack_post_was_ever_published":false,"_jetpack_newsletter_access":"","_jetpack_dont_email_post_to_subs":false,"_jetpack_newsletter_tier_id":0,"_jetpack_memberships_contains_paywalled_content":false,"_jetpack_memberships_contains_paid_content":false,"footnotes":"","jetpack_publicize_message":"","jetpack_publicize_feature_enabled":true,"jetpack_social_post_already_shared":true,"jetpack_social_options":{"image_generator_settings":{"template":"highway","default_image_id":0,"font":"","enabled":false},"version":2}},"categories":[203],"tags":[11845,11681],"class_list":["post-85476","post","type-post","status-publish","format-standard","has-post-thumbnail","hentry","category-juazeiro","tag-aciaj","tag-monia-ramos"],"jetpack_publicize_connections":[],"jetpack_featured_media_url":"https:\/\/blogopara.com.br\/wp-content\/uploads\/2026\/04\/Adriely-Mendonca-10-1.jpg","uagb_featured_image_src":{"full":["https:\/\/blogopara.com.br\/wp-content\/uploads\/2026\/04\/Adriely-Mendonca-10-1.jpg",500,375,false],"thumbnail":["https:\/\/blogopara.com.br\/wp-content\/uploads\/2026\/04\/Adriely-Mendonca-10-1-150x150.jpg",150,150,true],"medium":["https:\/\/blogopara.com.br\/wp-content\/uploads\/2026\/04\/Adriely-Mendonca-10-1-300x225.jpg",300,225,true],"medium_large":["https:\/\/blogopara.com.br\/wp-content\/uploads\/2026\/04\/Adriely-Mendonca-10-1.jpg",500,375,false],"large":["https:\/\/blogopara.com.br\/wp-content\/uploads\/2026\/04\/Adriely-Mendonca-10-1.jpg",500,375,false],"1536x1536":["https:\/\/blogopara.com.br\/wp-content\/uploads\/2026\/04\/Adriely-Mendonca-10-1.jpg",500,375,false],"2048x2048":["https:\/\/blogopara.com.br\/wp-content\/uploads\/2026\/04\/Adriely-Mendonca-10-1.jpg",500,375,false],"mantranews-slider-large":["https:\/\/blogopara.com.br\/wp-content\/uploads\/2026\/04\/Adriely-Mendonca-10-1.jpg",500,375,false],"mantranews-featured-medium":["https:\/\/blogopara.com.br\/wp-content\/uploads\/2026\/04\/Adriely-Mendonca-10-1-420x307.jpg",420,307,true],"mantranews-featured-long":["https:\/\/blogopara.com.br\/wp-content\/uploads\/2026\/04\/Adriely-Mendonca-10-1-300x375.jpg",300,375,true],"mantranews-block-medium":["https:\/\/blogopara.com.br\/wp-content\/uploads\/2026\/04\/Adriely-Mendonca-10-1-464x290.jpg",464,290,true],"mantranews-carousel-image":["https:\/\/blogopara.com.br\/wp-content\/uploads\/2026\/04\/Adriely-Mendonca-10-1.jpg",500,375,false],"mantranews-block-thumb":["https:\/\/blogopara.com.br\/wp-content\/uploads\/2026\/04\/Adriely-Mendonca-10-1-322x230.jpg",322,230,true],"mantranews-single-large":["https:\/\/blogopara.com.br\/wp-content\/uploads\/2026\/04\/Adriely-Mendonca-10-1.jpg",500,375,false]},"uagb_author_info":{"display_name":"Reda\u00e7\u00e3o geral","author_link":"https:\/\/blogopara.com.br\/index.php\/author\/blogopara"},"uagb_comment_info":0,"uagb_excerpt":"As chuvas inesperadas n\u00e3o desanimaram o p\u00fablico nem comprometeram o \u00eaxito da noite de abertura da JuazeirOpen \u2013 1\u00aa Feira de Neg\u00f3cios do Vale do S\u00e3o Francisco, realizada nesta quinta-feira (23), na Orla II de Juazeiro. A cerim\u00f4nia oficial ocorreu no espa\u00e7o da Nord Haus e reuniu autoridades, representantes de institui\u00e7\u00f5es financeiras e empresariais, expositores,&hellip;","jetpack_sharing_enabled":true,"jetpack_likes_enabled":true,"_links":{"self":[{"href":"https:\/\/blogopara.com.br\/index.php\/wp-json\/wp\/v2\/posts\/85476","targetHints":{"allow":["GET"]}}],"collection":[{"href":"https:\/\/blogopara.com.br\/index.php\/wp-json\/wp\/v2\/posts"}],"about":[{"href":"https:\/\/blogopara.com.br\/index.php\/wp-json\/wp\/v2\/types\/post"}],"author":[{"embeddable":true,"href":"https:\/\/blogopara.com.br\/index.php\/wp-json\/wp\/v2\/users\/1"}],"replies":[{"embeddable":true,"href":"https:\/\/blogopara.com.br\/index.php\/wp-json\/wp\/v2\/comments?post=85476"}],"version-history":[{"count":1,"href":"https:\/\/blogopara.com.br\/index.php\/wp-json\/wp\/v2\/posts\/85476\/revisions"}],"predecessor-version":[{"id":85478,"href":"https:\/\/blogopara.com.br\/index.php\/wp-json\/wp\/v2\/posts\/85476\/revisions\/85478"}],"wp:featuredmedia":[{"embeddable":true,"href":"https:\/\/blogopara.com.br\/index.php\/wp-json\/wp\/v2\/media\/85477"}],"wp:attachment":[{"href":"https:\/\/blogopara.com.br\/index.php\/wp-json\/wp\/v2\/media?parent=85476"}],"wp:term":[{"taxonomy":"category","embeddable":true,"href":"https:\/\/blogopara.com.br\/index.php\/wp-json\/wp\/v2\/categories?post=85476"},{"taxonomy":"post_tag","embeddable":true,"href":"https:\/\/blogopara.com.br\/index.php\/wp-json\/wp\/v2\/tags?post=85476"}],"curies":[{"name":"wp","href":"https:\/\/api.w.org\/{rel}","templated":true}]}}