{"id":85479,"date":"2026-04-24T15:25:17","date_gmt":"2026-04-24T18:25:17","guid":{"rendered":"https:\/\/blogopara.com.br\/?p=85479"},"modified":"2026-04-24T15:25:17","modified_gmt":"2026-04-24T18:25:17","slug":"sento-se-conquista-destaque-nacional-e-tem-representante-entre-as-3-selecionadas-da-bahia-em-curso-do-ministerio-da-justica","status":"publish","type":"post","link":"https:\/\/blogopara.com.br\/index.php\/2026\/04\/24\/sento-se-conquista-destaque-nacional-e-tem-representante-entre-as-3-selecionadas-da-bahia-em-curso-do-ministerio-da-justica","title":{"rendered":"Sento-S\u00e9 conquista destaque nacional e tem representante entre as 3 selecionadas da Bahia em curso do Minist\u00e9rio da Justi\u00e7a"},"content":{"rendered":"<p class=\"x_MsoNormal\">O munic\u00edpio de Sento-S\u00e9 celebra mais uma importante conquista no fortalecimento das pol\u00edticas p\u00fablicas e da seguran\u00e7a cidad\u00e3. A inspetora-chefe da Guarda Civil Municipal, Josilene Lins, foi selecionada para participar da 2\u00aa edi\u00e7\u00e3o do curso \u201cMulheres na Lideran\u00e7a por um Brasil Mais Seguro\u201d, promovido pela Secretaria Nacional de Seguran\u00e7a P\u00fablica (SENASP), do Minist\u00e9rio da Justi\u00e7a e Seguran\u00e7a P\u00fablica.<\/p>\n<p class=\"x_MsoNormal\">Al\u00e9m de integrar um seleto grupo de apenas 42 mulheres de todo o pa\u00eds, Josilene tamb\u00e9m se destaca por ser uma das tr\u00eas representantes escolhidas em todo o estado da Bahia, evidenciando ainda mais o protagonismo de Sento-S\u00e9 no cen\u00e1rio estadual e nacional.<\/p>\n<p class=\"x_MsoNormal\">A forma\u00e7\u00e3o, que acontece entre os dias 27 e 30 de abril, em Bras\u00edlia, re\u00fane profissionais de diversas for\u00e7as de seguran\u00e7a, com foco no fortalecimento da lideran\u00e7a feminina e na constru\u00e7\u00e3o de pol\u00edticas p\u00fablicas mais inclusivas e eficazes.<\/p>\n<p class=\"x_MsoNormal\">A prefeita Giselda Carvalho destacou o orgulho e a import\u00e2ncia desse momento para a cidade. \u201cRecebemos essa not\u00edcia com muita alegria. Ver uma representante de Sento-S\u00e9 sendo reconhecida em n\u00edvel nacional mostra a for\u00e7a das nossas mulheres e o quanto estamos avan\u00e7ando no empoderamento feminino. \u00c9 mais um passo importante na constru\u00e7\u00e3o de uma sociedade mais justa, segura e igualit\u00e1ria\u201d, afirmou.<\/p>\n<p class=\"x_MsoNormal\">Para a inspetora Josilene Lins, a sele\u00e7\u00e3o representa um marco em sua trajet\u00f3ria profissional. \u201c\u00c9 uma felicidade imensa e um sentimento de dever reconhecido. Poder representar Sento-S\u00e9 em um curso t\u00e3o importante \u00e9 motivo de orgulho e tamb\u00e9m de muita responsabilidade. Vou aproveitar ao m\u00e1ximo essa oportunidade para trazer ainda mais conhecimento e contribuir com a seguran\u00e7a do nosso munic\u00edpio\u201d, destacou.<\/p>\n<p class=\"x_MsoNormal\">\nTexto: Gardennia Garibalde &#8211; Ascom PMSSE<\/p>\n","protected":false},"excerpt":{"rendered":"<p>O munic\u00edpio de Sento-S\u00e9 celebra mais uma importante conquista no fortalecimento das pol\u00edticas p\u00fablicas e da seguran\u00e7a cidad\u00e3. A inspetora-chefe da Guarda Civil Municipal, Josilene Lins, foi selecionada para participar da 2\u00aa edi\u00e7\u00e3o do curso \u201cMulheres na Lideran\u00e7a por um Brasil Mais Seguro\u201d, promovido pela Secretaria Nacional de Seguran\u00e7a P\u00fablica (SENASP), do Minist\u00e9rio da Justi\u00e7a [&hellip;]<\/p>\n","protected":false},"author":1,"featured_media":85480,"comment_status":"open","ping_status":"open","sticky":false,"template":"","format":"standard","meta":{"_uag_custom_page_level_css":"","_monsterinsights_skip_tracking":false,"_monsterinsights_sitenote_active":false,"_monsterinsights_sitenote_note":"","_monsterinsights_sitenote_category":0,"jetpack_post_was_ever_published":false,"_jetpack_newsletter_access":"","_jetpack_dont_email_post_to_subs":false,"_jetpack_newsletter_tier_id":0,"_jetpack_memberships_contains_paywalled_content":false,"_jetpack_memberships_contains_paid_content":false,"footnotes":"","jetpack_publicize_message":"","jetpack_publicize_feature_enabled":true,"jetpack_social_post_already_shared":true,"jetpack_social_options":{"image_generator_settings":{"template":"highway","default_image_id":0,"font":"","enabled":false},"version":2}},"categories":[3027],"tags":[11115],"class_list":["post-85479","post","type-post","status-publish","format-standard","has-post-thumbnail","hentry","category-sento-se","tag-juvenilson-passos"],"jetpack_publicize_connections":[],"jetpack_featured_media_url":"https:\/\/blogopara.com.br\/wp-content\/uploads\/2026\/04\/d53ea30b-0e30-4b21-b76b-ceec70642a38.jpg","uagb_featured_image_src":{"full":["https:\/\/blogopara.com.br\/wp-content\/uploads\/2026\/04\/d53ea30b-0e30-4b21-b76b-ceec70642a38.jpg",500,375,false],"thumbnail":["https:\/\/blogopara.com.br\/wp-content\/uploads\/2026\/04\/d53ea30b-0e30-4b21-b76b-ceec70642a38-150x150.jpg",150,150,true],"medium":["https:\/\/blogopara.com.br\/wp-content\/uploads\/2026\/04\/d53ea30b-0e30-4b21-b76b-ceec70642a38-300x225.jpg",300,225,true],"medium_large":["https:\/\/blogopara.com.br\/wp-content\/uploads\/2026\/04\/d53ea30b-0e30-4b21-b76b-ceec70642a38.jpg",500,375,false],"large":["https:\/\/blogopara.com.br\/wp-content\/uploads\/2026\/04\/d53ea30b-0e30-4b21-b76b-ceec70642a38.jpg",500,375,false],"1536x1536":["https:\/\/blogopara.com.br\/wp-content\/uploads\/2026\/04\/d53ea30b-0e30-4b21-b76b-ceec70642a38.jpg",500,375,false],"2048x2048":["https:\/\/blogopara.com.br\/wp-content\/uploads\/2026\/04\/d53ea30b-0e30-4b21-b76b-ceec70642a38.jpg",500,375,false],"mantranews-slider-large":["https:\/\/blogopara.com.br\/wp-content\/uploads\/2026\/04\/d53ea30b-0e30-4b21-b76b-ceec70642a38.jpg",500,375,false],"mantranews-featured-medium":["https:\/\/blogopara.com.br\/wp-content\/uploads\/2026\/04\/d53ea30b-0e30-4b21-b76b-ceec70642a38-420x307.jpg",420,307,true],"mantranews-featured-long":["https:\/\/blogopara.com.br\/wp-content\/uploads\/2026\/04\/d53ea30b-0e30-4b21-b76b-ceec70642a38-300x375.jpg",300,375,true],"mantranews-block-medium":["https:\/\/blogopara.com.br\/wp-content\/uploads\/2026\/04\/d53ea30b-0e30-4b21-b76b-ceec70642a38-464x290.jpg",464,290,true],"mantranews-carousel-image":["https:\/\/blogopara.com.br\/wp-content\/uploads\/2026\/04\/d53ea30b-0e30-4b21-b76b-ceec70642a38.jpg",500,375,false],"mantranews-block-thumb":["https:\/\/blogopara.com.br\/wp-content\/uploads\/2026\/04\/d53ea30b-0e30-4b21-b76b-ceec70642a38-322x230.jpg",322,230,true],"mantranews-single-large":["https:\/\/blogopara.com.br\/wp-content\/uploads\/2026\/04\/d53ea30b-0e30-4b21-b76b-ceec70642a38.jpg",500,375,false]},"uagb_author_info":{"display_name":"Reda\u00e7\u00e3o geral","author_link":"https:\/\/blogopara.com.br\/index.php\/author\/blogopara"},"uagb_comment_info":0,"uagb_excerpt":"O munic\u00edpio de Sento-S\u00e9 celebra mais uma importante conquista no fortalecimento das pol\u00edticas p\u00fablicas e da seguran\u00e7a cidad\u00e3. A inspetora-chefe da Guarda Civil Municipal, Josilene Lins, foi selecionada para participar da 2\u00aa edi\u00e7\u00e3o do curso \u201cMulheres na Lideran\u00e7a por um Brasil Mais Seguro\u201d, promovido pela Secretaria Nacional de Seguran\u00e7a P\u00fablica (SENASP), do Minist\u00e9rio da Justi\u00e7a&hellip;","jetpack_sharing_enabled":true,"jetpack_likes_enabled":true,"_links":{"self":[{"href":"https:\/\/blogopara.com.br\/index.php\/wp-json\/wp\/v2\/posts\/85479","targetHints":{"allow":["GET"]}}],"collection":[{"href":"https:\/\/blogopara.com.br\/index.php\/wp-json\/wp\/v2\/posts"}],"about":[{"href":"https:\/\/blogopara.com.br\/index.php\/wp-json\/wp\/v2\/types\/post"}],"author":[{"embeddable":true,"href":"https:\/\/blogopara.com.br\/index.php\/wp-json\/wp\/v2\/users\/1"}],"replies":[{"embeddable":true,"href":"https:\/\/blogopara.com.br\/index.php\/wp-json\/wp\/v2\/comments?post=85479"}],"version-history":[{"count":1,"href":"https:\/\/blogopara.com.br\/index.php\/wp-json\/wp\/v2\/posts\/85479\/revisions"}],"predecessor-version":[{"id":85481,"href":"https:\/\/blogopara.com.br\/index.php\/wp-json\/wp\/v2\/posts\/85479\/revisions\/85481"}],"wp:featuredmedia":[{"embeddable":true,"href":"https:\/\/blogopara.com.br\/index.php\/wp-json\/wp\/v2\/media\/85480"}],"wp:attachment":[{"href":"https:\/\/blogopara.com.br\/index.php\/wp-json\/wp\/v2\/media?parent=85479"}],"wp:term":[{"taxonomy":"category","embeddable":true,"href":"https:\/\/blogopara.com.br\/index.php\/wp-json\/wp\/v2\/categories?post=85479"},{"taxonomy":"post_tag","embeddable":true,"href":"https:\/\/blogopara.com.br\/index.php\/wp-json\/wp\/v2\/tags?post=85479"}],"curies":[{"name":"wp","href":"https:\/\/api.w.org\/{rel}","templated":true}]}}