{"id":85488,"date":"2026-04-24T16:16:58","date_gmt":"2026-04-24T19:16:58","guid":{"rendered":"https:\/\/blogopara.com.br\/?p=85488"},"modified":"2026-04-24T16:16:58","modified_gmt":"2026-04-24T19:16:58","slug":"carlos-britto-anuncia-afastamento-da-direcao-do-blog-e-com-foco-na-pre-candidatura-a-camara-federal","status":"publish","type":"post","link":"https:\/\/blogopara.com.br\/index.php\/2026\/04\/24\/carlos-britto-anuncia-afastamento-da-direcao-do-blog-e-com-foco-na-pre-candidatura-a-camara-federal","title":{"rendered":"Carlos Britto anuncia afastamento da dire\u00e7\u00e3o do Blog e com foco na\u00a0 pr\u00e9-candidatura \u00e0 C\u00e2mara Federal"},"content":{"rendered":"<p class=\"x_MsoNormal\">O jornalista Carlos Britto anunciou oficialmente, nesta quinta-feira (23), o seu afastamento da dire\u00e7\u00e3o editorial do Blog do Carlos Britto. A decis\u00e3o ocorre de forma estrat\u00e9gica para assegurar a independ\u00eancia e a imparcialidade do ve\u00edculo, uma vez que Britto confirmou que disputar\u00e1 uma vaga de Deputado Federal nas pr\u00f3ximas elei\u00e7\u00f5es.<\/p>\n<p class=\"x_MsoNormal\">Para ocupar o seu lugar na linha de frente do blog, Carlos Britto escolheu um parceiro de longa data: o jornalista Antonio Carlos Miranda. Com mais de 20 anos de experi\u00eancia e atua\u00e7\u00e3o conjunta, ACM assume a miss\u00e3o de manter o rigor e a seriedade que marcam a trajet\u00f3ria do portal.<\/p>\n<p class=\"x_MsoNormal\">Em seu pronunciamento, Britto destacou que a mudan\u00e7a \u00e9 necess\u00e1ria para que o jornalismo praticado pelo Blog continue &#8220;intoc\u00e1vel&#8221;. Ele refor\u00e7ou que sua entrada na pol\u00edtica \u00e9 movida pelo desejo de transformar o aprendizado de anos ouvindo a popula\u00e7\u00e3o em a\u00e7\u00f5es diretas na base.<\/p>\n<p class=\"x_MsoNormal\">\u201cMinha vida sempre foi pautada pela verdade. Passo o bast\u00e3o com a tranquilidade de quem sabe que o jornalismo s\u00e9rio seguir\u00e1 em boas m\u00e3os com Antonio Carlos Miranda\u201d, afirmou.<\/p>\n<p class=\"x_MsoNormal\">Carlos Britto tamb\u00e9m pontuou que sua pr\u00e9-candidatura n\u00e3o est\u00e1 ligada a oligarquias ou sobrenomes tradicionais da pol\u00edtica. &#8220;Eu n\u00e3o venho de fam\u00edlias tradicionais ou imposi\u00e7\u00f5es pol\u00edticas. Sou filho de pais humildes e trabalhadores. Minha candidatura nasce da base, do povo, de quem sabe o que \u00e9 ser invis\u00edvel para o sistema&#8221;, declarou o comunicador.<\/p>\n<p class=\"x_MsoNormal\">Ao se colocar \u00e0 disposi\u00e7\u00e3o como candidato, Britto enfatizou que sua trajet\u00f3ria \u00e9 uma prova de que quem vem de baixo pode ocupar espa\u00e7os de poder. &#8220;Me coloco como candidato para provar que, se eu chegar, todos n\u00f3s chegaremos&#8221;, concluiu.<\/p>\n<p>Ascom Carlos Britto<\/p>\n","protected":false},"excerpt":{"rendered":"<p>O jornalista Carlos Britto anunciou oficialmente, nesta quinta-feira (23), o seu afastamento da dire\u00e7\u00e3o editorial do Blog do Carlos Britto. A decis\u00e3o ocorre de forma estrat\u00e9gica para assegurar a independ\u00eancia e a imparcialidade do ve\u00edculo, uma vez que Britto confirmou que disputar\u00e1 uma vaga de Deputado Federal nas pr\u00f3ximas elei\u00e7\u00f5es. Para ocupar o seu lugar [&hellip;]<\/p>\n","protected":false},"author":1,"featured_media":85489,"comment_status":"open","ping_status":"open","sticky":false,"template":"","format":"standard","meta":{"_uag_custom_page_level_css":"","_monsterinsights_skip_tracking":false,"_monsterinsights_sitenote_active":false,"_monsterinsights_sitenote_note":"","_monsterinsights_sitenote_category":0,"jetpack_post_was_ever_published":false,"_jetpack_newsletter_access":"","_jetpack_dont_email_post_to_subs":false,"_jetpack_newsletter_tier_id":0,"_jetpack_memberships_contains_paywalled_content":false,"_jetpack_memberships_contains_paid_content":false,"footnotes":"","jetpack_publicize_message":"","jetpack_publicize_feature_enabled":true,"jetpack_social_post_already_shared":true,"jetpack_social_options":{"image_generator_settings":{"template":"highway","default_image_id":0,"font":"","enabled":false},"version":2}},"categories":[197],"tags":[10154,11999],"class_list":["post-85488","post","type-post","status-publish","format-standard","has-post-thumbnail","hentry","category-politica","tag-carlos-britto","tag-pl-pe"],"jetpack_publicize_connections":[],"jetpack_featured_media_url":"https:\/\/blogopara.com.br\/wp-content\/uploads\/2026\/04\/d1e84078-e677-4e77-8bc1-75f36f3cbd1f.jpg","uagb_featured_image_src":{"full":["https:\/\/blogopara.com.br\/wp-content\/uploads\/2026\/04\/d1e84078-e677-4e77-8bc1-75f36f3cbd1f.jpg",495,526,false],"thumbnail":["https:\/\/blogopara.com.br\/wp-content\/uploads\/2026\/04\/d1e84078-e677-4e77-8bc1-75f36f3cbd1f-150x150.jpg",150,150,true],"medium":["https:\/\/blogopara.com.br\/wp-content\/uploads\/2026\/04\/d1e84078-e677-4e77-8bc1-75f36f3cbd1f-282x300.jpg",282,300,true],"medium_large":["https:\/\/blogopara.com.br\/wp-content\/uploads\/2026\/04\/d1e84078-e677-4e77-8bc1-75f36f3cbd1f.jpg",495,526,false],"large":["https:\/\/blogopara.com.br\/wp-content\/uploads\/2026\/04\/d1e84078-e677-4e77-8bc1-75f36f3cbd1f.jpg",495,526,false],"1536x1536":["https:\/\/blogopara.com.br\/wp-content\/uploads\/2026\/04\/d1e84078-e677-4e77-8bc1-75f36f3cbd1f.jpg",495,526,false],"2048x2048":["https:\/\/blogopara.com.br\/wp-content\/uploads\/2026\/04\/d1e84078-e677-4e77-8bc1-75f36f3cbd1f.jpg",495,526,false],"mantranews-slider-large":["https:\/\/blogopara.com.br\/wp-content\/uploads\/2026\/04\/d1e84078-e677-4e77-8bc1-75f36f3cbd1f.jpg",495,526,false],"mantranews-featured-medium":["https:\/\/blogopara.com.br\/wp-content\/uploads\/2026\/04\/d1e84078-e677-4e77-8bc1-75f36f3cbd1f-420x307.jpg",420,307,true],"mantranews-featured-long":["https:\/\/blogopara.com.br\/wp-content\/uploads\/2026\/04\/d1e84078-e677-4e77-8bc1-75f36f3cbd1f-300x443.jpg",300,443,true],"mantranews-block-medium":["https:\/\/blogopara.com.br\/wp-content\/uploads\/2026\/04\/d1e84078-e677-4e77-8bc1-75f36f3cbd1f-464x290.jpg",464,290,true],"mantranews-carousel-image":["https:\/\/blogopara.com.br\/wp-content\/uploads\/2026\/04\/d1e84078-e677-4e77-8bc1-75f36f3cbd1f-495x500.jpg",495,500,true],"mantranews-block-thumb":["https:\/\/blogopara.com.br\/wp-content\/uploads\/2026\/04\/d1e84078-e677-4e77-8bc1-75f36f3cbd1f-322x230.jpg",322,230,true],"mantranews-single-large":["https:\/\/blogopara.com.br\/wp-content\/uploads\/2026\/04\/d1e84078-e677-4e77-8bc1-75f36f3cbd1f.jpg",495,526,false]},"uagb_author_info":{"display_name":"Reda\u00e7\u00e3o geral","author_link":"https:\/\/blogopara.com.br\/index.php\/author\/blogopara"},"uagb_comment_info":0,"uagb_excerpt":"O jornalista Carlos Britto anunciou oficialmente, nesta quinta-feira (23), o seu afastamento da dire\u00e7\u00e3o editorial do Blog do Carlos Britto. A decis\u00e3o ocorre de forma estrat\u00e9gica para assegurar a independ\u00eancia e a imparcialidade do ve\u00edculo, uma vez que Britto confirmou que disputar\u00e1 uma vaga de Deputado Federal nas pr\u00f3ximas elei\u00e7\u00f5es. Para ocupar o seu lugar&hellip;","jetpack_sharing_enabled":true,"jetpack_likes_enabled":true,"_links":{"self":[{"href":"https:\/\/blogopara.com.br\/index.php\/wp-json\/wp\/v2\/posts\/85488","targetHints":{"allow":["GET"]}}],"collection":[{"href":"https:\/\/blogopara.com.br\/index.php\/wp-json\/wp\/v2\/posts"}],"about":[{"href":"https:\/\/blogopara.com.br\/index.php\/wp-json\/wp\/v2\/types\/post"}],"author":[{"embeddable":true,"href":"https:\/\/blogopara.com.br\/index.php\/wp-json\/wp\/v2\/users\/1"}],"replies":[{"embeddable":true,"href":"https:\/\/blogopara.com.br\/index.php\/wp-json\/wp\/v2\/comments?post=85488"}],"version-history":[{"count":1,"href":"https:\/\/blogopara.com.br\/index.php\/wp-json\/wp\/v2\/posts\/85488\/revisions"}],"predecessor-version":[{"id":85490,"href":"https:\/\/blogopara.com.br\/index.php\/wp-json\/wp\/v2\/posts\/85488\/revisions\/85490"}],"wp:featuredmedia":[{"embeddable":true,"href":"https:\/\/blogopara.com.br\/index.php\/wp-json\/wp\/v2\/media\/85489"}],"wp:attachment":[{"href":"https:\/\/blogopara.com.br\/index.php\/wp-json\/wp\/v2\/media?parent=85488"}],"wp:term":[{"taxonomy":"category","embeddable":true,"href":"https:\/\/blogopara.com.br\/index.php\/wp-json\/wp\/v2\/categories?post=85488"},{"taxonomy":"post_tag","embeddable":true,"href":"https:\/\/blogopara.com.br\/index.php\/wp-json\/wp\/v2\/tags?post=85488"}],"curies":[{"name":"wp","href":"https:\/\/api.w.org\/{rel}","templated":true}]}}