{"id":85491,"date":"2026-04-24T16:18:53","date_gmt":"2026-04-24T19:18:53","guid":{"rendered":"https:\/\/blogopara.com.br\/?p=85491"},"modified":"2026-04-24T16:18:53","modified_gmt":"2026-04-24T19:18:53","slug":"dna-da-manga-petrolina-recebe-grande-evento-tecnico-sobre-cultivo-da-manga-com-um-dos-maiores-especialistas-do-setor","status":"publish","type":"post","link":"https:\/\/blogopara.com.br\/index.php\/2026\/04\/24\/dna-da-manga-petrolina-recebe-grande-evento-tecnico-sobre-cultivo-da-manga-com-um-dos-maiores-especialistas-do-setor","title":{"rendered":"DNA DA MANGA: PETROLINA RECEBE GRANDE EVENTO T\u00c9CNICO SOBRE CULTIVO DA MANGA COM UM DOS MAIORES ESPECIALISTAS DO SETOR"},"content":{"rendered":"<div class=\"x_elementToProof\">O Vale do S\u00e3o Francisco, uma das regi\u00f5es mais produtivas do agroneg\u00f3cio brasileiro, ser\u00e1 palco, entre os dias 23, 24 e 25 de abril, de uma imers\u00e3o que vem chamando a aten\u00e7\u00e3o de produtores, t\u00e9cnicos e empres\u00e1rios do setor: o DNA da Manga. Mais do que um curso, o evento prop\u00f5e uma experi\u00eancia t\u00e9cnica profunda, conectando ci\u00eancia, pr\u00e1tica e tomada de decis\u00e3o estrat\u00e9gica no manejo da cultura.<\/div>\n<div><\/div>\n<div class=\"x_elementToProof\">Idealizado pelo engenheiro agr\u00f4nomo Eduardo Ferraz, refer\u00eancia na mangicultura, o evento ser\u00e1 dividido em dois momentos: imers\u00e3o te\u00f3rica no audit\u00f3rio da Central de Adubos, em Petrolina, e pr\u00e1tica de campo na Fazenda Clorofila, em Cabrob\u00f3 (PE), reconhecida pela alta produtividade.<\/div>\n<div class=\"x_elementToProof\">Com dois dias de conte\u00fado intensivo em audit\u00f3rio e um terceiro dia totalmente voltado \u00e0 pr\u00e1tica de campo, a proposta \u00e9 clara: sair do conhecimento superficial e mergulhar na base que sustenta a alta produtividade, a fisiologia da planta e o entendimento real do pomar.<\/div>\n<div><\/div>\n<div class=\"x_elementToProof\">Com mais de 34 anos de experi\u00eancia, Ferraz \u00e9 hoje uma das principais autoridades no setor, com opera\u00e7\u00e3o que ultrapassa 130 cont\u00eaineres exportados por ano e \u00e1reas que atingem mais de 50 toneladas por hectare.<\/div>\n<div class=\"x_elementToProof\">Para ele, o diferencial est\u00e1 na forma de ensinar.\u00a0<i>\u201cO DNA da Manga nasceu para ir al\u00e9m da teoria. O produtor precisa entender a planta, interpretar sinais e tomar decis\u00f5es com base nisso. \u00c9 isso que realmente muda o resultado no campo<\/i>\u201d, afirma o engenheiro.<\/div>\n<div><\/div>\n<div class=\"x_elementToProof\">Durante os dois primeiros dias, os participantes ter\u00e3o acesso a conte\u00fado sobre fisiologia da mangueira, manejo hormonal e nutricional, al\u00e9m da constru\u00e7\u00e3o de uma base t\u00e9cnica s\u00f3lida para decis\u00f5es mais seguras.\u00a0<i>\u201cProdutividade n\u00e3o come\u00e7a na flor nem no fruto. Come\u00e7a na raiz, na fisiologia e nas decis\u00f5es invis\u00edveis que antecedem a colheita<\/i>\u201d, destaca Ferraz.<\/div>\n<div><\/div>\n<div class=\"x_elementToProof\">J\u00e1 no terceiro dia, a proposta \u00e9 transformar conhecimento em pr\u00e1tica. A viv\u00eancia no campo permitir\u00e1 aos participantes acompanhar de perto a leitura da planta, identifica\u00e7\u00e3o de sinais e aplica\u00e7\u00e3o de protocolos utilizados em uma fazenda de alto desempenho.\u00a0<i>\u201cN\u00e3o \u00e9 s\u00f3 aprender, \u00e9 ver acontecendo. No campo, o produtor entende como transformar conhecimento em a\u00e7\u00e3o<\/i>\u201d, conclui.<\/div>\n<div><\/div>\n<div class=\"x_elementToProof\">A imers\u00e3o DNA da Manga chega ao Vale do S\u00e3o Francisco em um momento estrat\u00e9gico, em que o setor demanda cada vez mais efici\u00eancia, precis\u00e3o e profissionaliza\u00e7\u00e3o no manejo.<\/div>\n<div><\/div>\n<div class=\"x_elementToProof\">Com foco em resultados concretos, o evento promete entregar mais do que conte\u00fado: uma mudan\u00e7a de mentalidade na forma de produzir. \u201c<i>Quem participa sai com mais clareza, mais confian\u00e7a e mais precis\u00e3o. Porque passa a decidir com base em ci\u00eancia aplicada<\/i>\u201d, conclui Eduardo Ferraz.<\/div>\n<div class=\"x_elementToProof\"><\/div>\n<div class=\"x_elementToProof\"><b><i>Jornalista Daniela Duarte<\/i><\/b><\/div>\n<div><\/div>\n","protected":false},"excerpt":{"rendered":"<p>O Vale do S\u00e3o Francisco, uma das regi\u00f5es mais produtivas do agroneg\u00f3cio brasileiro, ser\u00e1 palco, entre os dias 23, 24 e 25 de abril, de uma imers\u00e3o que vem chamando a aten\u00e7\u00e3o de produtores, t\u00e9cnicos e empres\u00e1rios do setor: o DNA da Manga. Mais do que um curso, o evento prop\u00f5e uma experi\u00eancia t\u00e9cnica profunda, [&hellip;]<\/p>\n","protected":false},"author":1,"featured_media":85492,"comment_status":"open","ping_status":"open","sticky":false,"template":"","format":"standard","meta":{"_uag_custom_page_level_css":"","_monsterinsights_skip_tracking":false,"_monsterinsights_sitenote_active":false,"_monsterinsights_sitenote_note":"","_monsterinsights_sitenote_category":0,"jetpack_post_was_ever_published":false,"_jetpack_newsletter_access":"","_jetpack_dont_email_post_to_subs":false,"_jetpack_newsletter_tier_id":0,"_jetpack_memberships_contains_paywalled_content":false,"_jetpack_memberships_contains_paid_content":false,"footnotes":"","jetpack_publicize_message":"","jetpack_publicize_feature_enabled":true,"jetpack_social_post_already_shared":true,"jetpack_social_options":{"image_generator_settings":{"template":"highway","default_image_id":0,"font":"","enabled":false},"version":2}},"categories":[206],"tags":[],"class_list":["post-85491","post","type-post","status-publish","format-standard","has-post-thumbnail","hentry","category-economia"],"jetpack_publicize_connections":[],"jetpack_featured_media_url":"https:\/\/blogopara.com.br\/wp-content\/uploads\/2026\/04\/89387f8b-521f-4860-913e-de989f57fee1.jpg","uagb_featured_image_src":{"full":["https:\/\/blogopara.com.br\/wp-content\/uploads\/2026\/04\/89387f8b-521f-4860-913e-de989f57fee1.jpg",500,506,false],"thumbnail":["https:\/\/blogopara.com.br\/wp-content\/uploads\/2026\/04\/89387f8b-521f-4860-913e-de989f57fee1-150x150.jpg",150,150,true],"medium":["https:\/\/blogopara.com.br\/wp-content\/uploads\/2026\/04\/89387f8b-521f-4860-913e-de989f57fee1-296x300.jpg",296,300,true],"medium_large":["https:\/\/blogopara.com.br\/wp-content\/uploads\/2026\/04\/89387f8b-521f-4860-913e-de989f57fee1.jpg",500,506,false],"large":["https:\/\/blogopara.com.br\/wp-content\/uploads\/2026\/04\/89387f8b-521f-4860-913e-de989f57fee1.jpg",500,506,false],"1536x1536":["https:\/\/blogopara.com.br\/wp-content\/uploads\/2026\/04\/89387f8b-521f-4860-913e-de989f57fee1.jpg",500,506,false],"2048x2048":["https:\/\/blogopara.com.br\/wp-content\/uploads\/2026\/04\/89387f8b-521f-4860-913e-de989f57fee1.jpg",500,506,false],"mantranews-slider-large":["https:\/\/blogopara.com.br\/wp-content\/uploads\/2026\/04\/89387f8b-521f-4860-913e-de989f57fee1.jpg",500,506,false],"mantranews-featured-medium":["https:\/\/blogopara.com.br\/wp-content\/uploads\/2026\/04\/89387f8b-521f-4860-913e-de989f57fee1-420x307.jpg",420,307,true],"mantranews-featured-long":["https:\/\/blogopara.com.br\/wp-content\/uploads\/2026\/04\/89387f8b-521f-4860-913e-de989f57fee1-300x443.jpg",300,443,true],"mantranews-block-medium":["https:\/\/blogopara.com.br\/wp-content\/uploads\/2026\/04\/89387f8b-521f-4860-913e-de989f57fee1-464x290.jpg",464,290,true],"mantranews-carousel-image":["https:\/\/blogopara.com.br\/wp-content\/uploads\/2026\/04\/89387f8b-521f-4860-913e-de989f57fee1-500x500.jpg",500,500,true],"mantranews-block-thumb":["https:\/\/blogopara.com.br\/wp-content\/uploads\/2026\/04\/89387f8b-521f-4860-913e-de989f57fee1-322x230.jpg",322,230,true],"mantranews-single-large":["https:\/\/blogopara.com.br\/wp-content\/uploads\/2026\/04\/89387f8b-521f-4860-913e-de989f57fee1.jpg",500,506,false]},"uagb_author_info":{"display_name":"Reda\u00e7\u00e3o geral","author_link":"https:\/\/blogopara.com.br\/index.php\/author\/blogopara"},"uagb_comment_info":0,"uagb_excerpt":"O Vale do S\u00e3o Francisco, uma das regi\u00f5es mais produtivas do agroneg\u00f3cio brasileiro, ser\u00e1 palco, entre os dias 23, 24 e 25 de abril, de uma imers\u00e3o que vem chamando a aten\u00e7\u00e3o de produtores, t\u00e9cnicos e empres\u00e1rios do setor: o DNA da Manga. Mais do que um curso, o evento prop\u00f5e uma experi\u00eancia t\u00e9cnica profunda,&hellip;","jetpack_sharing_enabled":true,"jetpack_likes_enabled":true,"_links":{"self":[{"href":"https:\/\/blogopara.com.br\/index.php\/wp-json\/wp\/v2\/posts\/85491","targetHints":{"allow":["GET"]}}],"collection":[{"href":"https:\/\/blogopara.com.br\/index.php\/wp-json\/wp\/v2\/posts"}],"about":[{"href":"https:\/\/blogopara.com.br\/index.php\/wp-json\/wp\/v2\/types\/post"}],"author":[{"embeddable":true,"href":"https:\/\/blogopara.com.br\/index.php\/wp-json\/wp\/v2\/users\/1"}],"replies":[{"embeddable":true,"href":"https:\/\/blogopara.com.br\/index.php\/wp-json\/wp\/v2\/comments?post=85491"}],"version-history":[{"count":1,"href":"https:\/\/blogopara.com.br\/index.php\/wp-json\/wp\/v2\/posts\/85491\/revisions"}],"predecessor-version":[{"id":85493,"href":"https:\/\/blogopara.com.br\/index.php\/wp-json\/wp\/v2\/posts\/85491\/revisions\/85493"}],"wp:featuredmedia":[{"embeddable":true,"href":"https:\/\/blogopara.com.br\/index.php\/wp-json\/wp\/v2\/media\/85492"}],"wp:attachment":[{"href":"https:\/\/blogopara.com.br\/index.php\/wp-json\/wp\/v2\/media?parent=85491"}],"wp:term":[{"taxonomy":"category","embeddable":true,"href":"https:\/\/blogopara.com.br\/index.php\/wp-json\/wp\/v2\/categories?post=85491"},{"taxonomy":"post_tag","embeddable":true,"href":"https:\/\/blogopara.com.br\/index.php\/wp-json\/wp\/v2\/tags?post=85491"}],"curies":[{"name":"wp","href":"https:\/\/api.w.org\/{rel}","templated":true}]}}