{"id":85501,"date":"2026-04-24T17:23:27","date_gmt":"2026-04-24T20:23:27","guid":{"rendered":"https:\/\/blogopara.com.br\/?p=85501"},"modified":"2026-04-24T17:24:11","modified_gmt":"2026-04-24T20:24:11","slug":"adeus-industria-da-multa-comissao-aprova-fim-dos-radares-escondidos-e-portateis","status":"publish","type":"post","link":"https:\/\/blogopara.com.br\/index.php\/2026\/04\/24\/adeus-industria-da-multa-comissao-aprova-fim-dos-radares-escondidos-e-portateis","title":{"rendered":"Adeus, &#8220;ind\u00fastria da multa&#8221;? Comiss\u00e3o aprova fim dos radares escondidos e port\u00e1teis"},"content":{"rendered":"<div class=\"flex flex-col w-full font-normal text-[18px] leading-[30px] text-tw-theme-text-default\">\n<p id=\"paragrafo-ja5tmbw8he\">A Comiss\u00e3o de Via\u00e7\u00e3o e Transportes da C\u00e2mara dos Deputados aprovou o\u00a0Projeto de Lei 4751\/24, que pro\u00edbe a instala\u00e7\u00e3o e o uso de\u00a0radares de tr\u00e2nsito fixos ou port\u00e1teis\u00a0instalados de forma oculta. A medida altera o C\u00f3digo de Tr\u00e2nsito Brasileiro (CTB) para garantir que a fiscaliza\u00e7\u00e3o de velocidade tenha car\u00e1ter exclusivamente\u00a0educativo\u00a0e\u00a0preventivo, e n\u00e3o punitivo por meio de &#8220;surpresas&#8221; ao condutor.<\/p>\n<\/div>\n<div class=\"flex flex-col w-full font-normal text-[18px] leading-[30px] text-tw-theme-text-default\">\n<p id=\"paragrafo-grbpqo049g\">Pelo texto, qualquer medidor de velocidade que n\u00e3o esteja plenamente vis\u00edvel ou que opere sem a sinaliza\u00e7\u00e3o vertical correspondente ter\u00e1 suas autua\u00e7\u00f5es invalidadas.<\/p>\n<\/div>\n<div class=\"flex flex-col w-full\">\n<h2 id=\"intertitulo-ro42i6frg2\" class=\"font-family-secondary text-tw-theme-box-titulo-default text-[26px] leading-[38px] font-bold md:text-[31px]\">Transpar\u00eancia como requisito de validade<\/h2>\n<\/div>\n<div class=\"flex flex-col w-full font-normal text-[18px] leading-[30px] text-tw-theme-text-default\">\n<p id=\"paragrafo-xx45bowtj7\">A proposta, relatada pelo deputado\u00a0<b>Coronel Meira (PL-PE)<\/b>, estabelece um crit\u00e9rio r\u00edgido de transpar\u00eancia p\u00fablica. De acordo com o substitutivo aprovado, os \u00f3rg\u00e3os de tr\u00e2nsito ficam impedidos de esconder equipamentos atr\u00e1s de viadutos, \u00e1rvores, muretas ou em viaturas descaracterizadas.<\/p>\n<\/div>\n<div class=\"flex flex-col w-full font-normal text-[18px] leading-[30px] text-tw-theme-text-default\">\n<p id=\"paragrafo-ffi4j2ecuh\">A relatora, deputada Rosana Valle (PL-SP), em seu parecer, destacou que a seguran\u00e7a vi\u00e1ria deve ser promovida pela presen\u00e7a ostensiva da fiscaliza\u00e7\u00e3o, for\u00e7ando o motorista a reduzir a velocidade pela consci\u00eancia do radar, e n\u00e3o pela imin\u00eancia da san\u00e7\u00e3o financeira.<\/p>\n<\/div>\n<div class=\"flex flex-col w-full font-normal text-[18px] leading-[30px] text-tw-theme-text-default\">\n<p id=\"paragrafo-a967fgb5h4\">&#8220;A proposta confere maior seguran\u00e7a jur\u00eddica aos condutores e fortalece a educa\u00e7\u00e3o para o tr\u00e2nsito, coibindo pr\u00e1ticas meramente arrecadat\u00f3rias associadas \u00e0 chamada &#8216;ind\u00fastria da multa'&#8221;, destacou.<\/p>\n<\/div>\n<div class=\"flex flex-col w-full\" data-box-lista-comum=\"\">\n<div id=\"box-lista--comum-z44slo8gfw\" class=\"w-full\">\n<div class=\"flex flex-col p-3 border border-[#e6e6e6] rounded-b-md shadow-[0px_0px_10px_#1f1f1f1a]\">\n<div class=\"border-b border-[#e6e6e6] flex flex-row justify-start items-center pb-3 mb-3 last:border-0 last:pb-0 last:mb-0\">\n<div class=\"flex flex-col justify-between self-start w-full h-full\">\n<h3 class=\"font-family-secondary text-[16px] leading-[20px] font-semibold text-black\">Isen\u00e7\u00e3o para caminhoneiros amea\u00e7a elevar pre\u00e7o do ped\u00e1gio para donos de carros de passeio<\/h3>\n<\/div>\n<\/div>\n<\/div>\n<\/div>\n<\/div>\n<div class=\"flex flex-col w-full\">\n<h2 id=\"intertitulo-a6npcs18h7\" class=\"font-family-secondary text-tw-theme-box-titulo-default text-[26px] leading-[38px] font-bold md:text-[31px]\">Restri\u00e7\u00e3o severa aos radares port\u00e1teis<\/h2>\n<\/div>\n<div class=\"flex flex-col w-full font-normal text-[18px] leading-[30px] text-tw-theme-text-default\">\n<p id=\"paragrafo-bo3h6d7oxy\">Um dos pontos de maior impacto no texto \u00e9 a regulamenta\u00e7\u00e3o dos radares port\u00e1teis. O uso desses dispositivos, frequentemente operados de forma estrat\u00e9gica por agentes em pontos de descida ou curvas acentuadas, passar\u00e1 a exigir um protocolo de visibilidade id\u00eantico ao dos radares fixos.<\/p>\n<\/div>\n<div class=\"flex flex-col w-full font-normal text-[18px] leading-[30px] text-tw-theme-text-default\">\n<p id=\"paragrafo-jq3ynk60se\">Isso significa que o agente de tr\u00e2nsito n\u00e3o poder\u00e1 mais se posicionar de forma camuflada. A proposta visa estancar o que parlamentares chamam de &#8220;ind\u00fastria da multa&#8221;, redirecionando o foco para a sinaliza\u00e7\u00e3o adequada das vias, que deve informar com clareza a velocidade m\u00e1xima e a presen\u00e7a do monitoramento eletr\u00f4nico.<\/p>\n<\/div>\n<div class=\"flex flex-col w-full\">\n<h2 id=\"intertitulo-4vs7nwzf5m\" class=\"font-family-secondary text-tw-theme-box-titulo-default text-[26px] leading-[38px] font-bold md:text-[31px]\">Exce\u00e7\u00f5es e tr\u00e2mite legislativo<\/h2>\n<\/div>\n<div class=\"flex flex-col w-full font-normal text-[18px] leading-[30px] text-tw-theme-text-default\">\n<p id=\"paragrafo-6lt43uad36\">O projeto abre uma exce\u00e7\u00e3o pontual: a proibi\u00e7\u00e3o de radares ocultos n\u00e3o se aplica a trechos de rodovias onde houver risco iminente \u00e0 seguran\u00e7a e onde a instala\u00e7\u00e3o de sinaliza\u00e7\u00e3o fixa for tecnicamente invi\u00e1vel, desde que devidamente justificado pela autoridade de tr\u00e2nsito.<\/p>\n<\/div>\n<div class=\"flex flex-col w-full font-normal text-[18px] leading-[30px] text-tw-theme-text-default\">\n<p id=\"paragrafo-ocywm3umen\">O texto agora segue para a an\u00e1lise conclusiva da Comiss\u00e3o de Constitui\u00e7\u00e3o e Justi\u00e7a e de Cidadania (CCJ). Se aprovado sem modifica\u00e7\u00f5es, poder\u00e1 seguir diretamente para o Senado, a menos que haja recurso para vota\u00e7\u00e3o em plen\u00e1rio.<\/p>\n<\/div>\n","protected":false},"excerpt":{"rendered":"<p>A Comiss\u00e3o de Via\u00e7\u00e3o e Transportes da C\u00e2mara dos Deputados aprovou o\u00a0Projeto de Lei 4751\/24, que pro\u00edbe a instala\u00e7\u00e3o e o uso de\u00a0radares de tr\u00e2nsito fixos ou port\u00e1teis\u00a0instalados de forma oculta. A medida altera o C\u00f3digo de Tr\u00e2nsito Brasileiro (CTB) para garantir que a fiscaliza\u00e7\u00e3o de velocidade tenha car\u00e1ter exclusivamente\u00a0educativo\u00a0e\u00a0preventivo, e n\u00e3o punitivo por meio [&hellip;]<\/p>\n","protected":false},"author":1,"featured_media":85502,"comment_status":"open","ping_status":"open","sticky":false,"template":"","format":"standard","meta":{"_uag_custom_page_level_css":"","_monsterinsights_skip_tracking":false,"_monsterinsights_sitenote_active":false,"_monsterinsights_sitenote_note":"","_monsterinsights_sitenote_category":0,"jetpack_post_was_ever_published":false,"_jetpack_newsletter_access":"","_jetpack_dont_email_post_to_subs":false,"_jetpack_newsletter_tier_id":0,"_jetpack_memberships_contains_paywalled_content":false,"_jetpack_memberships_contains_paid_content":false,"footnotes":"","jetpack_publicize_message":"","jetpack_publicize_feature_enabled":true,"jetpack_social_post_already_shared":true,"jetpack_social_options":{"image_generator_settings":{"template":"highway","default_image_id":0,"font":"","enabled":false},"version":2}},"categories":[200],"tags":[],"class_list":["post-85501","post","type-post","status-publish","format-standard","has-post-thumbnail","hentry","category-brasil"],"jetpack_publicize_connections":[],"jetpack_featured_media_url":"https:\/\/blogopara.com.br\/wp-content\/uploads\/2026\/04\/Capturar-49.jpg","uagb_featured_image_src":{"full":["https:\/\/blogopara.com.br\/wp-content\/uploads\/2026\/04\/Capturar-49.jpg",500,300,false],"thumbnail":["https:\/\/blogopara.com.br\/wp-content\/uploads\/2026\/04\/Capturar-49-150x150.jpg",150,150,true],"medium":["https:\/\/blogopara.com.br\/wp-content\/uploads\/2026\/04\/Capturar-49-300x180.jpg",300,180,true],"medium_large":["https:\/\/blogopara.com.br\/wp-content\/uploads\/2026\/04\/Capturar-49.jpg",500,300,false],"large":["https:\/\/blogopara.com.br\/wp-content\/uploads\/2026\/04\/Capturar-49.jpg",500,300,false],"1536x1536":["https:\/\/blogopara.com.br\/wp-content\/uploads\/2026\/04\/Capturar-49.jpg",500,300,false],"2048x2048":["https:\/\/blogopara.com.br\/wp-content\/uploads\/2026\/04\/Capturar-49.jpg",500,300,false],"mantranews-slider-large":["https:\/\/blogopara.com.br\/wp-content\/uploads\/2026\/04\/Capturar-49.jpg",500,300,false],"mantranews-featured-medium":["https:\/\/blogopara.com.br\/wp-content\/uploads\/2026\/04\/Capturar-49-420x300.jpg",420,300,true],"mantranews-featured-long":["https:\/\/blogopara.com.br\/wp-content\/uploads\/2026\/04\/Capturar-49-300x300.jpg",300,300,true],"mantranews-block-medium":["https:\/\/blogopara.com.br\/wp-content\/uploads\/2026\/04\/Capturar-49-464x290.jpg",464,290,true],"mantranews-carousel-image":["https:\/\/blogopara.com.br\/wp-content\/uploads\/2026\/04\/Capturar-49.jpg",500,300,false],"mantranews-block-thumb":["https:\/\/blogopara.com.br\/wp-content\/uploads\/2026\/04\/Capturar-49-322x230.jpg",322,230,true],"mantranews-single-large":["https:\/\/blogopara.com.br\/wp-content\/uploads\/2026\/04\/Capturar-49.jpg",500,300,false]},"uagb_author_info":{"display_name":"Reda\u00e7\u00e3o geral","author_link":"https:\/\/blogopara.com.br\/index.php\/author\/blogopara"},"uagb_comment_info":0,"uagb_excerpt":"A Comiss\u00e3o de Via\u00e7\u00e3o e Transportes da C\u00e2mara dos Deputados aprovou o\u00a0Projeto de Lei 4751\/24, que pro\u00edbe a instala\u00e7\u00e3o e o uso de\u00a0radares de tr\u00e2nsito fixos ou port\u00e1teis\u00a0instalados de forma oculta. A medida altera o C\u00f3digo de Tr\u00e2nsito Brasileiro (CTB) para garantir que a fiscaliza\u00e7\u00e3o de velocidade tenha car\u00e1ter exclusivamente\u00a0educativo\u00a0e\u00a0preventivo, e n\u00e3o punitivo por meio&hellip;","jetpack_sharing_enabled":true,"jetpack_likes_enabled":true,"_links":{"self":[{"href":"https:\/\/blogopara.com.br\/index.php\/wp-json\/wp\/v2\/posts\/85501","targetHints":{"allow":["GET"]}}],"collection":[{"href":"https:\/\/blogopara.com.br\/index.php\/wp-json\/wp\/v2\/posts"}],"about":[{"href":"https:\/\/blogopara.com.br\/index.php\/wp-json\/wp\/v2\/types\/post"}],"author":[{"embeddable":true,"href":"https:\/\/blogopara.com.br\/index.php\/wp-json\/wp\/v2\/users\/1"}],"replies":[{"embeddable":true,"href":"https:\/\/blogopara.com.br\/index.php\/wp-json\/wp\/v2\/comments?post=85501"}],"version-history":[{"count":2,"href":"https:\/\/blogopara.com.br\/index.php\/wp-json\/wp\/v2\/posts\/85501\/revisions"}],"predecessor-version":[{"id":85504,"href":"https:\/\/blogopara.com.br\/index.php\/wp-json\/wp\/v2\/posts\/85501\/revisions\/85504"}],"wp:featuredmedia":[{"embeddable":true,"href":"https:\/\/blogopara.com.br\/index.php\/wp-json\/wp\/v2\/media\/85502"}],"wp:attachment":[{"href":"https:\/\/blogopara.com.br\/index.php\/wp-json\/wp\/v2\/media?parent=85501"}],"wp:term":[{"taxonomy":"category","embeddable":true,"href":"https:\/\/blogopara.com.br\/index.php\/wp-json\/wp\/v2\/categories?post=85501"},{"taxonomy":"post_tag","embeddable":true,"href":"https:\/\/blogopara.com.br\/index.php\/wp-json\/wp\/v2\/tags?post=85501"}],"curies":[{"name":"wp","href":"https:\/\/api.w.org\/{rel}","templated":true}]}}