{"id":85533,"date":"2026-04-26T09:30:39","date_gmt":"2026-04-26T12:30:39","guid":{"rendered":"https:\/\/blogopara.com.br\/?p=85533"},"modified":"2026-04-26T09:30:39","modified_gmt":"2026-04-26T12:30:39","slug":"casa-nova-brilha-na-copa-tv-grande-rio-garante-vaga-na-final-e-segue-firme-rumo-ao-titulo-inedito","status":"publish","type":"post","link":"https:\/\/blogopara.com.br\/index.php\/2026\/04\/26\/casa-nova-brilha-na-copa-tv-grande-rio-garante-vaga-na-final-e-segue-firme-rumo-ao-titulo-inedito","title":{"rendered":"Casa Nova brilha na Copa TV Grande Rio, garante vaga na final e segue firme rumo ao t\u00edtulo in\u00e9dito"},"content":{"rendered":"<p class=\"x_MsoNormal\">O time Dunas Casa Nova protagonizou uma grande atua\u00e7\u00e3o na \u00faltima sexta-feira (24). Com o placar final de 8&#215;2 na semifinal da Copa TV Grande Rio, realizada no gin\u00e1sio do Sesc Petrolina, e o apoio vibrante da torcida casanovense, o time demonstrou entrosamento, garra e qualidade t\u00e9cnica dentro de quadra.<\/p>\n<p class=\"x_MsoNormal\">Formada com planejamento e aten\u00e7\u00e3o a cada detalhe, a equipe representa o munic\u00edpio com responsabilidade e esp\u00edrito de pertencimento. O desempenho consistente ao longo da competi\u00e7\u00e3o garantiu ao Dunas Casa Nova uma vaga na grande final, que ser\u00e1 disputada no dia 23 de maio.<\/p>\n<p class=\"x_MsoNormal\">\u00a0Para o secret\u00e1rio de Esportes, Fredson da Costa, o desempenho da equipe reflete o comprometimento coletivo. \u201cO time mostra a que veio, \u00e9 dedicado e a nossa torcida tamb\u00e9m d\u00e1 um show, sempre apoiando. Sou grato a todos que acreditam e vamos juntos lutar pelo t\u00edtulo na final\u201d, destacou.<\/p>\n<p class=\"x_MsoNormal\">A expectativa em torno da decis\u00e3o \u00e9 alta, j\u00e1 que a conquista pode marcar um feito hist\u00f3rico para Casa Nova, com a possibilidade do primeiro t\u00edtulo na competi\u00e7\u00e3o.<\/p>\n<p class=\"x_MsoNormal\" align=\"center\">\n<p class=\"x_MsoNormal\">Ascom PMCN<\/p>\n","protected":false},"excerpt":{"rendered":"<p>O time Dunas Casa Nova protagonizou uma grande atua\u00e7\u00e3o na \u00faltima sexta-feira (24). Com o placar final de 8&#215;2 na semifinal da Copa TV Grande Rio, realizada no gin\u00e1sio do Sesc Petrolina, e o apoio vibrante da torcida casanovense, o time demonstrou entrosamento, garra e qualidade t\u00e9cnica dentro de quadra. Formada com planejamento e aten\u00e7\u00e3o [&hellip;]<\/p>\n","protected":false},"author":1,"featured_media":85534,"comment_status":"open","ping_status":"open","sticky":false,"template":"","format":"standard","meta":{"_uag_custom_page_level_css":"","_monsterinsights_skip_tracking":false,"_monsterinsights_sitenote_active":false,"_monsterinsights_sitenote_note":"","_monsterinsights_sitenote_category":0,"jetpack_post_was_ever_published":false,"_jetpack_newsletter_access":"","_jetpack_dont_email_post_to_subs":false,"_jetpack_newsletter_tier_id":0,"_jetpack_memberships_contains_paywalled_content":false,"_jetpack_memberships_contains_paid_content":false,"footnotes":"","jetpack_publicize_message":"","jetpack_publicize_feature_enabled":true,"jetpack_social_post_already_shared":true,"jetpack_social_options":{"image_generator_settings":{"template":"highway","default_image_id":0,"font":"","enabled":false},"version":2}},"categories":[208],"tags":[],"class_list":["post-85533","post","type-post","status-publish","format-standard","has-post-thumbnail","hentry","category-esporte"],"jetpack_publicize_connections":[],"jetpack_featured_media_url":"https:\/\/blogopara.com.br\/wp-content\/uploads\/2026\/04\/8d52545e-e010-4fac-b180-3e4ccfec596e.jpg","uagb_featured_image_src":{"full":["https:\/\/blogopara.com.br\/wp-content\/uploads\/2026\/04\/8d52545e-e010-4fac-b180-3e4ccfec596e.jpg",500,333,false],"thumbnail":["https:\/\/blogopara.com.br\/wp-content\/uploads\/2026\/04\/8d52545e-e010-4fac-b180-3e4ccfec596e-150x150.jpg",150,150,true],"medium":["https:\/\/blogopara.com.br\/wp-content\/uploads\/2026\/04\/8d52545e-e010-4fac-b180-3e4ccfec596e-300x200.jpg",300,200,true],"medium_large":["https:\/\/blogopara.com.br\/wp-content\/uploads\/2026\/04\/8d52545e-e010-4fac-b180-3e4ccfec596e.jpg",500,333,false],"large":["https:\/\/blogopara.com.br\/wp-content\/uploads\/2026\/04\/8d52545e-e010-4fac-b180-3e4ccfec596e.jpg",500,333,false],"1536x1536":["https:\/\/blogopara.com.br\/wp-content\/uploads\/2026\/04\/8d52545e-e010-4fac-b180-3e4ccfec596e.jpg",500,333,false],"2048x2048":["https:\/\/blogopara.com.br\/wp-content\/uploads\/2026\/04\/8d52545e-e010-4fac-b180-3e4ccfec596e.jpg",500,333,false],"mantranews-slider-large":["https:\/\/blogopara.com.br\/wp-content\/uploads\/2026\/04\/8d52545e-e010-4fac-b180-3e4ccfec596e.jpg",500,333,false],"mantranews-featured-medium":["https:\/\/blogopara.com.br\/wp-content\/uploads\/2026\/04\/8d52545e-e010-4fac-b180-3e4ccfec596e-420x307.jpg",420,307,true],"mantranews-featured-long":["https:\/\/blogopara.com.br\/wp-content\/uploads\/2026\/04\/8d52545e-e010-4fac-b180-3e4ccfec596e-300x333.jpg",300,333,true],"mantranews-block-medium":["https:\/\/blogopara.com.br\/wp-content\/uploads\/2026\/04\/8d52545e-e010-4fac-b180-3e4ccfec596e-464x290.jpg",464,290,true],"mantranews-carousel-image":["https:\/\/blogopara.com.br\/wp-content\/uploads\/2026\/04\/8d52545e-e010-4fac-b180-3e4ccfec596e.jpg",500,333,false],"mantranews-block-thumb":["https:\/\/blogopara.com.br\/wp-content\/uploads\/2026\/04\/8d52545e-e010-4fac-b180-3e4ccfec596e-322x230.jpg",322,230,true],"mantranews-single-large":["https:\/\/blogopara.com.br\/wp-content\/uploads\/2026\/04\/8d52545e-e010-4fac-b180-3e4ccfec596e.jpg",500,333,false]},"uagb_author_info":{"display_name":"Reda\u00e7\u00e3o geral","author_link":"https:\/\/blogopara.com.br\/index.php\/author\/blogopara"},"uagb_comment_info":0,"uagb_excerpt":"O time Dunas Casa Nova protagonizou uma grande atua\u00e7\u00e3o na \u00faltima sexta-feira (24). Com o placar final de 8&#215;2 na semifinal da Copa TV Grande Rio, realizada no gin\u00e1sio do Sesc Petrolina, e o apoio vibrante da torcida casanovense, o time demonstrou entrosamento, garra e qualidade t\u00e9cnica dentro de quadra. Formada com planejamento e aten\u00e7\u00e3o&hellip;","jetpack_sharing_enabled":true,"jetpack_likes_enabled":true,"_links":{"self":[{"href":"https:\/\/blogopara.com.br\/index.php\/wp-json\/wp\/v2\/posts\/85533","targetHints":{"allow":["GET"]}}],"collection":[{"href":"https:\/\/blogopara.com.br\/index.php\/wp-json\/wp\/v2\/posts"}],"about":[{"href":"https:\/\/blogopara.com.br\/index.php\/wp-json\/wp\/v2\/types\/post"}],"author":[{"embeddable":true,"href":"https:\/\/blogopara.com.br\/index.php\/wp-json\/wp\/v2\/users\/1"}],"replies":[{"embeddable":true,"href":"https:\/\/blogopara.com.br\/index.php\/wp-json\/wp\/v2\/comments?post=85533"}],"version-history":[{"count":1,"href":"https:\/\/blogopara.com.br\/index.php\/wp-json\/wp\/v2\/posts\/85533\/revisions"}],"predecessor-version":[{"id":85535,"href":"https:\/\/blogopara.com.br\/index.php\/wp-json\/wp\/v2\/posts\/85533\/revisions\/85535"}],"wp:featuredmedia":[{"embeddable":true,"href":"https:\/\/blogopara.com.br\/index.php\/wp-json\/wp\/v2\/media\/85534"}],"wp:attachment":[{"href":"https:\/\/blogopara.com.br\/index.php\/wp-json\/wp\/v2\/media?parent=85533"}],"wp:term":[{"taxonomy":"category","embeddable":true,"href":"https:\/\/blogopara.com.br\/index.php\/wp-json\/wp\/v2\/categories?post=85533"},{"taxonomy":"post_tag","embeddable":true,"href":"https:\/\/blogopara.com.br\/index.php\/wp-json\/wp\/v2\/tags?post=85533"}],"curies":[{"name":"wp","href":"https:\/\/api.w.org\/{rel}","templated":true}]}}