{"id":85536,"date":"2026-04-26T09:40:30","date_gmt":"2026-04-26T12:40:30","guid":{"rendered":"https:\/\/blogopara.com.br\/?p=85536"},"modified":"2026-04-26T10:16:00","modified_gmt":"2026-04-26T13:16:00","slug":"video-trump-e-retirado-as-pressas-de-jantar-apos-tiros-em-hotel-nos-eua","status":"publish","type":"post","link":"https:\/\/blogopara.com.br\/index.php\/2026\/04\/26\/video-trump-e-retirado-as-pressas-de-jantar-apos-tiros-em-hotel-nos-eua","title":{"rendered":"V\u00cdDEO: Trump \u00e9 retirado \u00e0s pressas de jantar ap\u00f3s tiros em hotel nos EUA"},"content":{"rendered":"<div class=\"flex flex-col w-full font-normal text-[18px] leading-[30px] text-tw-theme-text-default\">\n<p id=\"paragrafo-hkoca63fi6\">O presidente dos Estados Unidos, Donald Trump, foi retirado \u00e0s pressas na noite de s\u00e1bado (25) de um jantar com jornalistas correspondentes que cobrem a Casa Branca ap\u00f3s tiros serem ouvidos no local.\u00a0O suspeito de ter feito o ataque foi preso.<\/p>\n<\/div>\n<div class=\"flex flex-col w-full font-normal text-[18px] leading-[30px] text-tw-theme-text-default\">\n<p id=\"paragrafo-shuk4lrxk5\">Trump, a primeira-dama Melania Trump, o vice-presidente JD Vance e o secret\u00e1rio de Estado, Marco Rubio, foram retirados \u00e0s pressas em meio aos sons dos disparos.\u00a0O evento anual ocorreu em um hotel em Washington D.C. pr\u00f3ximo da Casa Branca e reunia mais de 2 mil convidados, entre jornalistas e autoridades.<\/p>\n<\/div>\n<div class=\"flex flex-col w-full font-normal text-[18px] leading-[30px] text-tw-theme-text-default\">\n<p id=\"paragrafo-68dwrdditb\">Segundo informa\u00e7\u00f5es obtidas pela Reuters, o suspeito atirou em um agente do servi\u00e7o secreto, mas n\u00e3o se feriu gra\u00e7as ao colete \u00e0 prova de balas que usava. Ele foi preso na noite de s\u00e1bado (25).<\/p>\n<\/div>\n<div class=\"flex flex-col w-full\">\n<div id=\"embed-cf4wwhlnzv\" class=\"component--embed \"><iframe id=\"instagram-embed-0\" class=\"instagram-media instagram-media-rendered\" src=\"https:\/\/www.instagram.com\/reel\/DXlG8hXCeNa\/embed\/?cr=1&amp;v=14&amp;wp=432&amp;rd=https%3A%2F%2Fwww.correio24horas.com.br&amp;rp=%2Fmundo%2Fvideo-trump-e-retirado-as-pressas-de-jantar-apos-tiros-em-hotel-nos-eua-0426#%7B%22ci%22%3A0%2C%22os%22%3A10848%2C%22ls%22%3A1250%2C%22le%22%3A5842.299999999814%7D\" height=\"880\" frameborder=\"0\" scrolling=\"no\" allowfullscreen=\"allowfullscreen\" data-instgrm-payload-id=\"instagram-media-payload-0\" data-mce-fragment=\"1\"><\/iframe><\/div>\n<\/div>\n<div class=\"flex flex-col w-full font-normal text-[18px] leading-[30px] text-tw-theme-text-default\">\n<p id=\"paragrafo-whtdx9yjgi\">Segundo o jornal The New York Times, o homem detido \u00e9 Cole Tomas Allen, de 31 anos. Ele seria morador de Torrance, na Calif\u00f3rnia. Donald Trump publicou nas redes sociais fotos do suspeito detido e um v\u00eddeo do momento em que o homem furou a seguran\u00e7a e foi alvejado por agentes do Servi\u00e7o Secreto (veja abaixo).<\/p>\n<\/div>\n<div class=\"flex flex-col w-full font-normal text-[18px] leading-[30px] text-tw-theme-text-default\">\n<p id=\"paragrafo-y5zutlyb19\">Em pronunciamento na Casa Branca ap\u00f3s o ocorrido, Trump disse que o homem \u00e9 uma \u201cpessoa doente\u201d e disse acreditar que ele tenha agido sozinho. \u201cUm lobo solit\u00e1rio\u201d, descreveu.<\/p>\n<\/div>\n<div class=\"flex flex-col w-full font-normal text-[18px] leading-[30px] text-tw-theme-text-default\">\n<p id=\"paragrafo-ekpuyhzjjh\">\u201cO homem foi detido. Parece que ele mora na Calif\u00f3rnia. \u00c9 uma pessoa doente, uma pessoa muito doente. E n\u00f3s n\u00e3o queremos que coisas assim aconte\u00e7am\u201d, acrescentou.<\/p>\n<\/div>\n<div class=\"flex flex-col w-full font-normal text-[18px] leading-[30px] text-tw-theme-text-default\">\n<p id=\"paragrafo-t1unqgy9zx\">Em julho de 2024, Donald Trump sofreu um ataque durante um com\u00edcio no estado da Pensilv\u00e2nia. Na \u00e9poca, em per\u00edodo de campanha eleitoral para as elei\u00e7\u00f5es presidenciais de 2024, o presidente foi atingido por uma bala na parte superior da orelha direita enquanto discursava em palanque.<\/p>\n<\/div>\n","protected":false},"excerpt":{"rendered":"<p>O presidente dos Estados Unidos, Donald Trump, foi retirado \u00e0s pressas na noite de s\u00e1bado (25) de um jantar com jornalistas correspondentes que cobrem a Casa Branca ap\u00f3s tiros serem ouvidos no local.\u00a0O suspeito de ter feito o ataque foi preso. Trump, a primeira-dama Melania Trump, o vice-presidente JD Vance e o secret\u00e1rio de Estado, [&hellip;]<\/p>\n","protected":false},"author":1,"featured_media":85541,"comment_status":"open","ping_status":"open","sticky":false,"template":"","format":"standard","meta":{"_uag_custom_page_level_css":"","_monsterinsights_skip_tracking":false,"_monsterinsights_sitenote_active":false,"_monsterinsights_sitenote_note":"","_monsterinsights_sitenote_category":0,"jetpack_post_was_ever_published":false,"_jetpack_newsletter_access":"","_jetpack_dont_email_post_to_subs":false,"_jetpack_newsletter_tier_id":0,"_jetpack_memberships_contains_paywalled_content":false,"_jetpack_memberships_contains_paid_content":false,"footnotes":"","jetpack_publicize_message":"","jetpack_publicize_feature_enabled":true,"jetpack_social_post_already_shared":true,"jetpack_social_options":{"image_generator_settings":{"template":"highway","default_image_id":0,"font":"","enabled":false},"version":2}},"categories":[273],"tags":[],"class_list":["post-85536","post","type-post","status-publish","format-standard","has-post-thumbnail","hentry","category-mundo"],"jetpack_publicize_connections":[],"jetpack_featured_media_url":"https:\/\/blogopara.com.br\/wp-content\/uploads\/2026\/04\/Capturar-51.jpg","uagb_featured_image_src":{"full":["https:\/\/blogopara.com.br\/wp-content\/uploads\/2026\/04\/Capturar-51.jpg",500,282,false],"thumbnail":["https:\/\/blogopara.com.br\/wp-content\/uploads\/2026\/04\/Capturar-51-150x150.jpg",150,150,true],"medium":["https:\/\/blogopara.com.br\/wp-content\/uploads\/2026\/04\/Capturar-51-300x169.jpg",300,169,true],"medium_large":["https:\/\/blogopara.com.br\/wp-content\/uploads\/2026\/04\/Capturar-51.jpg",500,282,false],"large":["https:\/\/blogopara.com.br\/wp-content\/uploads\/2026\/04\/Capturar-51.jpg",500,282,false],"1536x1536":["https:\/\/blogopara.com.br\/wp-content\/uploads\/2026\/04\/Capturar-51.jpg",500,282,false],"2048x2048":["https:\/\/blogopara.com.br\/wp-content\/uploads\/2026\/04\/Capturar-51.jpg",500,282,false],"mantranews-slider-large":["https:\/\/blogopara.com.br\/wp-content\/uploads\/2026\/04\/Capturar-51.jpg",500,282,false],"mantranews-featured-medium":["https:\/\/blogopara.com.br\/wp-content\/uploads\/2026\/04\/Capturar-51-420x282.jpg",420,282,true],"mantranews-featured-long":["https:\/\/blogopara.com.br\/wp-content\/uploads\/2026\/04\/Capturar-51-300x282.jpg",300,282,true],"mantranews-block-medium":["https:\/\/blogopara.com.br\/wp-content\/uploads\/2026\/04\/Capturar-51-464x282.jpg",464,282,true],"mantranews-carousel-image":["https:\/\/blogopara.com.br\/wp-content\/uploads\/2026\/04\/Capturar-51.jpg",500,282,false],"mantranews-block-thumb":["https:\/\/blogopara.com.br\/wp-content\/uploads\/2026\/04\/Capturar-51-322x230.jpg",322,230,true],"mantranews-single-large":["https:\/\/blogopara.com.br\/wp-content\/uploads\/2026\/04\/Capturar-51.jpg",500,282,false]},"uagb_author_info":{"display_name":"Reda\u00e7\u00e3o geral","author_link":"https:\/\/blogopara.com.br\/index.php\/author\/blogopara"},"uagb_comment_info":0,"uagb_excerpt":"O presidente dos Estados Unidos, Donald Trump, foi retirado \u00e0s pressas na noite de s\u00e1bado (25) de um jantar com jornalistas correspondentes que cobrem a Casa Branca ap\u00f3s tiros serem ouvidos no local.\u00a0O suspeito de ter feito o ataque foi preso. Trump, a primeira-dama Melania Trump, o vice-presidente JD Vance e o secret\u00e1rio de Estado,&hellip;","jetpack_sharing_enabled":true,"jetpack_likes_enabled":true,"_links":{"self":[{"href":"https:\/\/blogopara.com.br\/index.php\/wp-json\/wp\/v2\/posts\/85536","targetHints":{"allow":["GET"]}}],"collection":[{"href":"https:\/\/blogopara.com.br\/index.php\/wp-json\/wp\/v2\/posts"}],"about":[{"href":"https:\/\/blogopara.com.br\/index.php\/wp-json\/wp\/v2\/types\/post"}],"author":[{"embeddable":true,"href":"https:\/\/blogopara.com.br\/index.php\/wp-json\/wp\/v2\/users\/1"}],"replies":[{"embeddable":true,"href":"https:\/\/blogopara.com.br\/index.php\/wp-json\/wp\/v2\/comments?post=85536"}],"version-history":[{"count":1,"href":"https:\/\/blogopara.com.br\/index.php\/wp-json\/wp\/v2\/posts\/85536\/revisions"}],"predecessor-version":[{"id":85537,"href":"https:\/\/blogopara.com.br\/index.php\/wp-json\/wp\/v2\/posts\/85536\/revisions\/85537"}],"wp:featuredmedia":[{"embeddable":true,"href":"https:\/\/blogopara.com.br\/index.php\/wp-json\/wp\/v2\/media\/85541"}],"wp:attachment":[{"href":"https:\/\/blogopara.com.br\/index.php\/wp-json\/wp\/v2\/media?parent=85536"}],"wp:term":[{"taxonomy":"category","embeddable":true,"href":"https:\/\/blogopara.com.br\/index.php\/wp-json\/wp\/v2\/categories?post=85536"},{"taxonomy":"post_tag","embeddable":true,"href":"https:\/\/blogopara.com.br\/index.php\/wp-json\/wp\/v2\/tags?post=85536"}],"curies":[{"name":"wp","href":"https:\/\/api.w.org\/{rel}","templated":true}]}}