{"id":85547,"date":"2026-04-27T07:18:01","date_gmt":"2026-04-27T10:18:01","guid":{"rendered":"https:\/\/blogopara.com.br\/?p=85547"},"modified":"2026-04-27T08:52:10","modified_gmt":"2026-04-27T11:52:10","slug":"juazeiro-apos-roubos-e-ameacas-moradores-querem-saida-do-centro-pop-do-bairro-maria-gorete","status":"publish","type":"post","link":"https:\/\/blogopara.com.br\/index.php\/2026\/04\/27\/juazeiro-apos-roubos-e-ameacas-moradores-querem-saida-do-centro-pop-do-bairro-maria-gorete","title":{"rendered":"Juazeiro: Ap\u00f3s roubos e amea\u00e7as moradores querem sa\u00edda do Centro POP do bairro Maria Gorete"},"content":{"rendered":"<p>Pedro Mariano, Marcius Campelo e Flaubers participaram do Programa Geraldo Jos\u00e9 (R\u00e1dio Juazeiro) na tarde de sexta-feira (18) relatando o aumento de casos de assaltos, furtos e arrombamentos na comunidade.<\/p>\n<p>Eles alegaram que os crimes se intensificaram depois da instala\u00e7\u00e3o do Centro Pop, equipamento p\u00fablico voltado para o acolhimento de pessoas em situa\u00e7\u00e3o de rua, na rua Elisabete Safira.<\/p>\n<p>Pedro Mariano, Marcius e Flaubers apresentaram diversos Boletins de Ocorr\u00eancia bem como v\u00eddeos e fotos com imagens de flagras de pris\u00f5es dos invasores sendo presos e pedem provid\u00eancias por parte da Prefeitura de Juazeiro.<\/p>\n<p>Os denunciantes ainda comunicaram que o caso foi levado ao conhecimento do Minist\u00e9rio P\u00fablico em Juazeiro e aguardam uma solu\u00e7\u00e3o urgentemente porque no \u00faltimo final de semana v\u00e1rias resid\u00eancias foram invadidas no bairro Maria Gorete, inclusive, o pr\u00f3prio Centro POP.<\/p>\n","protected":false},"excerpt":{"rendered":"<p>Pedro Mariano, Marcius Campelo e Flaubers participaram do Programa Geraldo Jos\u00e9 (R\u00e1dio Juazeiro) na tarde de sexta-feira (18) relatando o aumento de casos de assaltos, furtos e arrombamentos na comunidade. Eles alegaram que os crimes se intensificaram depois da instala\u00e7\u00e3o do Centro Pop, equipamento p\u00fablico voltado para o acolhimento de pessoas em situa\u00e7\u00e3o de rua, [&hellip;]<\/p>\n","protected":false},"author":1,"featured_media":85544,"comment_status":"open","ping_status":"open","sticky":false,"template":"","format":"standard","meta":{"_uag_custom_page_level_css":"","_monsterinsights_skip_tracking":false,"_monsterinsights_sitenote_active":false,"_monsterinsights_sitenote_note":"","_monsterinsights_sitenote_category":0,"jetpack_post_was_ever_published":false,"_jetpack_newsletter_access":"","_jetpack_dont_email_post_to_subs":false,"_jetpack_newsletter_tier_id":0,"_jetpack_memberships_contains_paywalled_content":false,"_jetpack_memberships_contains_paid_content":false,"footnotes":"","jetpack_publicize_message":"","jetpack_publicize_feature_enabled":true,"jetpack_social_post_already_shared":true,"jetpack_social_options":{"image_generator_settings":{"template":"highway","default_image_id":0,"font":"","enabled":false},"version":2}},"categories":[202],"tags":[11647,11775,11919,1437],"class_list":["post-85547","post","type-post","status-publish","format-standard","has-post-thumbnail","hentry","category-policia","tag-andrei-goncalves","tag-andrei-goncalves-mdb","tag-igor-luiz-da-silva","tag-pcdob"],"jetpack_publicize_connections":[],"jetpack_featured_media_url":"https:\/\/blogopara.com.br\/wp-content\/uploads\/2026\/04\/Adriely-Mendonca-11.jpg","uagb_featured_image_src":{"full":["https:\/\/blogopara.com.br\/wp-content\/uploads\/2026\/04\/Adriely-Mendonca-11.jpg",500,375,false],"thumbnail":["https:\/\/blogopara.com.br\/wp-content\/uploads\/2026\/04\/Adriely-Mendonca-11-150x150.jpg",150,150,true],"medium":["https:\/\/blogopara.com.br\/wp-content\/uploads\/2026\/04\/Adriely-Mendonca-11-300x225.jpg",300,225,true],"medium_large":["https:\/\/blogopara.com.br\/wp-content\/uploads\/2026\/04\/Adriely-Mendonca-11.jpg",500,375,false],"large":["https:\/\/blogopara.com.br\/wp-content\/uploads\/2026\/04\/Adriely-Mendonca-11.jpg",500,375,false],"1536x1536":["https:\/\/blogopara.com.br\/wp-content\/uploads\/2026\/04\/Adriely-Mendonca-11.jpg",500,375,false],"2048x2048":["https:\/\/blogopara.com.br\/wp-content\/uploads\/2026\/04\/Adriely-Mendonca-11.jpg",500,375,false],"mantranews-slider-large":["https:\/\/blogopara.com.br\/wp-content\/uploads\/2026\/04\/Adriely-Mendonca-11.jpg",500,375,false],"mantranews-featured-medium":["https:\/\/blogopara.com.br\/wp-content\/uploads\/2026\/04\/Adriely-Mendonca-11-420x307.jpg",420,307,true],"mantranews-featured-long":["https:\/\/blogopara.com.br\/wp-content\/uploads\/2026\/04\/Adriely-Mendonca-11-300x375.jpg",300,375,true],"mantranews-block-medium":["https:\/\/blogopara.com.br\/wp-content\/uploads\/2026\/04\/Adriely-Mendonca-11-464x290.jpg",464,290,true],"mantranews-carousel-image":["https:\/\/blogopara.com.br\/wp-content\/uploads\/2026\/04\/Adriely-Mendonca-11.jpg",500,375,false],"mantranews-block-thumb":["https:\/\/blogopara.com.br\/wp-content\/uploads\/2026\/04\/Adriely-Mendonca-11-322x230.jpg",322,230,true],"mantranews-single-large":["https:\/\/blogopara.com.br\/wp-content\/uploads\/2026\/04\/Adriely-Mendonca-11.jpg",500,375,false]},"uagb_author_info":{"display_name":"Reda\u00e7\u00e3o geral","author_link":"https:\/\/blogopara.com.br\/index.php\/author\/blogopara"},"uagb_comment_info":0,"uagb_excerpt":"Pedro Mariano, Marcius Campelo e Flaubers participaram do Programa Geraldo Jos\u00e9 (R\u00e1dio Juazeiro) na tarde de sexta-feira (18) relatando o aumento de casos de assaltos, furtos e arrombamentos na comunidade. Eles alegaram que os crimes se intensificaram depois da instala\u00e7\u00e3o do Centro Pop, equipamento p\u00fablico voltado para o acolhimento de pessoas em situa\u00e7\u00e3o de rua,&hellip;","jetpack_sharing_enabled":true,"jetpack_likes_enabled":true,"_links":{"self":[{"href":"https:\/\/blogopara.com.br\/index.php\/wp-json\/wp\/v2\/posts\/85547","targetHints":{"allow":["GET"]}}],"collection":[{"href":"https:\/\/blogopara.com.br\/index.php\/wp-json\/wp\/v2\/posts"}],"about":[{"href":"https:\/\/blogopara.com.br\/index.php\/wp-json\/wp\/v2\/types\/post"}],"author":[{"embeddable":true,"href":"https:\/\/blogopara.com.br\/index.php\/wp-json\/wp\/v2\/users\/1"}],"replies":[{"embeddable":true,"href":"https:\/\/blogopara.com.br\/index.php\/wp-json\/wp\/v2\/comments?post=85547"}],"version-history":[{"count":2,"href":"https:\/\/blogopara.com.br\/index.php\/wp-json\/wp\/v2\/posts\/85547\/revisions"}],"predecessor-version":[{"id":85552,"href":"https:\/\/blogopara.com.br\/index.php\/wp-json\/wp\/v2\/posts\/85547\/revisions\/85552"}],"wp:featuredmedia":[{"embeddable":true,"href":"https:\/\/blogopara.com.br\/index.php\/wp-json\/wp\/v2\/media\/85544"}],"wp:attachment":[{"href":"https:\/\/blogopara.com.br\/index.php\/wp-json\/wp\/v2\/media?parent=85547"}],"wp:term":[{"taxonomy":"category","embeddable":true,"href":"https:\/\/blogopara.com.br\/index.php\/wp-json\/wp\/v2\/categories?post=85547"},{"taxonomy":"post_tag","embeddable":true,"href":"https:\/\/blogopara.com.br\/index.php\/wp-json\/wp\/v2\/tags?post=85547"}],"curies":[{"name":"wp","href":"https:\/\/api.w.org\/{rel}","templated":true}]}}