{"id":85566,"date":"2026-04-27T08:33:12","date_gmt":"2026-04-27T11:33:12","guid":{"rendered":"https:\/\/blogopara.com.br\/?p=85566"},"modified":"2026-04-27T08:33:12","modified_gmt":"2026-04-27T11:33:12","slug":"sucesso-no-vale-imersao-dna-da-manga-encerra-com-pratica-no-campo-e-metodo-de-alta-performance-de-eduardo-ferraz","status":"publish","type":"post","link":"https:\/\/blogopara.com.br\/index.php\/2026\/04\/27\/sucesso-no-vale-imersao-dna-da-manga-encerra-com-pratica-no-campo-e-metodo-de-alta-performance-de-eduardo-ferraz","title":{"rendered":"Sucesso no Vale: Imers\u00e3o Dna da Manga encerra com pr\u00e1tica no Campo e m\u00e9todo de alta performance de Eduardo Ferraz"},"content":{"rendered":"<div class=\"x_elementToProof\">O encerramento da Imers\u00e3o DNA da Manga marcou n\u00e3o apenas o fim de uma jornada de aprendizado, mas a consolida\u00e7\u00e3o de um m\u00e9todo que conecta teoria e pr\u00e1tica de forma direta no campo. O evento reuniu produtores, t\u00e9cnicos e profissionais do setor em uma experi\u00eancia intensiva que refor\u00e7ou, na pr\u00e1tica, tudo o que foi trabalhado em sala de aula.<\/div>\n<div><\/div>\n<div class=\"x_elementToProof\">Ao longo da imers\u00e3o, os participantes vivenciaram uma metodologia estruturada com base no desenvolvimento fenol\u00f3gico da cultura da manga. Foram organizadas esta\u00e7\u00f5es pr\u00e1ticas que acompanharam desde a implanta\u00e7\u00e3o do pomar at\u00e9 os tratos culturais essenciais, como preparo de solo, aduba\u00e7\u00e3o e manejo, permitindo comprovar, no campo, a aplica\u00e7\u00e3o real de conceitos t\u00e9cnicos.<\/div>\n<div><\/div>\n<div class=\"x_elementToProof\">Todo esse conhecimento \u00e9 resultado da experi\u00eancia acumulada ao longo de mais de tr\u00eas d\u00e9cadas por Eduardo Ferraz, especialista em manga. Sua autoridade foi constru\u00edda vivendo a realidade do campo, lidando diretamente com os desafios da produ\u00e7\u00e3o, e n\u00e3o apenas observando o setor de forma te\u00f3rica.<\/div>\n<div><\/div>\n<div class=\"x_elementToProof\">O ponto alto do encerramento aconteceu no terceiro dia, com a pr\u00e1tica de campo realizada na Fazenda Comercial Clorofila, em Cabrob\u00f3 (PE), propriedade reconhecida pela alta produtividade. Na ocasi\u00e3o, os participantes acompanharam de perto a leitura da planta, identifica\u00e7\u00e3o de sinais fisiol\u00f3gicos e a aplica\u00e7\u00e3o pr\u00e1tica dos protocolos apresentados durante o treinamento.<\/div>\n<div><\/div>\n<div class=\"x_elementToProof\">A experi\u00eancia permitiu que os participantes observassem, em uma fazenda de alto desempenho, como transformar a an\u00e1lise t\u00e9cnica em tomada de decis\u00e3o no campo. A leitura da mangueira, a identifica\u00e7\u00e3o de sinais sutis e a aplica\u00e7\u00e3o de protocolos de manejo foram apresentados de forma clara, conectando conhecimento e a\u00e7\u00e3o.<\/div>\n<div><\/div>\n<div class=\"x_elementToProof\"><i>\u201cO DNA da Manga reuniu, em tr\u00eas dias, conhecimento, pr\u00e1tica e viv\u00eancia para quem quer evoluir no manejo. Meu objetivo \u00e9 entregar o melhor conte\u00fado poss\u00edvel, para que cada participante saia daqui mais preparado e consiga alavancar ainda mais seus resultados na mangicultura<\/i>\u201d, destacou Eduardo Ferraz.<\/div>\n<div><\/div>\n<div class=\"x_elementToProof\">Para quem participou, o impacto foi direto no entendimento e na seguran\u00e7a para aplicar o que foi aprendido. Elivandro Lima, do Par\u00e1, que trabalha no Norte de Minas e representa a empresa Fruzzi, destacou a import\u00e2ncia da imers\u00e3o na sua forma\u00e7\u00e3o profissional.<\/div>\n<div><\/div>\n<div class=\"x_elementToProof\">\u201c<i>Decidi participar da imers\u00e3o na busca por novos conhecimentos. O curso me trouxe uma vis\u00e3o mais estruturada do manejo, organizando o conhecimento de forma mais l\u00f3gica e aplic\u00e1vel. Passei a entender com mais precis\u00e3o cada fase fenol\u00f3gica da planta, seus sinais fisiol\u00f3gicos e exig\u00eancias espec\u00edficas. Isso vai me permitir tomar decis\u00f5es mais assertivas, reduzir erros e aumentar a efici\u00eancia produtiva<\/i>\u201d, afirmou.<\/div>\n<div><\/div>\n<div class=\"x_elementToProof\">A troca de experi\u00eancias tamb\u00e9m foi um dos pilares do evento. A gerente de produ\u00e7\u00e3o no Vale do S\u00e3o Francisco, Fl\u00e1via Cristina diz que o conte\u00fado apresentado teve grande valor pr\u00e1tico. \u201c<i>Foi muito conhecimento compartilhado, de grande valiosidade para quem vive o dia a dia da produ\u00e7\u00e3o<\/i>\u201d, ressaltou.<\/div>\n<div><\/div>\n<div class=\"x_elementToProof\">J\u00e1 Vanessa, engenheira agr\u00f4noma, coordenadora de fazenda e pequena produtora de manga, ressaltou a import\u00e2ncia da capacita\u00e7\u00e3o para o crescimento do neg\u00f3cio.<\/div>\n<div class=\"x_elementToProof\">\n\u201c<i>Tive a necessidade de aprender mais sobre a mangicultura para crescer ainda mais no meu neg\u00f3cio, e a imers\u00e3o trouxe exatamente essa base que eu buscava. Foi um evento extraordin\u00e1rio para o setor da manga em nossa regi\u00e3o<\/i>\u201d, pontuou.<\/div>\n<div><\/div>\n<div class=\"x_elementToProof\">A Imers\u00e3o DNA da Manga evidencia seu grande diferencial: sair da teoria e gerar resultado real no campo. Ao transformar conhecimento em a\u00e7\u00e3o, contribui diretamente para a redu\u00e7\u00e3o de erros, ganho de efici\u00eancia e aumento da produtividade. Mais do que um evento, se firma como um movimento que fortalece a mangicultura, conecta profissionais e impulsiona o setor a um novo n\u00edvel de desempenho.<\/div>\n<div class=\"x_elementToProof\" aria-hidden=\"true\"><\/div>\n<div class=\"x_elementToProof\"><b>Daniela Duarte<\/b><br \/>\n<i>Jornalista<\/i><br \/>\n\ud83d\udcf1 (74) 9 8801-1345<\/div>\n","protected":false},"excerpt":{"rendered":"<p>O encerramento da Imers\u00e3o DNA da Manga marcou n\u00e3o apenas o fim de uma jornada de aprendizado, mas a consolida\u00e7\u00e3o de um m\u00e9todo que conecta teoria e pr\u00e1tica de forma direta no campo. O evento reuniu produtores, t\u00e9cnicos e profissionais do setor em uma experi\u00eancia intensiva que refor\u00e7ou, na pr\u00e1tica, tudo o que foi trabalhado [&hellip;]<\/p>\n","protected":false},"author":1,"featured_media":85567,"comment_status":"open","ping_status":"open","sticky":false,"template":"","format":"standard","meta":{"_uag_custom_page_level_css":"","_monsterinsights_skip_tracking":false,"_monsterinsights_sitenote_active":false,"_monsterinsights_sitenote_note":"","_monsterinsights_sitenote_category":0,"jetpack_post_was_ever_published":false,"_jetpack_newsletter_access":"","_jetpack_dont_email_post_to_subs":false,"_jetpack_newsletter_tier_id":0,"_jetpack_memberships_contains_paywalled_content":false,"_jetpack_memberships_contains_paid_content":false,"footnotes":"","jetpack_publicize_message":"","jetpack_publicize_feature_enabled":true,"jetpack_social_post_already_shared":true,"jetpack_social_options":{"image_generator_settings":{"template":"highway","default_image_id":0,"font":"","enabled":false},"version":2}},"categories":[11546],"tags":[],"class_list":["post-85566","post","type-post","status-publish","format-standard","has-post-thumbnail","hentry","category-agricultura-agricultura"],"jetpack_publicize_connections":[],"jetpack_featured_media_url":"https:\/\/blogopara.com.br\/wp-content\/uploads\/2026\/04\/4afda7f5-9a42-48bd-8f4c-9979b5a16e15.jpg","uagb_featured_image_src":{"full":["https:\/\/blogopara.com.br\/wp-content\/uploads\/2026\/04\/4afda7f5-9a42-48bd-8f4c-9979b5a16e15.jpg",500,333,false],"thumbnail":["https:\/\/blogopara.com.br\/wp-content\/uploads\/2026\/04\/4afda7f5-9a42-48bd-8f4c-9979b5a16e15-150x150.jpg",150,150,true],"medium":["https:\/\/blogopara.com.br\/wp-content\/uploads\/2026\/04\/4afda7f5-9a42-48bd-8f4c-9979b5a16e15-300x200.jpg",300,200,true],"medium_large":["https:\/\/blogopara.com.br\/wp-content\/uploads\/2026\/04\/4afda7f5-9a42-48bd-8f4c-9979b5a16e15.jpg",500,333,false],"large":["https:\/\/blogopara.com.br\/wp-content\/uploads\/2026\/04\/4afda7f5-9a42-48bd-8f4c-9979b5a16e15.jpg",500,333,false],"1536x1536":["https:\/\/blogopara.com.br\/wp-content\/uploads\/2026\/04\/4afda7f5-9a42-48bd-8f4c-9979b5a16e15.jpg",500,333,false],"2048x2048":["https:\/\/blogopara.com.br\/wp-content\/uploads\/2026\/04\/4afda7f5-9a42-48bd-8f4c-9979b5a16e15.jpg",500,333,false],"mantranews-slider-large":["https:\/\/blogopara.com.br\/wp-content\/uploads\/2026\/04\/4afda7f5-9a42-48bd-8f4c-9979b5a16e15.jpg",500,333,false],"mantranews-featured-medium":["https:\/\/blogopara.com.br\/wp-content\/uploads\/2026\/04\/4afda7f5-9a42-48bd-8f4c-9979b5a16e15-420x307.jpg",420,307,true],"mantranews-featured-long":["https:\/\/blogopara.com.br\/wp-content\/uploads\/2026\/04\/4afda7f5-9a42-48bd-8f4c-9979b5a16e15-300x333.jpg",300,333,true],"mantranews-block-medium":["https:\/\/blogopara.com.br\/wp-content\/uploads\/2026\/04\/4afda7f5-9a42-48bd-8f4c-9979b5a16e15-464x290.jpg",464,290,true],"mantranews-carousel-image":["https:\/\/blogopara.com.br\/wp-content\/uploads\/2026\/04\/4afda7f5-9a42-48bd-8f4c-9979b5a16e15.jpg",500,333,false],"mantranews-block-thumb":["https:\/\/blogopara.com.br\/wp-content\/uploads\/2026\/04\/4afda7f5-9a42-48bd-8f4c-9979b5a16e15-322x230.jpg",322,230,true],"mantranews-single-large":["https:\/\/blogopara.com.br\/wp-content\/uploads\/2026\/04\/4afda7f5-9a42-48bd-8f4c-9979b5a16e15.jpg",500,333,false]},"uagb_author_info":{"display_name":"Reda\u00e7\u00e3o geral","author_link":"https:\/\/blogopara.com.br\/index.php\/author\/blogopara"},"uagb_comment_info":0,"uagb_excerpt":"O encerramento da Imers\u00e3o DNA da Manga marcou n\u00e3o apenas o fim de uma jornada de aprendizado, mas a consolida\u00e7\u00e3o de um m\u00e9todo que conecta teoria e pr\u00e1tica de forma direta no campo. O evento reuniu produtores, t\u00e9cnicos e profissionais do setor em uma experi\u00eancia intensiva que refor\u00e7ou, na pr\u00e1tica, tudo o que foi trabalhado&hellip;","jetpack_sharing_enabled":true,"jetpack_likes_enabled":true,"_links":{"self":[{"href":"https:\/\/blogopara.com.br\/index.php\/wp-json\/wp\/v2\/posts\/85566","targetHints":{"allow":["GET"]}}],"collection":[{"href":"https:\/\/blogopara.com.br\/index.php\/wp-json\/wp\/v2\/posts"}],"about":[{"href":"https:\/\/blogopara.com.br\/index.php\/wp-json\/wp\/v2\/types\/post"}],"author":[{"embeddable":true,"href":"https:\/\/blogopara.com.br\/index.php\/wp-json\/wp\/v2\/users\/1"}],"replies":[{"embeddable":true,"href":"https:\/\/blogopara.com.br\/index.php\/wp-json\/wp\/v2\/comments?post=85566"}],"version-history":[{"count":1,"href":"https:\/\/blogopara.com.br\/index.php\/wp-json\/wp\/v2\/posts\/85566\/revisions"}],"predecessor-version":[{"id":85568,"href":"https:\/\/blogopara.com.br\/index.php\/wp-json\/wp\/v2\/posts\/85566\/revisions\/85568"}],"wp:featuredmedia":[{"embeddable":true,"href":"https:\/\/blogopara.com.br\/index.php\/wp-json\/wp\/v2\/media\/85567"}],"wp:attachment":[{"href":"https:\/\/blogopara.com.br\/index.php\/wp-json\/wp\/v2\/media?parent=85566"}],"wp:term":[{"taxonomy":"category","embeddable":true,"href":"https:\/\/blogopara.com.br\/index.php\/wp-json\/wp\/v2\/categories?post=85566"},{"taxonomy":"post_tag","embeddable":true,"href":"https:\/\/blogopara.com.br\/index.php\/wp-json\/wp\/v2\/tags?post=85566"}],"curies":[{"name":"wp","href":"https:\/\/api.w.org\/{rel}","templated":true}]}}