{"id":85569,"date":"2026-04-27T08:34:40","date_gmt":"2026-04-27T11:34:40","guid":{"rendered":"https:\/\/blogopara.com.br\/?p=85569"},"modified":"2026-04-27T08:34:40","modified_gmt":"2026-04-27T11:34:40","slug":"de-3-a-7-de-junho-o-ii-expo-casa-inova-promete-fortalecer-ainda-mais-o-agro-casanovense","status":"publish","type":"post","link":"https:\/\/blogopara.com.br\/index.php\/2026\/04\/27\/de-3-a-7-de-junho-o-ii-expo-casa-inova-promete-fortalecer-ainda-mais-o-agro-casanovense","title":{"rendered":"De 3 a 7 de junho, o II Expo Casa Inova promete fortalecer ainda mais o agro casanovense"},"content":{"rendered":"<p class=\"x_MsoNormal\">Casa Nova se prepara para viver mais uma grande vitrine do seu potencial agropecu\u00e1rio com a realiza\u00e7\u00e3o da II Expo Casa Inova, em 2026, marcada para acontecer entre os dias 3 e 7 de junho, no P\u00e1tio de Eventos. Consolidando-se como um dos principais eventos do setor na regi\u00e3o, a feira chega \u00e0 sua segunda edi\u00e7\u00e3o com ainda mais estrutura, oportunidades e incentivos, incluindo R$ 60 mil em premia\u00e7\u00f5es para produtores, criadores e empreendedores rurais.<\/p>\n<p class=\"x_MsoNormal\">A primeira edi\u00e7\u00e3o recente do evento, realizada em 2025, j\u00e1 demonstrou a for\u00e7a da iniciativa, reunindo produtores, t\u00e9cnicos e empres\u00e1rios em uma programa\u00e7\u00e3o que incluiu capacita\u00e7\u00f5es, torneios leiteiros, julgamentos de animais, rodada de neg\u00f3cios e exposi\u00e7\u00e3o da agricultura familiar, al\u00e9m de movimentar a economia local e valorizar a caprinovinocultura, uma das principais atividades do munic\u00edpio.<\/p>\n<p class=\"x_MsoNormal\">Al\u00e9m das competi\u00e7\u00f5es e premia\u00e7\u00f5es, a Expo Casa Inova se consolidou como um espa\u00e7o de integra\u00e7\u00e3o entre tradi\u00e7\u00e3o e inova\u00e7\u00e3o, reunindo conhecimento t\u00e9cnico, cultura e oportunidades de gera\u00e7\u00e3o de renda. A expectativa para este ano \u00e9 de crescimento no n\u00famero de participantes, com uma programa\u00e7\u00e3o ainda mais robusta e diversificada.<\/p>\n<p class=\"x_MsoNormal\">Para o prefeito Anisio Viana, a realiza\u00e7\u00e3o da feira refor\u00e7a o compromisso da gest\u00e3o com o desenvolvimento rural sustent\u00e1vel e com o fortalecimento da economia local. \u201cA Expo Casa Inova \u00e9 uma demonstra\u00e7\u00e3o clara do nosso compromisso com pr\u00e1ticas que respeitam o meio ambiente e geram oportunidades e renda para quem vive do campo. Acima de tudo, \u00e9 uma forma de valorizar o produtor casanovense, que trabalha com dedica\u00e7\u00e3o e \u00e9 pe\u00e7a fundamental no desenvolvimento do nosso munic\u00edpio.\u201d<\/p>\n<p class=\"x_MsoNormal\">As reservas de baias j\u00e1 est\u00e3o abertas. Os interessados podem garantir participa\u00e7\u00e3o antecipadamente para a II Expo Casa Inova 2026 ao entrar em contato com Veranildo (Leno), pelo telefone (74) 98823 2101, para fazer parte de mais uma grande vitrine do potencial produtivo de Casa Nova.<\/p>\n<p class=\"x_MsoNormal\">Ascom PMCN<\/p>\n","protected":false},"excerpt":{"rendered":"<p>Casa Nova se prepara para viver mais uma grande vitrine do seu potencial agropecu\u00e1rio com a realiza\u00e7\u00e3o da II Expo Casa Inova, em 2026, marcada para acontecer entre os dias 3 e 7 de junho, no P\u00e1tio de Eventos. Consolidando-se como um dos principais eventos do setor na regi\u00e3o, a feira chega \u00e0 sua segunda [&hellip;]<\/p>\n","protected":false},"author":1,"featured_media":85570,"comment_status":"open","ping_status":"open","sticky":false,"template":"","format":"standard","meta":{"_uag_custom_page_level_css":"","_monsterinsights_skip_tracking":false,"_monsterinsights_sitenote_active":false,"_monsterinsights_sitenote_note":"","_monsterinsights_sitenote_category":0,"jetpack_post_was_ever_published":false,"_jetpack_newsletter_access":"","_jetpack_dont_email_post_to_subs":false,"_jetpack_newsletter_tier_id":0,"_jetpack_memberships_contains_paywalled_content":false,"_jetpack_memberships_contains_paid_content":false,"footnotes":"","jetpack_publicize_message":"","jetpack_publicize_feature_enabled":true,"jetpack_social_post_already_shared":true,"jetpack_social_options":{"image_generator_settings":{"template":"highway","default_image_id":0,"font":"","enabled":false},"version":2}},"categories":[199],"tags":[],"class_list":["post-85569","post","type-post","status-publish","format-standard","has-post-thumbnail","hentry","category-bahia"],"jetpack_publicize_connections":[],"jetpack_featured_media_url":"https:\/\/blogopara.com.br\/wp-content\/uploads\/2026\/04\/debec400-e4ac-46fe-84a7-4ad7bfda7bb5.jpg","uagb_featured_image_src":{"full":["https:\/\/blogopara.com.br\/wp-content\/uploads\/2026\/04\/debec400-e4ac-46fe-84a7-4ad7bfda7bb5.jpg",503,510,false],"thumbnail":["https:\/\/blogopara.com.br\/wp-content\/uploads\/2026\/04\/debec400-e4ac-46fe-84a7-4ad7bfda7bb5-150x150.jpg",150,150,true],"medium":["https:\/\/blogopara.com.br\/wp-content\/uploads\/2026\/04\/debec400-e4ac-46fe-84a7-4ad7bfda7bb5-296x300.jpg",296,300,true],"medium_large":["https:\/\/blogopara.com.br\/wp-content\/uploads\/2026\/04\/debec400-e4ac-46fe-84a7-4ad7bfda7bb5.jpg",503,510,false],"large":["https:\/\/blogopara.com.br\/wp-content\/uploads\/2026\/04\/debec400-e4ac-46fe-84a7-4ad7bfda7bb5.jpg",503,510,false],"1536x1536":["https:\/\/blogopara.com.br\/wp-content\/uploads\/2026\/04\/debec400-e4ac-46fe-84a7-4ad7bfda7bb5.jpg",503,510,false],"2048x2048":["https:\/\/blogopara.com.br\/wp-content\/uploads\/2026\/04\/debec400-e4ac-46fe-84a7-4ad7bfda7bb5.jpg",503,510,false],"mantranews-slider-large":["https:\/\/blogopara.com.br\/wp-content\/uploads\/2026\/04\/debec400-e4ac-46fe-84a7-4ad7bfda7bb5.jpg",503,510,false],"mantranews-featured-medium":["https:\/\/blogopara.com.br\/wp-content\/uploads\/2026\/04\/debec400-e4ac-46fe-84a7-4ad7bfda7bb5-420x307.jpg",420,307,true],"mantranews-featured-long":["https:\/\/blogopara.com.br\/wp-content\/uploads\/2026\/04\/debec400-e4ac-46fe-84a7-4ad7bfda7bb5-300x443.jpg",300,443,true],"mantranews-block-medium":["https:\/\/blogopara.com.br\/wp-content\/uploads\/2026\/04\/debec400-e4ac-46fe-84a7-4ad7bfda7bb5-464x290.jpg",464,290,true],"mantranews-carousel-image":["https:\/\/blogopara.com.br\/wp-content\/uploads\/2026\/04\/debec400-e4ac-46fe-84a7-4ad7bfda7bb5-503x500.jpg",503,500,true],"mantranews-block-thumb":["https:\/\/blogopara.com.br\/wp-content\/uploads\/2026\/04\/debec400-e4ac-46fe-84a7-4ad7bfda7bb5-322x230.jpg",322,230,true],"mantranews-single-large":["https:\/\/blogopara.com.br\/wp-content\/uploads\/2026\/04\/debec400-e4ac-46fe-84a7-4ad7bfda7bb5.jpg",503,510,false]},"uagb_author_info":{"display_name":"Reda\u00e7\u00e3o geral","author_link":"https:\/\/blogopara.com.br\/index.php\/author\/blogopara"},"uagb_comment_info":0,"uagb_excerpt":"Casa Nova se prepara para viver mais uma grande vitrine do seu potencial agropecu\u00e1rio com a realiza\u00e7\u00e3o da II Expo Casa Inova, em 2026, marcada para acontecer entre os dias 3 e 7 de junho, no P\u00e1tio de Eventos. Consolidando-se como um dos principais eventos do setor na regi\u00e3o, a feira chega \u00e0 sua segunda&hellip;","jetpack_sharing_enabled":true,"jetpack_likes_enabled":true,"_links":{"self":[{"href":"https:\/\/blogopara.com.br\/index.php\/wp-json\/wp\/v2\/posts\/85569","targetHints":{"allow":["GET"]}}],"collection":[{"href":"https:\/\/blogopara.com.br\/index.php\/wp-json\/wp\/v2\/posts"}],"about":[{"href":"https:\/\/blogopara.com.br\/index.php\/wp-json\/wp\/v2\/types\/post"}],"author":[{"embeddable":true,"href":"https:\/\/blogopara.com.br\/index.php\/wp-json\/wp\/v2\/users\/1"}],"replies":[{"embeddable":true,"href":"https:\/\/blogopara.com.br\/index.php\/wp-json\/wp\/v2\/comments?post=85569"}],"version-history":[{"count":1,"href":"https:\/\/blogopara.com.br\/index.php\/wp-json\/wp\/v2\/posts\/85569\/revisions"}],"predecessor-version":[{"id":85571,"href":"https:\/\/blogopara.com.br\/index.php\/wp-json\/wp\/v2\/posts\/85569\/revisions\/85571"}],"wp:featuredmedia":[{"embeddable":true,"href":"https:\/\/blogopara.com.br\/index.php\/wp-json\/wp\/v2\/media\/85570"}],"wp:attachment":[{"href":"https:\/\/blogopara.com.br\/index.php\/wp-json\/wp\/v2\/media?parent=85569"}],"wp:term":[{"taxonomy":"category","embeddable":true,"href":"https:\/\/blogopara.com.br\/index.php\/wp-json\/wp\/v2\/categories?post=85569"},{"taxonomy":"post_tag","embeddable":true,"href":"https:\/\/blogopara.com.br\/index.php\/wp-json\/wp\/v2\/tags?post=85569"}],"curies":[{"name":"wp","href":"https:\/\/api.w.org\/{rel}","templated":true}]}}