{"id":85572,"date":"2026-04-27T08:36:20","date_gmt":"2026-04-27T11:36:20","guid":{"rendered":"https:\/\/blogopara.com.br\/?p=85572"},"modified":"2026-04-27T08:36:20","modified_gmt":"2026-04-27T11:36:20","slug":"sextou-com-obras-alegria-e-gratidao-marcam-inicio-da-pavimentacao-da-travessa-petronilio-de-carvalho-em-senhor-do-bonfim","status":"publish","type":"post","link":"https:\/\/blogopara.com.br\/index.php\/2026\/04\/27\/sextou-com-obras-alegria-e-gratidao-marcam-inicio-da-pavimentacao-da-travessa-petronilio-de-carvalho-em-senhor-do-bonfim","title":{"rendered":"Sextou com Obras: Alegria e gratid\u00e3o marcam in\u00edcio da pavimenta\u00e7\u00e3o da Travessa Petronilio de Carvalho em Senhor do Bonfim"},"content":{"rendered":"<p class=\"x_MsoNormal\">A Prefeitura de Senhor do Bonfim realizou, nesta sexta-feira (24), mais uma edi\u00e7\u00e3o do \u201cSextou com Obras\u201d, consolidando o ritmo acelerado de investimentos em infraestrutura no munic\u00edpio. O destaque do dia foi a assinatura da Ordem de Servi\u00e7o para a pavimenta\u00e7\u00e3o da Travessa Petronilio de Carvalho, no bairro Itamaraty, uma demanda antiga da comunidade que agora come\u00e7a a se tornar realidade.<\/p>\n<p class=\"x_MsoNormal\">A a\u00e7\u00e3o emocionou moradores, que h\u00e1 anos convivem com poeira, lama e dificuldades de acesso. \u201cEu sonho com esse cal\u00e7amento h\u00e1 17 anos. V\u00e1rios ex-prefeitos e vereadores passaram por aqui, prometeram e n\u00e3o cumpriram. Hoje \u00e9 um momento de \u00eaxtase. A gente tinha esperan\u00e7a, mas n\u00e3o acreditava mais. Estou feliz demais\u201d, declarou um morador, visivelmente emocionado.<\/p>\n<p class=\"x_MsoNormal\">Outro residente tamb\u00e9m destacou os transtornos enfrentados diariamente. \u201cMoro aqui h\u00e1 uns sete anos e a gente sofre muito com essa rua toda esburacada. Passo de carro quase todo dia, meus parentes v\u00eam de Salvador e o GPS joga todo mundo pra c\u00e1. Hoje, gra\u00e7as a Deus, o prefeito est\u00e1 aqui trabalhando. Pra mim \u00e9 o melhor prefeito do Brasil, e n\u00e3o \u00e9 puxa\u00e7\u00e3o de saco. Ele trabalha mesmo\u201d, afirmou.<\/p>\n<p class=\"x_MsoNormal\">Durante o evento, o prefeito La\u00e9rcio J\u00fanior refor\u00e7ou o compromisso da gest\u00e3o com o avan\u00e7o das obras em toda a cidade. \u201cHoje temos 10 ruas com pavimenta\u00e7\u00e3o em andamento, tanto na sede quanto no interior. Assinamos a ordem de servi\u00e7o para essa rua t\u00e3o esperada, com investimento de R$ 127 mil, e a obra j\u00e1 come\u00e7a imediatamente. \u00c9 uma transforma\u00e7\u00e3o que garante dignidade e orgulho para esses moradores, que esperaram por 17 anos\u201d, destacou.<\/p>\n<p class=\"x_MsoNormal\">A obra vai beneficiar a via com pavimenta\u00e7\u00e3o em paralelep\u00edpedos gran\u00edticos e drenagem superficial com meio fio e sarjetas.<\/p>\n<p class=\"x_MsoNormal\">&#8212;<br \/>\nTexto: Ascom PMSB<\/p>\n","protected":false},"excerpt":{"rendered":"<p>A Prefeitura de Senhor do Bonfim realizou, nesta sexta-feira (24), mais uma edi\u00e7\u00e3o do \u201cSextou com Obras\u201d, consolidando o ritmo acelerado de investimentos em infraestrutura no munic\u00edpio. O destaque do dia foi a assinatura da Ordem de Servi\u00e7o para a pavimenta\u00e7\u00e3o da Travessa Petronilio de Carvalho, no bairro Itamaraty, uma demanda antiga da comunidade que [&hellip;]<\/p>\n","protected":false},"author":1,"featured_media":85573,"comment_status":"open","ping_status":"open","sticky":false,"template":"","format":"standard","meta":{"_uag_custom_page_level_css":"","_monsterinsights_skip_tracking":false,"_monsterinsights_sitenote_active":false,"_monsterinsights_sitenote_note":"","_monsterinsights_sitenote_category":0,"jetpack_post_was_ever_published":false,"_jetpack_newsletter_access":"","_jetpack_dont_email_post_to_subs":false,"_jetpack_newsletter_tier_id":0,"_jetpack_memberships_contains_paywalled_content":false,"_jetpack_memberships_contains_paid_content":false,"footnotes":"","jetpack_publicize_message":"","jetpack_publicize_feature_enabled":true,"jetpack_social_post_already_shared":true,"jetpack_social_options":{"image_generator_settings":{"template":"highway","default_image_id":0,"font":"","enabled":false},"version":2}},"categories":[199],"tags":[],"class_list":["post-85572","post","type-post","status-publish","format-standard","has-post-thumbnail","hentry","category-bahia"],"jetpack_publicize_connections":[],"jetpack_featured_media_url":"https:\/\/blogopara.com.br\/wp-content\/uploads\/2026\/04\/7636475b-c053-46dd-9642-0faeb92552f1.jpg","uagb_featured_image_src":{"full":["https:\/\/blogopara.com.br\/wp-content\/uploads\/2026\/04\/7636475b-c053-46dd-9642-0faeb92552f1.jpg",500,333,false],"thumbnail":["https:\/\/blogopara.com.br\/wp-content\/uploads\/2026\/04\/7636475b-c053-46dd-9642-0faeb92552f1-150x150.jpg",150,150,true],"medium":["https:\/\/blogopara.com.br\/wp-content\/uploads\/2026\/04\/7636475b-c053-46dd-9642-0faeb92552f1-300x200.jpg",300,200,true],"medium_large":["https:\/\/blogopara.com.br\/wp-content\/uploads\/2026\/04\/7636475b-c053-46dd-9642-0faeb92552f1.jpg",500,333,false],"large":["https:\/\/blogopara.com.br\/wp-content\/uploads\/2026\/04\/7636475b-c053-46dd-9642-0faeb92552f1.jpg",500,333,false],"1536x1536":["https:\/\/blogopara.com.br\/wp-content\/uploads\/2026\/04\/7636475b-c053-46dd-9642-0faeb92552f1.jpg",500,333,false],"2048x2048":["https:\/\/blogopara.com.br\/wp-content\/uploads\/2026\/04\/7636475b-c053-46dd-9642-0faeb92552f1.jpg",500,333,false],"mantranews-slider-large":["https:\/\/blogopara.com.br\/wp-content\/uploads\/2026\/04\/7636475b-c053-46dd-9642-0faeb92552f1.jpg",500,333,false],"mantranews-featured-medium":["https:\/\/blogopara.com.br\/wp-content\/uploads\/2026\/04\/7636475b-c053-46dd-9642-0faeb92552f1-420x307.jpg",420,307,true],"mantranews-featured-long":["https:\/\/blogopara.com.br\/wp-content\/uploads\/2026\/04\/7636475b-c053-46dd-9642-0faeb92552f1-300x333.jpg",300,333,true],"mantranews-block-medium":["https:\/\/blogopara.com.br\/wp-content\/uploads\/2026\/04\/7636475b-c053-46dd-9642-0faeb92552f1-464x290.jpg",464,290,true],"mantranews-carousel-image":["https:\/\/blogopara.com.br\/wp-content\/uploads\/2026\/04\/7636475b-c053-46dd-9642-0faeb92552f1.jpg",500,333,false],"mantranews-block-thumb":["https:\/\/blogopara.com.br\/wp-content\/uploads\/2026\/04\/7636475b-c053-46dd-9642-0faeb92552f1-322x230.jpg",322,230,true],"mantranews-single-large":["https:\/\/blogopara.com.br\/wp-content\/uploads\/2026\/04\/7636475b-c053-46dd-9642-0faeb92552f1.jpg",500,333,false]},"uagb_author_info":{"display_name":"Reda\u00e7\u00e3o geral","author_link":"https:\/\/blogopara.com.br\/index.php\/author\/blogopara"},"uagb_comment_info":0,"uagb_excerpt":"A Prefeitura de Senhor do Bonfim realizou, nesta sexta-feira (24), mais uma edi\u00e7\u00e3o do \u201cSextou com Obras\u201d, consolidando o ritmo acelerado de investimentos em infraestrutura no munic\u00edpio. O destaque do dia foi a assinatura da Ordem de Servi\u00e7o para a pavimenta\u00e7\u00e3o da Travessa Petronilio de Carvalho, no bairro Itamaraty, uma demanda antiga da comunidade que&hellip;","jetpack_sharing_enabled":true,"jetpack_likes_enabled":true,"_links":{"self":[{"href":"https:\/\/blogopara.com.br\/index.php\/wp-json\/wp\/v2\/posts\/85572","targetHints":{"allow":["GET"]}}],"collection":[{"href":"https:\/\/blogopara.com.br\/index.php\/wp-json\/wp\/v2\/posts"}],"about":[{"href":"https:\/\/blogopara.com.br\/index.php\/wp-json\/wp\/v2\/types\/post"}],"author":[{"embeddable":true,"href":"https:\/\/blogopara.com.br\/index.php\/wp-json\/wp\/v2\/users\/1"}],"replies":[{"embeddable":true,"href":"https:\/\/blogopara.com.br\/index.php\/wp-json\/wp\/v2\/comments?post=85572"}],"version-history":[{"count":1,"href":"https:\/\/blogopara.com.br\/index.php\/wp-json\/wp\/v2\/posts\/85572\/revisions"}],"predecessor-version":[{"id":85574,"href":"https:\/\/blogopara.com.br\/index.php\/wp-json\/wp\/v2\/posts\/85572\/revisions\/85574"}],"wp:featuredmedia":[{"embeddable":true,"href":"https:\/\/blogopara.com.br\/index.php\/wp-json\/wp\/v2\/media\/85573"}],"wp:attachment":[{"href":"https:\/\/blogopara.com.br\/index.php\/wp-json\/wp\/v2\/media?parent=85572"}],"wp:term":[{"taxonomy":"category","embeddable":true,"href":"https:\/\/blogopara.com.br\/index.php\/wp-json\/wp\/v2\/categories?post=85572"},{"taxonomy":"post_tag","embeddable":true,"href":"https:\/\/blogopara.com.br\/index.php\/wp-json\/wp\/v2\/tags?post=85572"}],"curies":[{"name":"wp","href":"https:\/\/api.w.org\/{rel}","templated":true}]}}