{"id":85582,"date":"2026-04-27T12:24:15","date_gmt":"2026-04-27T15:24:15","guid":{"rendered":"https:\/\/blogopara.com.br\/?p=85582"},"modified":"2026-04-27T12:24:15","modified_gmt":"2026-04-27T15:24:15","slug":"vereador-mitu-marca-presenca-em-acoes-do-programa-prefeitura-presente-e-inauguracao-de-escola-em-carnaiba-do-sertao","status":"publish","type":"post","link":"https:\/\/blogopara.com.br\/index.php\/2026\/04\/27\/vereador-mitu-marca-presenca-em-acoes-do-programa-prefeitura-presente-e-inauguracao-de-escola-em-carnaiba-do-sertao","title":{"rendered":"Vereador Mitu marca presen\u00e7a em a\u00e7\u00f5es do programa Prefeitura Presente e inaugura\u00e7\u00e3o de escola em Carna\u00edba do Sert\u00e3o"},"content":{"rendered":"<section class=\"text-token-text-primary w-full focus:outline-none [--shadow-height:45px] has-data-writing-block:pointer-events-none has-data-writing-block:-mt-(--shadow-height) has-data-writing-block:pt-(--shadow-height) [&amp;:has([data-writing-block])&gt;*]:pointer-events-auto [content-visibility:auto] supports-[content-visibility:auto]:[contain-intrinsic-size:auto_100lvh] R6Vx5W_threadScrollVars scroll-mb-[calc(var(--scroll-root-safe-area-inset-bottom,0px)+var(--thread-response-height))] scroll-mt-[calc(var(--header-height)+min(200px,max(70px,20svh)))]\" dir=\"auto\" data-turn-id=\"request-WEB:74f38847-12fc-4f5b-969f-f42a6afe07b7-0\" data-testid=\"conversation-turn-2\" data-scroll-anchor=\"false\" data-turn=\"assistant\">\n<div class=\"text-base my-auto mx-auto pb-10 [--thread-content-margin:var(--thread-content-margin-xs,calc(var(--spacing)*4))] @w-sm\/main:[--thread-content-margin:var(--thread-content-margin-sm,calc(var(--spacing)*6))] @w-lg\/main:[--thread-content-margin:var(--thread-content-margin-lg,calc(var(--spacing)*16))] px-(--thread-content-margin)\">\n<div class=\"[--thread-content-max-width:40rem] @w-lg\/main:[--thread-content-max-width:48rem] mx-auto max-w-(--thread-content-max-width) flex-1 group\/turn-messages focus-visible:outline-hidden relative flex w-full min-w-0 flex-col agent-turn\">\n<div class=\"flex max-w-full flex-col gap-4 grow\">\n<div class=\"min-h-8 text-message relative flex w-full flex-col items-end gap-2 text-start break-words whitespace-normal outline-none keyboard-focused:focus-ring [.text-message+&amp;]:mt-1\" dir=\"auto\" tabindex=\"0\" data-message-author-role=\"assistant\" data-message-id=\"242da3b5-4daa-46d3-8d6c-9be61e59ba39\" data-turn-start-message=\"true\" data-message-model-slug=\"gpt-5-3\">\n<div class=\"flex w-full flex-col gap-1 empty:hidden\">\n<div class=\"streaming-animation markdown prose dark:prose-invert w-full wrap-break-word light markdown-new-styling\">\n<section class=\"text-token-text-primary w-full focus:outline-none [--shadow-height:45px] has-data-writing-block:pointer-events-none has-data-writing-block:-mt-(--shadow-height) has-data-writing-block:pt-(--shadow-height) [&amp;:has([data-writing-block])&gt;*]:pointer-events-auto [content-visibility:auto] supports-[content-visibility:auto]:[contain-intrinsic-size:auto_100lvh] R6Vx5W_threadScrollVars scroll-mb-[calc(var(--scroll-root-safe-area-inset-bottom,0px)+var(--thread-response-height))] scroll-mt-[calc(var(--header-height)+min(200px,max(70px,20svh)))]\" dir=\"auto\" data-turn-id=\"request-WEB:74f38847-12fc-4f5b-969f-f42a6afe07b7-0\" data-testid=\"conversation-turn-2\" data-scroll-anchor=\"false\" data-turn=\"assistant\">\n<div class=\"text-base my-auto mx-auto pb-10 [--thread-content-margin:var(--thread-content-margin-xs,calc(var(--spacing)*4))] @w-sm\/main:[--thread-content-margin:var(--thread-content-margin-sm,calc(var(--spacing)*6))] @w-lg\/main:[--thread-content-margin:var(--thread-content-margin-lg,calc(var(--spacing)*16))] px-(--thread-content-margin)\">\n<div class=\"[--thread-content-max-width:40rem] @w-lg\/main:[--thread-content-max-width:48rem] mx-auto max-w-(--thread-content-max-width) flex-1 group\/turn-messages focus-visible:outline-hidden relative flex w-full min-w-0 flex-col agent-turn\">\n<div class=\"flex max-w-full flex-col gap-4 grow\">\n<div class=\"min-h-8 text-message relative flex w-full flex-col items-end gap-2 text-start break-words whitespace-normal outline-none keyboard-focused:focus-ring [.text-message+&amp;]:mt-1\" dir=\"auto\" tabindex=\"0\" data-message-author-role=\"assistant\" data-message-id=\"242da3b5-4daa-46d3-8d6c-9be61e59ba39\" data-turn-start-message=\"true\" data-message-model-slug=\"gpt-5-3\">\n<div class=\"flex w-full flex-col gap-1 empty:hidden\">\n<div class=\"markdown prose dark:prose-invert w-full wrap-break-word light markdown-new-styling\">\n<p data-start=\"121\" data-end=\"464\">O s\u00e1bado (25) foi marcado por uma intensa agenda de atividades no distrito de Carna\u00edba do Sert\u00e3o, com destaque para a participa\u00e7\u00e3o ativa do vereador <span class=\"hover:entity-accent entity-underline inline cursor-pointer align-baseline\"><span class=\"whitespace-normal\">Mitu<\/span><\/span>, que acompanhou de perto mais uma edi\u00e7\u00e3o do programa Prefeitura Presente, iniciativa que leva servi\u00e7os p\u00fablicos e atendimento direto \u00e0s comunidades.<\/p>\n<p data-start=\"466\" data-end=\"761\">Durante a a\u00e7\u00e3o, o vereador Mitu esteve ao lado do prefeito <span class=\"hover:entity-accent entity-underline inline cursor-pointer align-baseline\"><span class=\"whitespace-normal\">Andrei Gon\u00e7alves<\/span><\/span> e da secret\u00e1ria municipal de Educa\u00e7\u00e3o <span class=\"hover:entity-accent entity-underline inline cursor-pointer align-baseline\"><span class=\"whitespace-normal\">Maeve Melo<\/span><\/span>, refor\u00e7ando o compromisso conjunto com a escuta das demandas da popula\u00e7\u00e3o e a busca por melhorias para o distrito.<\/p>\n<p data-start=\"763\" data-end=\"1169\">O programa Prefeitura Presente reuniu diversos servi\u00e7os essenciais, aproximando a gest\u00e3o municipal dos moradores e proporcionando atendimentos em \u00e1reas como sa\u00fade, assist\u00eancia social e orienta\u00e7\u00e3o administrativa. A presen\u00e7a do vereador Mitu foi destacada como um gesto de proximidade com a comunidade local, acompanhando as necessidades apresentadas pelos moradores e dialogando diretamente com a popula\u00e7\u00e3o.<\/p>\n<p data-start=\"1171\" data-end=\"1577\">Outro momento importante da agenda foi a inaugura\u00e7\u00e3o da Escola Municipal de Tempo Integral Pedro Dias, considerada um avan\u00e7o significativo para a educa\u00e7\u00e3o em Carna\u00edba do Sert\u00e3o. A nova unidade escolar representa um investimento estrat\u00e9gico voltado \u00e0 amplia\u00e7\u00e3o do acesso ao ensino em tempo integral, oferecendo mais oportunidades de aprendizagem e desenvolvimento para crian\u00e7as e adolescentes da regi\u00e3o.<\/p>\n<p data-start=\"1171\" data-end=\"1577\">A agenda refor\u00e7a o papel do vereador como elo entre a gest\u00e3o municipal e a comunidade, acompanhando de perto projetos e investimentos que impactam diretamente a qualidade de vida dos moradores de Carna\u00edba do Sert\u00e3o e localidades vizinhas.<\/p>\n<\/div>\n<\/div>\n<\/div>\n<\/div>\n<div class=\"z-0 flex min-h-[46px] justify-start\"><\/div>\n<div class=\"mt-3 w-full empty:hidden\">\n<div class=\"text-center\"><\/div>\n<\/div>\n<\/div>\n<\/div>\n<\/section>\n<div class=\"pointer-events-none -mt-px h-px translate-y-[calc(var(--scroll-root-safe-area-inset-bottom)-14*var(--spacing))]\" aria-hidden=\"true\"><\/div>\n<div class=\"pointer-events-none translate-y-(--scroll-root-safe-area-inset-bottom) R6Vx5W_threadScrollVars min-h-(--gutter-remaining-height,0px) group-data-stream-active\/scroll-root:h-[calc(var(--thread-response-height)-16*var(--spacing))]\"><\/div>\n<\/div>\n<\/div>\n<\/div>\n<\/div>\n<\/div>\n<\/div>\n<\/section>\n","protected":false},"excerpt":{"rendered":"<p>O s\u00e1bado (25) foi marcado por uma intensa agenda de atividades no distrito de Carna\u00edba do Sert\u00e3o, com destaque para a participa\u00e7\u00e3o ativa do vereador Mitu, que acompanhou de perto mais uma edi\u00e7\u00e3o do programa Prefeitura Presente, iniciativa que leva servi\u00e7os p\u00fablicos e atendimento direto \u00e0s comunidades. Durante a a\u00e7\u00e3o, o vereador Mitu esteve ao [&hellip;]<\/p>\n","protected":false},"author":1,"featured_media":85583,"comment_status":"open","ping_status":"open","sticky":false,"template":"","format":"standard","meta":{"_uag_custom_page_level_css":"","_monsterinsights_skip_tracking":false,"_monsterinsights_sitenote_active":false,"_monsterinsights_sitenote_note":"","_monsterinsights_sitenote_category":0,"jetpack_post_was_ever_published":false,"_jetpack_newsletter_access":"","_jetpack_dont_email_post_to_subs":false,"_jetpack_newsletter_tier_id":0,"_jetpack_memberships_contains_paywalled_content":false,"_jetpack_memberships_contains_paid_content":false,"footnotes":"","jetpack_publicize_message":"","jetpack_publicize_feature_enabled":true,"jetpack_social_post_already_shared":true,"jetpack_social_options":{"image_generator_settings":{"template":"highway","default_image_id":0,"font":"","enabled":false},"version":2}},"categories":[197],"tags":[2126,2017,11692,7692,11898],"class_list":["post-85582","post","type-post","status-publish","format-standard","has-post-thumbnail","hentry","category-politica","tag-camara-de-vereadores-de-juazeiro-2","tag-cmj","tag-mitu-do-sindicato","tag-presidente-da-cmj","tag-vereador-mitu"],"jetpack_publicize_connections":[],"jetpack_featured_media_url":"https:\/\/blogopara.com.br\/wp-content\/uploads\/2026\/04\/Adriely-Mendonca-12.jpg","uagb_featured_image_src":{"full":["https:\/\/blogopara.com.br\/wp-content\/uploads\/2026\/04\/Adriely-Mendonca-12.jpg",500,375,false],"thumbnail":["https:\/\/blogopara.com.br\/wp-content\/uploads\/2026\/04\/Adriely-Mendonca-12-150x150.jpg",150,150,true],"medium":["https:\/\/blogopara.com.br\/wp-content\/uploads\/2026\/04\/Adriely-Mendonca-12-300x225.jpg",300,225,true],"medium_large":["https:\/\/blogopara.com.br\/wp-content\/uploads\/2026\/04\/Adriely-Mendonca-12.jpg",500,375,false],"large":["https:\/\/blogopara.com.br\/wp-content\/uploads\/2026\/04\/Adriely-Mendonca-12.jpg",500,375,false],"1536x1536":["https:\/\/blogopara.com.br\/wp-content\/uploads\/2026\/04\/Adriely-Mendonca-12.jpg",500,375,false],"2048x2048":["https:\/\/blogopara.com.br\/wp-content\/uploads\/2026\/04\/Adriely-Mendonca-12.jpg",500,375,false],"mantranews-slider-large":["https:\/\/blogopara.com.br\/wp-content\/uploads\/2026\/04\/Adriely-Mendonca-12.jpg",500,375,false],"mantranews-featured-medium":["https:\/\/blogopara.com.br\/wp-content\/uploads\/2026\/04\/Adriely-Mendonca-12-420x307.jpg",420,307,true],"mantranews-featured-long":["https:\/\/blogopara.com.br\/wp-content\/uploads\/2026\/04\/Adriely-Mendonca-12-300x375.jpg",300,375,true],"mantranews-block-medium":["https:\/\/blogopara.com.br\/wp-content\/uploads\/2026\/04\/Adriely-Mendonca-12-464x290.jpg",464,290,true],"mantranews-carousel-image":["https:\/\/blogopara.com.br\/wp-content\/uploads\/2026\/04\/Adriely-Mendonca-12.jpg",500,375,false],"mantranews-block-thumb":["https:\/\/blogopara.com.br\/wp-content\/uploads\/2026\/04\/Adriely-Mendonca-12-322x230.jpg",322,230,true],"mantranews-single-large":["https:\/\/blogopara.com.br\/wp-content\/uploads\/2026\/04\/Adriely-Mendonca-12.jpg",500,375,false]},"uagb_author_info":{"display_name":"Reda\u00e7\u00e3o geral","author_link":"https:\/\/blogopara.com.br\/index.php\/author\/blogopara"},"uagb_comment_info":0,"uagb_excerpt":"O s\u00e1bado (25) foi marcado por uma intensa agenda de atividades no distrito de Carna\u00edba do Sert\u00e3o, com destaque para a participa\u00e7\u00e3o ativa do vereador Mitu, que acompanhou de perto mais uma edi\u00e7\u00e3o do programa Prefeitura Presente, iniciativa que leva servi\u00e7os p\u00fablicos e atendimento direto \u00e0s comunidades. Durante a a\u00e7\u00e3o, o vereador Mitu esteve ao&hellip;","jetpack_sharing_enabled":true,"jetpack_likes_enabled":true,"_links":{"self":[{"href":"https:\/\/blogopara.com.br\/index.php\/wp-json\/wp\/v2\/posts\/85582","targetHints":{"allow":["GET"]}}],"collection":[{"href":"https:\/\/blogopara.com.br\/index.php\/wp-json\/wp\/v2\/posts"}],"about":[{"href":"https:\/\/blogopara.com.br\/index.php\/wp-json\/wp\/v2\/types\/post"}],"author":[{"embeddable":true,"href":"https:\/\/blogopara.com.br\/index.php\/wp-json\/wp\/v2\/users\/1"}],"replies":[{"embeddable":true,"href":"https:\/\/blogopara.com.br\/index.php\/wp-json\/wp\/v2\/comments?post=85582"}],"version-history":[{"count":1,"href":"https:\/\/blogopara.com.br\/index.php\/wp-json\/wp\/v2\/posts\/85582\/revisions"}],"predecessor-version":[{"id":85584,"href":"https:\/\/blogopara.com.br\/index.php\/wp-json\/wp\/v2\/posts\/85582\/revisions\/85584"}],"wp:featuredmedia":[{"embeddable":true,"href":"https:\/\/blogopara.com.br\/index.php\/wp-json\/wp\/v2\/media\/85583"}],"wp:attachment":[{"href":"https:\/\/blogopara.com.br\/index.php\/wp-json\/wp\/v2\/media?parent=85582"}],"wp:term":[{"taxonomy":"category","embeddable":true,"href":"https:\/\/blogopara.com.br\/index.php\/wp-json\/wp\/v2\/categories?post=85582"},{"taxonomy":"post_tag","embeddable":true,"href":"https:\/\/blogopara.com.br\/index.php\/wp-json\/wp\/v2\/tags?post=85582"}],"curies":[{"name":"wp","href":"https:\/\/api.w.org\/{rel}","templated":true}]}}