{"id":85588,"date":"2026-04-27T18:26:43","date_gmt":"2026-04-27T21:26:43","guid":{"rendered":"https:\/\/blogopara.com.br\/?p=85588"},"modified":"2026-04-27T18:27:36","modified_gmt":"2026-04-27T21:27:36","slug":"eleicoes-2026-pagina-criada-por-politicos-de-sento-se-para-atacar-juvenilson-passos-e-desmascarada","status":"publish","type":"post","link":"https:\/\/blogopara.com.br\/index.php\/2026\/04\/27\/eleicoes-2026-pagina-criada-por-politicos-de-sento-se-para-atacar-juvenilson-passos-e-desmascarada","title":{"rendered":"Elei\u00e7\u00f5es 2026: P\u00e1gina criada por pol\u00edticos de Sento-S\u00e9 para atacar Juvenilson Passos \u00e9 desmascarada"},"content":{"rendered":"<div class=\"relative basis-auto flex-col -mb-(--composer-overlap-px) pb-(--composer-overlap-px) [--composer-overlap-px:28px] grow flex\">\n<div class=\"flex flex-col text-sm\">\n<section class=\"text-token-text-primary w-full focus:outline-none [--shadow-height:45px] has-data-writing-block:pointer-events-none has-data-writing-block:-mt-(--shadow-height) has-data-writing-block:pt-(--shadow-height) [&amp;:has([data-writing-block])&gt;*]:pointer-events-auto [content-visibility:auto] supports-[content-visibility:auto]:[contain-intrinsic-size:auto_100lvh] R6Vx5W_threadScrollVars scroll-mb-[calc(var(--scroll-root-safe-area-inset-bottom,0px)+var(--thread-response-height))] scroll-mt-[calc(var(--header-height)+min(200px,max(70px,20svh)))]\" dir=\"auto\" data-turn-id=\"request-WEB:2dd8d588-690e-4628-ae4b-72374360d18f-0\" data-testid=\"conversation-turn-2\" data-scroll-anchor=\"false\" data-turn=\"assistant\">\n<div class=\"text-base my-auto mx-auto pb-10 [--thread-content-margin:var(--thread-content-margin-xs,calc(var(--spacing)*4))] @w-sm\/main:[--thread-content-margin:var(--thread-content-margin-sm,calc(var(--spacing)*6))] @w-lg\/main:[--thread-content-margin:var(--thread-content-margin-lg,calc(var(--spacing)*16))] px-(--thread-content-margin)\">\n<div class=\"[--thread-content-max-width:40rem] @w-lg\/main:[--thread-content-max-width:48rem] mx-auto max-w-(--thread-content-max-width) flex-1 group\/turn-messages focus-visible:outline-hidden relative flex w-full min-w-0 flex-col agent-turn\">\n<div class=\"flex max-w-full flex-col gap-4 grow\">\n<div class=\"min-h-8 text-message relative flex w-full flex-col items-end gap-2 text-start break-words whitespace-normal outline-none keyboard-focused:focus-ring [.text-message+&amp;]:mt-1\" dir=\"auto\" tabindex=\"0\" data-message-author-role=\"assistant\" data-message-id=\"4f2d96ad-f3e7-4927-8f48-78631b66f7d4\" data-turn-start-message=\"true\" data-message-model-slug=\"gpt-5-3\">\n<div class=\"flex w-full flex-col gap-1 empty:hidden\">\n<div class=\"markdown prose dark:prose-invert w-full wrap-break-word light markdown-new-styling\">\n<p data-start=\"102\" data-end=\"402\">Uma p\u00e1gina criada recentemente nas redes sociais e utilizada para disseminar ataques pol\u00edticos contra o ex-prefeito <span class=\"hover:entity-accent entity-underline inline cursor-pointer align-baseline\"><span class=\"whitespace-normal\">Juvenilson Passos<\/span><\/span> foi desmascarada, ap\u00f3s levantamento que aponta sua liga\u00e7\u00e3o com advers\u00e1rios pol\u00edticos no munic\u00edpio de <span class=\"hover:entity-accent entity-underline inline cursor-pointer align-baseline\"><span class=\"whitespace-normal\">Sento-S\u00e9<\/span><\/span>.<\/p>\n<p data-start=\"404\" data-end=\"780\">De acordo com as informa\u00e7\u00f5es apuradas, o perfil foi criado no dia 26 de abril de 2026 (domingo), supostamente com o objetivo de cobrir a pol\u00edtica baiana. No entanto, uma an\u00e1lise do conte\u00fado publicado indica que a p\u00e1gina tem sido utilizada exclusivamente para direcionar ataques ao grupo pol\u00edtico de Juvenilson, com postagens consideradas tendenciosas e sem apresenta\u00e7\u00e3o de provas concretas.<\/p>\n<p data-start=\"404\" data-end=\"780\"><img loading=\"lazy\" decoding=\"async\" class=\"alignnone size-medium wp-image-85590\" src=\"https:\/\/blogopara.com.br\/wp-content\/uploads\/2026\/04\/Capturar-54-300x258.jpg\" alt=\"\" width=\"300\" height=\"258\" srcset=\"https:\/\/blogopara.com.br\/wp-content\/uploads\/2026\/04\/Capturar-54-300x258.jpg 300w, https:\/\/blogopara.com.br\/wp-content\/uploads\/2026\/04\/Capturar-54.jpg 491w\" sizes=\"auto, (max-width: 300px) 100vw, 300px\" \/><\/p>\n<p data-start=\"404\" data-end=\"780\">No mesmo dia em que foi criada a p\u00e1gina, pol\u00edticos do munic\u00edpio de Sento-S\u00e9 j\u00e1 estavam seguindo, e prontos para ajudar no engajamento e na dissemina\u00e7\u00e3o do conte\u00fado.<\/p>\n<p data-start=\"404\" data-end=\"780\"><img loading=\"lazy\" decoding=\"async\" class=\"alignnone size-medium wp-image-85597\" src=\"https:\/\/blogopara.com.br\/wp-content\/uploads\/2026\/04\/WhatsApp-Image-2026-04-27-at-15.48.37-1-139x300.jpg\" alt=\"\" width=\"139\" height=\"300\" srcset=\"https:\/\/blogopara.com.br\/wp-content\/uploads\/2026\/04\/WhatsApp-Image-2026-04-27-at-15.48.37-1-139x300.jpg 139w, https:\/\/blogopara.com.br\/wp-content\/uploads\/2026\/04\/WhatsApp-Image-2026-04-27-at-15.48.37-1-473x1024.jpg 473w, https:\/\/blogopara.com.br\/wp-content\/uploads\/2026\/04\/WhatsApp-Image-2026-04-27-at-15.48.37-1.jpg 591w\" sizes=\"auto, (max-width: 139px) 100vw, 139px\" \/> <img loading=\"lazy\" decoding=\"async\" class=\"alignnone size-medium wp-image-85598\" src=\"https:\/\/blogopara.com.br\/wp-content\/uploads\/2026\/04\/WhatsApp-Image-2026-04-27-at-15.49.00-1-139x300.jpg\" alt=\"\" width=\"139\" height=\"300\" srcset=\"https:\/\/blogopara.com.br\/wp-content\/uploads\/2026\/04\/WhatsApp-Image-2026-04-27-at-15.49.00-1-139x300.jpg 139w, https:\/\/blogopara.com.br\/wp-content\/uploads\/2026\/04\/WhatsApp-Image-2026-04-27-at-15.49.00-1-473x1024.jpg 473w, https:\/\/blogopara.com.br\/wp-content\/uploads\/2026\/04\/WhatsApp-Image-2026-04-27-at-15.49.00-1.jpg 591w\" sizes=\"auto, (max-width: 139px) 100vw, 139px\" \/><\/p>\n<p data-start=\"782\" data-end=\"1168\">O respons\u00e1vel pela p\u00e1gina seria o pseudo jornalista <span class=\"hover:entity-accent entity-underline inline cursor-pointer align-baseline\"><span class=\"whitespace-normal\">Vinicius Rosa Louren\u00e7o<\/span><\/span>, residente no <span class=\"hover:entity-accent entity-underline inline cursor-pointer align-baseline\"><span class=\"whitespace-normal\">Rio de Janeiro<\/span><\/span>, um velho conhecido da pol\u00edtica rasteira do munic\u00edpio de Mag\u00e9. Segundo ele, o perfil foi criado no Instagram para atua\u00e7\u00e3o jornal\u00edstica, voltada \u00e0 pol\u00edtica do estado da <span class=\"hover:entity-accent entity-underline inline cursor-pointer align-baseline\"><span class=\"whitespace-normal\">Bahia<\/span><\/span>. No entanto, o conte\u00fado publicado levanta suspeitas sobre a real finalidade da iniciativa.<\/p>\n<p data-start=\"1170\" data-end=\"1438\">O primeiro v\u00eddeo publicado pela p\u00e1gina traz ila\u00e7\u00f5es sobre sobre uma empresa s\u00e9ria do ramo educacional que prestou servi\u00e7os ao munic\u00edpio de Sento-S\u00e9. Sem ter muito cuidado com as informa\u00e7\u00f5es, sem fazer as devidas checagens e sem o compromisso com a verdade. N\u00e3o verificou devidamente, talvez orientado por pol\u00edticos de Sento-S\u00e9, o endere\u00e7o e a raz\u00e3o comercial da empresa na\u00a0 <span class=\"fontstyle0\">Junta Comercial do Estado da Bahia<\/span>.<\/p>\n<p data-start=\"1440\" data-end=\"1883\">Em tempos de elei\u00e7\u00e3o, sempre surgem a cria\u00e7\u00e3o de p\u00e1ginas an\u00f4nimas ou com identidade question\u00e1vel, que tem sido uma estrat\u00e9gia recorrente em disputas eleitorais, com o uso de conte\u00fados encomendados para atacar reputa\u00e7\u00f5es, espalhar desinforma\u00e7\u00e3o e influenciar a opini\u00e3o p\u00fablica. Esse tipo de pr\u00e1tica pode configurar dissemina\u00e7\u00e3o de fake news, al\u00e9m de levantar questionamentos sobre eventuais responsabilidades legais dos envolvidos.<\/p>\n<\/div>\n<\/div>\n<\/div>\n<\/div>\n<\/div>\n<\/div>\n<\/section>\n<\/div>\n<\/div>\n","protected":false},"excerpt":{"rendered":"<p>Uma p\u00e1gina criada recentemente nas redes sociais e utilizada para disseminar ataques pol\u00edticos contra o ex-prefeito Juvenilson Passos foi desmascarada, ap\u00f3s levantamento que aponta sua liga\u00e7\u00e3o com advers\u00e1rios pol\u00edticos no munic\u00edpio de Sento-S\u00e9. De acordo com as informa\u00e7\u00f5es apuradas, o perfil foi criado no dia 26 de abril de 2026 (domingo), supostamente com o objetivo [&hellip;]<\/p>\n","protected":false},"author":1,"featured_media":85599,"comment_status":"open","ping_status":"open","sticky":false,"template":"","format":"standard","meta":{"_uag_custom_page_level_css":"","_monsterinsights_skip_tracking":false,"_monsterinsights_sitenote_active":false,"_monsterinsights_sitenote_note":"","_monsterinsights_sitenote_category":0,"jetpack_post_was_ever_published":false,"_jetpack_newsletter_access":"","_jetpack_dont_email_post_to_subs":false,"_jetpack_newsletter_tier_id":0,"_jetpack_memberships_contains_paywalled_content":false,"_jetpack_memberships_contains_paid_content":false,"footnotes":"","jetpack_publicize_message":"","jetpack_publicize_feature_enabled":true,"jetpack_social_post_already_shared":true,"jetpack_social_options":{"image_generator_settings":{"template":"highway","default_image_id":0,"font":"","enabled":false},"version":2}},"categories":[202,197],"tags":[11998,10592,28,11115,12000,12001],"class_list":["post-85588","post","type-post","status-publish","format-standard","has-post-thumbnail","hentry","category-policia","category-politica","tag-ednaldo-barros","tag-eleicoes-2026","tag-fake-news","tag-juvenilson-passos","tag-portal-impacto","tag-vinicius-rosa-lourenco"],"jetpack_publicize_connections":[],"jetpack_featured_media_url":"https:\/\/blogopara.com.br\/wp-content\/uploads\/2026\/04\/Adriely-Mendonca-13.jpg","uagb_featured_image_src":{"full":["https:\/\/blogopara.com.br\/wp-content\/uploads\/2026\/04\/Adriely-Mendonca-13.jpg",500,375,false],"thumbnail":["https:\/\/blogopara.com.br\/wp-content\/uploads\/2026\/04\/Adriely-Mendonca-13-150x150.jpg",150,150,true],"medium":["https:\/\/blogopara.com.br\/wp-content\/uploads\/2026\/04\/Adriely-Mendonca-13-300x225.jpg",300,225,true],"medium_large":["https:\/\/blogopara.com.br\/wp-content\/uploads\/2026\/04\/Adriely-Mendonca-13.jpg",500,375,false],"large":["https:\/\/blogopara.com.br\/wp-content\/uploads\/2026\/04\/Adriely-Mendonca-13.jpg",500,375,false],"1536x1536":["https:\/\/blogopara.com.br\/wp-content\/uploads\/2026\/04\/Adriely-Mendonca-13.jpg",500,375,false],"2048x2048":["https:\/\/blogopara.com.br\/wp-content\/uploads\/2026\/04\/Adriely-Mendonca-13.jpg",500,375,false],"mantranews-slider-large":["https:\/\/blogopara.com.br\/wp-content\/uploads\/2026\/04\/Adriely-Mendonca-13.jpg",500,375,false],"mantranews-featured-medium":["https:\/\/blogopara.com.br\/wp-content\/uploads\/2026\/04\/Adriely-Mendonca-13-420x307.jpg",420,307,true],"mantranews-featured-long":["https:\/\/blogopara.com.br\/wp-content\/uploads\/2026\/04\/Adriely-Mendonca-13-300x375.jpg",300,375,true],"mantranews-block-medium":["https:\/\/blogopara.com.br\/wp-content\/uploads\/2026\/04\/Adriely-Mendonca-13-464x290.jpg",464,290,true],"mantranews-carousel-image":["https:\/\/blogopara.com.br\/wp-content\/uploads\/2026\/04\/Adriely-Mendonca-13.jpg",500,375,false],"mantranews-block-thumb":["https:\/\/blogopara.com.br\/wp-content\/uploads\/2026\/04\/Adriely-Mendonca-13-322x230.jpg",322,230,true],"mantranews-single-large":["https:\/\/blogopara.com.br\/wp-content\/uploads\/2026\/04\/Adriely-Mendonca-13.jpg",500,375,false]},"uagb_author_info":{"display_name":"Reda\u00e7\u00e3o geral","author_link":"https:\/\/blogopara.com.br\/index.php\/author\/blogopara"},"uagb_comment_info":0,"uagb_excerpt":"Uma p\u00e1gina criada recentemente nas redes sociais e utilizada para disseminar ataques pol\u00edticos contra o ex-prefeito Juvenilson Passos foi desmascarada, ap\u00f3s levantamento que aponta sua liga\u00e7\u00e3o com advers\u00e1rios pol\u00edticos no munic\u00edpio de Sento-S\u00e9. De acordo com as informa\u00e7\u00f5es apuradas, o perfil foi criado no dia 26 de abril de 2026 (domingo), supostamente com o objetivo&hellip;","jetpack_sharing_enabled":true,"jetpack_likes_enabled":true,"_links":{"self":[{"href":"https:\/\/blogopara.com.br\/index.php\/wp-json\/wp\/v2\/posts\/85588","targetHints":{"allow":["GET"]}}],"collection":[{"href":"https:\/\/blogopara.com.br\/index.php\/wp-json\/wp\/v2\/posts"}],"about":[{"href":"https:\/\/blogopara.com.br\/index.php\/wp-json\/wp\/v2\/types\/post"}],"author":[{"embeddable":true,"href":"https:\/\/blogopara.com.br\/index.php\/wp-json\/wp\/v2\/users\/1"}],"replies":[{"embeddable":true,"href":"https:\/\/blogopara.com.br\/index.php\/wp-json\/wp\/v2\/comments?post=85588"}],"version-history":[{"count":1,"href":"https:\/\/blogopara.com.br\/index.php\/wp-json\/wp\/v2\/posts\/85588\/revisions"}],"predecessor-version":[{"id":85600,"href":"https:\/\/blogopara.com.br\/index.php\/wp-json\/wp\/v2\/posts\/85588\/revisions\/85600"}],"wp:featuredmedia":[{"embeddable":true,"href":"https:\/\/blogopara.com.br\/index.php\/wp-json\/wp\/v2\/media\/85599"}],"wp:attachment":[{"href":"https:\/\/blogopara.com.br\/index.php\/wp-json\/wp\/v2\/media?parent=85588"}],"wp:term":[{"taxonomy":"category","embeddable":true,"href":"https:\/\/blogopara.com.br\/index.php\/wp-json\/wp\/v2\/categories?post=85588"},{"taxonomy":"post_tag","embeddable":true,"href":"https:\/\/blogopara.com.br\/index.php\/wp-json\/wp\/v2\/tags?post=85588"}],"curies":[{"name":"wp","href":"https:\/\/api.w.org\/{rel}","templated":true}]}}