{"id":85589,"date":"2026-04-27T19:41:52","date_gmt":"2026-04-27T22:41:52","guid":{"rendered":"https:\/\/blogopara.com.br\/?p=85589"},"modified":"2026-04-27T19:42:24","modified_gmt":"2026-04-27T22:42:24","slug":"juazeiro-ladrao-rouba-pneus-de-bicicleta-que-estava-presa-numa-arvore-em-plena-luz-do-dia","status":"publish","type":"post","link":"https:\/\/blogopara.com.br\/index.php\/2026\/04\/27\/juazeiro-ladrao-rouba-pneus-de-bicicleta-que-estava-presa-numa-arvore-em-plena-luz-do-dia","title":{"rendered":"Juazeiro: Ladr\u00e3o rouba pneus de bicicleta que estava presa numa \u00e1rvore em plena luz do dia"},"content":{"rendered":"<p data-start=\"83\" data-end=\"448\">Um furto inusitado chamou a aten\u00e7\u00e3o de moradores na tarde desta segunda-feira (27), em <span class=\"hover:entity-accent entity-underline inline cursor-pointer align-baseline\"><span class=\"whitespace-normal\">Juazeiro<\/span><\/span>. Um ladr\u00e3o roubou os pneus de uma bicicleta que estava presa a uma \u00e1rvore, em plena luz do dia, na Travessa Paulo VI, localizada nos fundos da <span class=\"hover:entity-accent entity-underline inline cursor-pointer align-baseline\"><span class=\"whitespace-normal\">Faculdade de Tecnologia e Ci\u00eancias (FTC)<\/span><\/span>, nas proximidades do <span class=\"hover:entity-accent entity-underline inline cursor-pointer align-baseline\"><span class=\"whitespace-normal\">Shopping \u00c1guas Center<\/span><\/span>.<\/p>\n<p data-start=\"450\" data-end=\"778\">De acordo com relatos de moradores da regi\u00e3o, o crime ocorreu durante a tarde, em um hor\u00e1rio de grande circula\u00e7\u00e3o de pessoas, o que aumentou a sensa\u00e7\u00e3o de inseguran\u00e7a entre quem vive e trabalha no local. A bicicleta estava presa a uma \u00e1rvore quando o suspeito retirou os pneus e fugiu antes que o propriet\u00e1rio percebesse a a\u00e7\u00e3o.<\/p>\n<p data-start=\"780\" data-end=\"1152\">Moradores afirmam que epis\u00f3dios de furtos e roubos t\u00eam se tornado cada vez mais frequentes na \u00e1rea. Segundo eles, a sensa\u00e7\u00e3o \u00e9 de que a criminalidade aumentou ap\u00f3s a instala\u00e7\u00e3o do Centro de Refer\u00eancia Especializado para Popula\u00e7\u00e3o em Situa\u00e7\u00e3o de Rua (Centro Pop) nas proximidades, embora n\u00e3o haja dados oficiais apresentados at\u00e9 o momento que comprovem essa rela\u00e7\u00e3o direta.<\/p>\n<p data-start=\"1154\" data-end=\"1354\">A comunidade pede maior presen\u00e7a policial e a\u00e7\u00f5es preventivas para coibir novos crimes, sobretudo em \u00e1reas com grande movimenta\u00e7\u00e3o, como a regi\u00e3o pr\u00f3xima a institui\u00e7\u00f5es de ensino e centros comerciais.<\/p>\n","protected":false},"excerpt":{"rendered":"<p>Um furto inusitado chamou a aten\u00e7\u00e3o de moradores na tarde desta segunda-feira (27), em Juazeiro. Um ladr\u00e3o roubou os pneus de uma bicicleta que estava presa a uma \u00e1rvore, em plena luz do dia, na Travessa Paulo VI, localizada nos fundos da Faculdade de Tecnologia e Ci\u00eancias (FTC), nas proximidades do Shopping \u00c1guas Center. De [&hellip;]<\/p>\n","protected":false},"author":1,"featured_media":85605,"comment_status":"open","ping_status":"open","sticky":false,"template":"","format":"standard","meta":{"_uag_custom_page_level_css":"","_monsterinsights_skip_tracking":false,"_monsterinsights_sitenote_active":false,"_monsterinsights_sitenote_note":"","_monsterinsights_sitenote_category":0,"jetpack_post_was_ever_published":false,"_jetpack_newsletter_access":"","_jetpack_dont_email_post_to_subs":false,"_jetpack_newsletter_tier_id":0,"_jetpack_memberships_contains_paywalled_content":false,"_jetpack_memberships_contains_paid_content":false,"footnotes":"","jetpack_publicize_message":"","jetpack_publicize_feature_enabled":true,"jetpack_social_post_already_shared":true,"jetpack_social_options":{"image_generator_settings":{"template":"highway","default_image_id":0,"font":"","enabled":false},"version":2}},"categories":[202],"tags":[11647,11775,7659,11876,894,6825],"class_list":["post-85589","post","type-post","status-publish","format-standard","has-post-thumbnail","hentry","category-policia","tag-andrei-goncalves","tag-andrei-goncalves-mdb","tag-centro-pop","tag-igor-luiz-silva","tag-sedes","tag-usuarios-do-centro-pop"],"jetpack_publicize_connections":[],"jetpack_featured_media_url":"https:\/\/blogopara.com.br\/wp-content\/uploads\/2026\/04\/WhatsApp-Image-2026-04-27-at-17.33.48-1.jpeg","uagb_featured_image_src":{"full":["https:\/\/blogopara.com.br\/wp-content\/uploads\/2026\/04\/WhatsApp-Image-2026-04-27-at-17.33.48-1.jpeg",493,491,false],"thumbnail":["https:\/\/blogopara.com.br\/wp-content\/uploads\/2026\/04\/WhatsApp-Image-2026-04-27-at-17.33.48-1-150x150.jpeg",150,150,true],"medium":["https:\/\/blogopara.com.br\/wp-content\/uploads\/2026\/04\/WhatsApp-Image-2026-04-27-at-17.33.48-1-300x300.jpeg",300,300,true],"medium_large":["https:\/\/blogopara.com.br\/wp-content\/uploads\/2026\/04\/WhatsApp-Image-2026-04-27-at-17.33.48-1.jpeg",493,491,false],"large":["https:\/\/blogopara.com.br\/wp-content\/uploads\/2026\/04\/WhatsApp-Image-2026-04-27-at-17.33.48-1.jpeg",493,491,false],"1536x1536":["https:\/\/blogopara.com.br\/wp-content\/uploads\/2026\/04\/WhatsApp-Image-2026-04-27-at-17.33.48-1.jpeg",493,491,false],"2048x2048":["https:\/\/blogopara.com.br\/wp-content\/uploads\/2026\/04\/WhatsApp-Image-2026-04-27-at-17.33.48-1.jpeg",493,491,false],"mantranews-slider-large":["https:\/\/blogopara.com.br\/wp-content\/uploads\/2026\/04\/WhatsApp-Image-2026-04-27-at-17.33.48-1.jpeg",493,491,false],"mantranews-featured-medium":["https:\/\/blogopara.com.br\/wp-content\/uploads\/2026\/04\/WhatsApp-Image-2026-04-27-at-17.33.48-1-420x307.jpeg",420,307,true],"mantranews-featured-long":["https:\/\/blogopara.com.br\/wp-content\/uploads\/2026\/04\/WhatsApp-Image-2026-04-27-at-17.33.48-1-300x443.jpeg",300,443,true],"mantranews-block-medium":["https:\/\/blogopara.com.br\/wp-content\/uploads\/2026\/04\/WhatsApp-Image-2026-04-27-at-17.33.48-1-464x290.jpeg",464,290,true],"mantranews-carousel-image":["https:\/\/blogopara.com.br\/wp-content\/uploads\/2026\/04\/WhatsApp-Image-2026-04-27-at-17.33.48-1.jpeg",493,491,false],"mantranews-block-thumb":["https:\/\/blogopara.com.br\/wp-content\/uploads\/2026\/04\/WhatsApp-Image-2026-04-27-at-17.33.48-1-322x230.jpeg",322,230,true],"mantranews-single-large":["https:\/\/blogopara.com.br\/wp-content\/uploads\/2026\/04\/WhatsApp-Image-2026-04-27-at-17.33.48-1.jpeg",493,491,false]},"uagb_author_info":{"display_name":"Reda\u00e7\u00e3o geral","author_link":"https:\/\/blogopara.com.br\/index.php\/author\/blogopara"},"uagb_comment_info":0,"uagb_excerpt":"Um furto inusitado chamou a aten\u00e7\u00e3o de moradores na tarde desta segunda-feira (27), em Juazeiro. Um ladr\u00e3o roubou os pneus de uma bicicleta que estava presa a uma \u00e1rvore, em plena luz do dia, na Travessa Paulo VI, localizada nos fundos da Faculdade de Tecnologia e Ci\u00eancias (FTC), nas proximidades do Shopping \u00c1guas Center. De&hellip;","jetpack_sharing_enabled":true,"jetpack_likes_enabled":true,"_links":{"self":[{"href":"https:\/\/blogopara.com.br\/index.php\/wp-json\/wp\/v2\/posts\/85589","targetHints":{"allow":["GET"]}}],"collection":[{"href":"https:\/\/blogopara.com.br\/index.php\/wp-json\/wp\/v2\/posts"}],"about":[{"href":"https:\/\/blogopara.com.br\/index.php\/wp-json\/wp\/v2\/types\/post"}],"author":[{"embeddable":true,"href":"https:\/\/blogopara.com.br\/index.php\/wp-json\/wp\/v2\/users\/1"}],"replies":[{"embeddable":true,"href":"https:\/\/blogopara.com.br\/index.php\/wp-json\/wp\/v2\/comments?post=85589"}],"version-history":[{"count":2,"href":"https:\/\/blogopara.com.br\/index.php\/wp-json\/wp\/v2\/posts\/85589\/revisions"}],"predecessor-version":[{"id":85607,"href":"https:\/\/blogopara.com.br\/index.php\/wp-json\/wp\/v2\/posts\/85589\/revisions\/85607"}],"wp:featuredmedia":[{"embeddable":true,"href":"https:\/\/blogopara.com.br\/index.php\/wp-json\/wp\/v2\/media\/85605"}],"wp:attachment":[{"href":"https:\/\/blogopara.com.br\/index.php\/wp-json\/wp\/v2\/media?parent=85589"}],"wp:term":[{"taxonomy":"category","embeddable":true,"href":"https:\/\/blogopara.com.br\/index.php\/wp-json\/wp\/v2\/categories?post=85589"},{"taxonomy":"post_tag","embeddable":true,"href":"https:\/\/blogopara.com.br\/index.php\/wp-json\/wp\/v2\/tags?post=85589"}],"curies":[{"name":"wp","href":"https:\/\/api.w.org\/{rel}","templated":true}]}}