{"id":85611,"date":"2026-04-30T09:04:59","date_gmt":"2026-04-30T12:04:59","guid":{"rendered":"https:\/\/blogopara.com.br\/?p=85611"},"modified":"2026-04-30T09:04:59","modified_gmt":"2026-04-30T12:04:59","slug":"veja-quais-sao-as-cidades-da-bahia-que-vao-receber-34-novos-postos-de-saude","status":"publish","type":"post","link":"https:\/\/blogopara.com.br\/index.php\/2026\/04\/30\/veja-quais-sao-as-cidades-da-bahia-que-vao-receber-34-novos-postos-de-saude","title":{"rendered":"Veja quais s\u00e3o as cidades da Bahia que v\u00e3o receber 34 novos postos de sa\u00fade"},"content":{"rendered":"<div class=\"flex flex-col w-full font-normal text-[18px] leading-[30px] text-tw-theme-text-default\">\n<p id=\"paragrafo-9e5donfdym\">O Minist\u00e9rio da Sa\u00fade destinou\u00a0R$ 66,4 milh\u00f5es\u00a0para a constru\u00e7\u00e3o de 34 unidades de sa\u00fade na Bahia via Novo PAC. O montante financiar\u00e1 32 UBS e dois CAPS, em repasses federais para fortalecer a Aten\u00e7\u00e3o Prim\u00e1ria e reduzir lacunas assistenciais na rede p\u00fablica na Bahia.<\/p>\n<\/div>\n<div class=\"flex flex-col w-full\">\n<div id=\"galeria-simples-49x9krvskc\" class=\"component--galeria simples\">\n<div class=\"wrapper\">\n<div class=\"gallery-header\">\n<p><span style=\"color: #666666; font-size: 1.25rem;\">Munic\u00edpios beneficiados<\/span><\/p>\n<\/div>\n<\/div>\n<\/div>\n<\/div>\n<div class=\"flex flex-col w-full font-normal text-[18px] leading-[30px] text-tw-theme-text-default\">\n<p id=\"paragrafo-oz8hsh13vh\">A sele\u00e7\u00e3o priorizou localidades\u00a0com alta vulnerabilidade socioecon\u00f4mica e baixos \u00edndices de cobertura da Estrat\u00e9gia de Sa\u00fade da Fam\u00edlia. Segundo a rela\u00e7\u00e3o oficial da\u00a0Secretaria da Sa\u00fade do Estado\u00a0(Sesab), a lista contempla:<\/p>\n<\/div>\n<div class=\"flex flex-col w-full font-normal text-[18px] leading-[30px] text-tw-theme-text-default\">\n<p id=\"paragrafo-bk0at0d0uh\"><b>Sul e Extremo sul:<\/b>\u00a0Almadina, Aurelino Leal, Igua\u00ed e Ituber\u00e1.<\/p>\n<\/div>\n<div class=\"flex flex-col w-full font-normal text-[18px] leading-[30px] text-tw-theme-text-default\">\n<p id=\"paragrafo-9t3x08v37g\"><b>Oeste e S\u00e3o Francisco:\u00a0<\/b>Angical, Cotegipe, Carinhanha e Jaborandi.<\/p>\n<\/div>\n<div class=\"flex flex-col w-full font-normal text-[18px] leading-[30px] text-tw-theme-text-default\">\n<p id=\"paragrafo-dmas94l6nk\"><b>Sudoeste:<\/b>\u00a0Barra do Cho\u00e7a, Botupor\u00e3 e Livramento de Nossa Senhora.<\/p>\n<\/div>\n<div class=\"flex flex-col w-full font-normal text-[18px] leading-[30px] text-tw-theme-text-default\">\n<p id=\"paragrafo-jzyxkqndoa\"><b>Centro-Norte e Chapada:<\/b>\u00a0Baixa Grande, Boninal, Itaberaba e Jussara.<\/p>\n<\/div>\n<div class=\"flex flex-col w-full font-normal text-[18px] leading-[30px] text-tw-theme-text-default\">\n<p id=\"paragrafo-t9xl5iiegx\"><b>Rec\u00f4ncavo e Nordeste:<\/b>\u00a0Ant\u00f4nio Cardoso, Banza\u00ea, Biritinga, Canudos, Concei\u00e7\u00e3o do Almeida, Cravol\u00e2ndia, Euclides da Cunha, Ipecaet\u00e1, Itapicuru e o polo regional de Juazeiro.<\/p>\n<\/div>\n<div class=\"flex flex-col w-full\">\n<h2 id=\"intertitulo-e74ps59ebd\" class=\"font-family-secondary text-tw-theme-box-titulo-default text-[26px] leading-[38px] font-bold md:text-[31px]\">Execu\u00e7\u00e3o e monitoramento<\/h2>\n<\/div>\n<div class=\"flex flex-col w-full font-normal text-[18px] leading-[30px] text-tw-theme-text-default\">\n<p id=\"paragrafo-97flol6w1a\">Para assegurar a transpar\u00eancia e evitar a paralisa\u00e7\u00e3o das obras, o governo federal implementou um sistema de\u00a0<b>monitoramento rigoroso<\/b>\u00a0que exige a atualiza\u00e7\u00e3o constante de dados pelas prefeituras via\u00a0<b>Sismob<\/b>, o acompanhamento f\u00edsico por georreferenciamento e fotos de sat\u00e9lite, al\u00e9m do repasse direto aos fundos municipais de sa\u00fade para agilizar as contrata\u00e7\u00f5es.<\/p>\n<\/div>\n<div class=\"flex flex-col w-full\">\n<div id=\"citacao-simples-6nj6i501z7\" class=\"component--citacao simples py-2\">\n<div class=\"citacao-content\">\n<h2 class=\"simples\">Isso \u00e9 parte de um conjunto de investimentos do Minist\u00e9rio da Sa\u00fade em parceria com os estados e os munic\u00edpios para melhorar a qualidade da sa\u00fade das pessoas, com acesso aos servi\u00e7os mais pr\u00f3ximo da casa delas<\/h2>\n<\/div>\n<\/div>\n<\/div>\n","protected":false},"excerpt":{"rendered":"<p>O Minist\u00e9rio da Sa\u00fade destinou\u00a0R$ 66,4 milh\u00f5es\u00a0para a constru\u00e7\u00e3o de 34 unidades de sa\u00fade na Bahia via Novo PAC. O montante financiar\u00e1 32 UBS e dois CAPS, em repasses federais para fortalecer a Aten\u00e7\u00e3o Prim\u00e1ria e reduzir lacunas assistenciais na rede p\u00fablica na Bahia. Munic\u00edpios beneficiados A sele\u00e7\u00e3o priorizou localidades\u00a0com alta vulnerabilidade socioecon\u00f4mica e baixos [&hellip;]<\/p>\n","protected":false},"author":1,"featured_media":85612,"comment_status":"open","ping_status":"open","sticky":false,"template":"","format":"standard","meta":{"_uag_custom_page_level_css":"","_monsterinsights_skip_tracking":false,"_monsterinsights_sitenote_active":false,"_monsterinsights_sitenote_note":"","_monsterinsights_sitenote_category":0,"jetpack_post_was_ever_published":false,"_jetpack_newsletter_access":"","_jetpack_dont_email_post_to_subs":false,"_jetpack_newsletter_tier_id":0,"_jetpack_memberships_contains_paywalled_content":false,"_jetpack_memberships_contains_paid_content":false,"footnotes":"","jetpack_publicize_message":"","jetpack_publicize_feature_enabled":true,"jetpack_social_post_already_shared":true,"jetpack_social_options":{"image_generator_settings":{"template":"highway","default_image_id":0,"font":"","enabled":false},"version":2}},"categories":[199],"tags":[],"class_list":["post-85611","post","type-post","status-publish","format-standard","has-post-thumbnail","hentry","category-bahia"],"jetpack_publicize_connections":[],"jetpack_featured_media_url":"https:\/\/blogopara.com.br\/wp-content\/uploads\/2026\/04\/Capturar-55.jpg","uagb_featured_image_src":{"full":["https:\/\/blogopara.com.br\/wp-content\/uploads\/2026\/04\/Capturar-55.jpg",480,269,false],"thumbnail":["https:\/\/blogopara.com.br\/wp-content\/uploads\/2026\/04\/Capturar-55-150x150.jpg",150,150,true],"medium":["https:\/\/blogopara.com.br\/wp-content\/uploads\/2026\/04\/Capturar-55-300x168.jpg",300,168,true],"medium_large":["https:\/\/blogopara.com.br\/wp-content\/uploads\/2026\/04\/Capturar-55.jpg",480,269,false],"large":["https:\/\/blogopara.com.br\/wp-content\/uploads\/2026\/04\/Capturar-55.jpg",480,269,false],"1536x1536":["https:\/\/blogopara.com.br\/wp-content\/uploads\/2026\/04\/Capturar-55.jpg",480,269,false],"2048x2048":["https:\/\/blogopara.com.br\/wp-content\/uploads\/2026\/04\/Capturar-55.jpg",480,269,false],"mantranews-slider-large":["https:\/\/blogopara.com.br\/wp-content\/uploads\/2026\/04\/Capturar-55.jpg",480,269,false],"mantranews-featured-medium":["https:\/\/blogopara.com.br\/wp-content\/uploads\/2026\/04\/Capturar-55-420x269.jpg",420,269,true],"mantranews-featured-long":["https:\/\/blogopara.com.br\/wp-content\/uploads\/2026\/04\/Capturar-55-300x269.jpg",300,269,true],"mantranews-block-medium":["https:\/\/blogopara.com.br\/wp-content\/uploads\/2026\/04\/Capturar-55-464x269.jpg",464,269,true],"mantranews-carousel-image":["https:\/\/blogopara.com.br\/wp-content\/uploads\/2026\/04\/Capturar-55.jpg",480,269,false],"mantranews-block-thumb":["https:\/\/blogopara.com.br\/wp-content\/uploads\/2026\/04\/Capturar-55-322x230.jpg",322,230,true],"mantranews-single-large":["https:\/\/blogopara.com.br\/wp-content\/uploads\/2026\/04\/Capturar-55.jpg",480,269,false]},"uagb_author_info":{"display_name":"Reda\u00e7\u00e3o geral","author_link":"https:\/\/blogopara.com.br\/index.php\/author\/blogopara"},"uagb_comment_info":0,"uagb_excerpt":"O Minist\u00e9rio da Sa\u00fade destinou\u00a0R$ 66,4 milh\u00f5es\u00a0para a constru\u00e7\u00e3o de 34 unidades de sa\u00fade na Bahia via Novo PAC. O montante financiar\u00e1 32 UBS e dois CAPS, em repasses federais para fortalecer a Aten\u00e7\u00e3o Prim\u00e1ria e reduzir lacunas assistenciais na rede p\u00fablica na Bahia. Munic\u00edpios beneficiados A sele\u00e7\u00e3o priorizou localidades\u00a0com alta vulnerabilidade socioecon\u00f4mica e baixos&hellip;","jetpack_sharing_enabled":true,"jetpack_likes_enabled":true,"_links":{"self":[{"href":"https:\/\/blogopara.com.br\/index.php\/wp-json\/wp\/v2\/posts\/85611","targetHints":{"allow":["GET"]}}],"collection":[{"href":"https:\/\/blogopara.com.br\/index.php\/wp-json\/wp\/v2\/posts"}],"about":[{"href":"https:\/\/blogopara.com.br\/index.php\/wp-json\/wp\/v2\/types\/post"}],"author":[{"embeddable":true,"href":"https:\/\/blogopara.com.br\/index.php\/wp-json\/wp\/v2\/users\/1"}],"replies":[{"embeddable":true,"href":"https:\/\/blogopara.com.br\/index.php\/wp-json\/wp\/v2\/comments?post=85611"}],"version-history":[{"count":1,"href":"https:\/\/blogopara.com.br\/index.php\/wp-json\/wp\/v2\/posts\/85611\/revisions"}],"predecessor-version":[{"id":85613,"href":"https:\/\/blogopara.com.br\/index.php\/wp-json\/wp\/v2\/posts\/85611\/revisions\/85613"}],"wp:featuredmedia":[{"embeddable":true,"href":"https:\/\/blogopara.com.br\/index.php\/wp-json\/wp\/v2\/media\/85612"}],"wp:attachment":[{"href":"https:\/\/blogopara.com.br\/index.php\/wp-json\/wp\/v2\/media?parent=85611"}],"wp:term":[{"taxonomy":"category","embeddable":true,"href":"https:\/\/blogopara.com.br\/index.php\/wp-json\/wp\/v2\/categories?post=85611"},{"taxonomy":"post_tag","embeddable":true,"href":"https:\/\/blogopara.com.br\/index.php\/wp-json\/wp\/v2\/tags?post=85611"}],"curies":[{"name":"wp","href":"https:\/\/api.w.org\/{rel}","templated":true}]}}