{"id":85614,"date":"2026-04-30T09:06:58","date_gmt":"2026-04-30T12:06:58","guid":{"rendered":"https:\/\/blogopara.com.br\/?p=85614"},"modified":"2026-04-30T09:07:25","modified_gmt":"2026-04-30T12:07:25","slug":"quanto-custa-participar-do-evento-criado-por-juliano-cazarre-para-homens-veja-valores","status":"publish","type":"post","link":"https:\/\/blogopara.com.br\/index.php\/2026\/04\/30\/quanto-custa-participar-do-evento-criado-por-juliano-cazarre-para-homens-veja-valores","title":{"rendered":"Quanto custa participar do evento criado por Juliano Cazarr\u00e9 para homens? Veja valores"},"content":{"rendered":"<div class=\"flex flex-col w-full font-normal text-[18px] leading-[30px] text-tw-theme-text-default\">\n<p id=\"paragrafo-r2061bm6k7\">O ator Juliano Cazarr\u00e9 voltou ao centro das aten\u00e7\u00f5es ap\u00f3s anunciar o evento\u00a0<i>O Farol e a Forja<\/i>, encontro voltado ao p\u00fablico masculino que promete debates sobre virtudes, espiritualidade e masculinidade. Marcado para julho, em S\u00e3o Paulo, o projeto ganhou repercuss\u00e3o nas redes, e tamb\u00e9m curiosidade sobre os pre\u00e7os cobrados.<\/p>\n<\/div>\n<div class=\"flex flex-col w-full font-normal text-[18px] leading-[30px] text-tw-theme-text-default\">\n<p id=\"paragrafo-f2wwtybrcd\">A proposta prev\u00ea reunir cerca de 600 homens entre os dias 24, 25 e 26 de julho nas depend\u00eancias do Centro Universit\u00e1rio Cat\u00f3lico \u00cdtalo Brasileiro, na zona sul da capital paulista.<\/p>\n<\/div>\n<div class=\"flex flex-col w-full font-normal text-[18px] leading-[30px] text-tw-theme-text-default\">\n<p id=\"paragrafo-giup1lwyuz\">O evento oferece tr\u00eas categorias de ingresso, com parcelamento em at\u00e9 12 vezes.<\/p>\n<\/div>\n<div class=\"flex flex-col w-full font-normal text-[18px] leading-[30px] text-tw-theme-text-default\">\n<p id=\"paragrafo-70kwlm2sl7\">Pacote \u00c2ncora &#8211; R$ 1.597<\/p>\n<\/div>\n<div class=\"flex flex-col w-full font-normal text-[18px] leading-[30px] text-tw-theme-text-default\">\n<p id=\"paragrafo-jp72ttiocw\">Modalidade de entrada b\u00e1sica. Inclui acesso \u00e0s palestras e material impresso entregue aos participantes.<\/p>\n<\/div>\n<div class=\"flex flex-col w-full\">\n<div id=\"galeria-simples-zvxahn1rss\" class=\"component--galeria simples\">\n<div class=\"wrapper\">\n<div class=\"gallery-header\"><\/div>\n<div class=\"galeria-caption\">\n<div class=\"caption\">\n<div class=\"credit\"><\/div>\n<\/div>\n<\/div>\n<\/div>\n<\/div>\n<\/div>\n<div class=\"flex flex-col w-full font-normal text-[18px] leading-[30px] text-tw-theme-text-default\">\n<p id=\"paragrafo-47kxw1jgv0\">Pacote Forjador &#8211; R$ 2.697<\/p>\n<\/div>\n<div class=\"flex flex-col w-full font-normal text-[18px] leading-[30px] text-tw-theme-text-default\">\n<p id=\"paragrafo-nubfan8qh2\">Al\u00e9m da programa\u00e7\u00e3o principal, acrescenta uma experi\u00eancia noturna \u00e0 escolha. Entre as op\u00e7\u00f5es divulgadas est\u00e3o pub com drinks e conversa, pizza com vinho ou churrasco com m\u00fasica country.<\/p>\n<\/div>\n<div class=\"flex flex-col w-full font-normal text-[18px] leading-[30px] text-tw-theme-text-default\">\n<p id=\"paragrafo-n3f76zodaj\">Pacote Mestre &#8211; R$ 4.997<\/p>\n<\/div>\n<div class=\"flex flex-col w-full font-normal text-[18px] leading-[30px] text-tw-theme-text-default\">\n<p id=\"paragrafo-eas1800yuk\">Categoria premium do encontro. Inclui tr\u00eas experi\u00eancias extras, al\u00e9m de kit especial exclusivo.<\/p>\n<\/div>\n<div class=\"flex flex-col w-full font-normal text-[18px] leading-[30px] text-tw-theme-text-default\">\n<p id=\"paragrafo-5qops51yz8\">Desde o an\u00fancio, Juliano Cazarr\u00e9 passou a receber apoio e cr\u00edticas de diferentes figuras p\u00fablicas. Parte dos coment\u00e1rios questiona o discurso de retomada da masculinidade tradicional. Outros nomes sa\u00edram em defesa da iniciativa.<\/p>\n<\/div>\n<div class=\"flex flex-col w-full font-normal text-[18px] leading-[30px] text-tw-theme-text-default\">\n<p id=\"paragrafo-s6wm3la97t\">Segundo o pr\u00f3prio ator, a repercuss\u00e3o acabou aumentando a procura por ingressos.<\/p>\n<\/div>\n<div class=\"flex flex-col w-full font-normal text-[18px] leading-[30px] text-tw-theme-text-default\">\n<p id=\"paragrafo-o30lchasy5\">A divulga\u00e7\u00e3o do evento cita temas como batalha espiritual, masculinidade, responsabilidade, virtudes e f\u00e9. A programa\u00e7\u00e3o completa ainda n\u00e3o foi detalhada integralmente ao p\u00fablico.<\/p>\n<\/div>\n","protected":false},"excerpt":{"rendered":"<p>O ator Juliano Cazarr\u00e9 voltou ao centro das aten\u00e7\u00f5es ap\u00f3s anunciar o evento\u00a0O Farol e a Forja, encontro voltado ao p\u00fablico masculino que promete debates sobre virtudes, espiritualidade e masculinidade. Marcado para julho, em S\u00e3o Paulo, o projeto ganhou repercuss\u00e3o nas redes, e tamb\u00e9m curiosidade sobre os pre\u00e7os cobrados. A proposta prev\u00ea reunir cerca de [&hellip;]<\/p>\n","protected":false},"author":1,"featured_media":85615,"comment_status":"open","ping_status":"open","sticky":false,"template":"","format":"standard","meta":{"_uag_custom_page_level_css":"","_monsterinsights_skip_tracking":false,"_monsterinsights_sitenote_active":false,"_monsterinsights_sitenote_note":"","_monsterinsights_sitenote_category":0,"jetpack_post_was_ever_published":false,"_jetpack_newsletter_access":"","_jetpack_dont_email_post_to_subs":false,"_jetpack_newsletter_tier_id":0,"_jetpack_memberships_contains_paywalled_content":false,"_jetpack_memberships_contains_paid_content":false,"footnotes":"","jetpack_publicize_message":"","jetpack_publicize_feature_enabled":true,"jetpack_social_post_already_shared":true,"jetpack_social_options":{"image_generator_settings":{"template":"highway","default_image_id":0,"font":"","enabled":false},"version":2}},"categories":[200],"tags":[],"class_list":["post-85614","post","type-post","status-publish","format-standard","has-post-thumbnail","hentry","category-brasil"],"jetpack_publicize_connections":[],"jetpack_featured_media_url":"https:\/\/blogopara.com.br\/wp-content\/uploads\/2026\/04\/Capturar-56.jpg","uagb_featured_image_src":{"full":["https:\/\/blogopara.com.br\/wp-content\/uploads\/2026\/04\/Capturar-56.jpg",451,564,false],"thumbnail":["https:\/\/blogopara.com.br\/wp-content\/uploads\/2026\/04\/Capturar-56-150x150.jpg",150,150,true],"medium":["https:\/\/blogopara.com.br\/wp-content\/uploads\/2026\/04\/Capturar-56-240x300.jpg",240,300,true],"medium_large":["https:\/\/blogopara.com.br\/wp-content\/uploads\/2026\/04\/Capturar-56.jpg",451,564,false],"large":["https:\/\/blogopara.com.br\/wp-content\/uploads\/2026\/04\/Capturar-56.jpg",451,564,false],"1536x1536":["https:\/\/blogopara.com.br\/wp-content\/uploads\/2026\/04\/Capturar-56.jpg",451,564,false],"2048x2048":["https:\/\/blogopara.com.br\/wp-content\/uploads\/2026\/04\/Capturar-56.jpg",451,564,false],"mantranews-slider-large":["https:\/\/blogopara.com.br\/wp-content\/uploads\/2026\/04\/Capturar-56.jpg",451,564,false],"mantranews-featured-medium":["https:\/\/blogopara.com.br\/wp-content\/uploads\/2026\/04\/Capturar-56-420x307.jpg",420,307,true],"mantranews-featured-long":["https:\/\/blogopara.com.br\/wp-content\/uploads\/2026\/04\/Capturar-56-300x443.jpg",300,443,true],"mantranews-block-medium":["https:\/\/blogopara.com.br\/wp-content\/uploads\/2026\/04\/Capturar-56-451x290.jpg",451,290,true],"mantranews-carousel-image":["https:\/\/blogopara.com.br\/wp-content\/uploads\/2026\/04\/Capturar-56-451x500.jpg",451,500,true],"mantranews-block-thumb":["https:\/\/blogopara.com.br\/wp-content\/uploads\/2026\/04\/Capturar-56-322x230.jpg",322,230,true],"mantranews-single-large":["https:\/\/blogopara.com.br\/wp-content\/uploads\/2026\/04\/Capturar-56.jpg",451,564,false]},"uagb_author_info":{"display_name":"Reda\u00e7\u00e3o geral","author_link":"https:\/\/blogopara.com.br\/index.php\/author\/blogopara"},"uagb_comment_info":0,"uagb_excerpt":"O ator Juliano Cazarr\u00e9 voltou ao centro das aten\u00e7\u00f5es ap\u00f3s anunciar o evento\u00a0O Farol e a Forja, encontro voltado ao p\u00fablico masculino que promete debates sobre virtudes, espiritualidade e masculinidade. Marcado para julho, em S\u00e3o Paulo, o projeto ganhou repercuss\u00e3o nas redes, e tamb\u00e9m curiosidade sobre os pre\u00e7os cobrados. A proposta prev\u00ea reunir cerca de&hellip;","jetpack_sharing_enabled":true,"jetpack_likes_enabled":true,"_links":{"self":[{"href":"https:\/\/blogopara.com.br\/index.php\/wp-json\/wp\/v2\/posts\/85614","targetHints":{"allow":["GET"]}}],"collection":[{"href":"https:\/\/blogopara.com.br\/index.php\/wp-json\/wp\/v2\/posts"}],"about":[{"href":"https:\/\/blogopara.com.br\/index.php\/wp-json\/wp\/v2\/types\/post"}],"author":[{"embeddable":true,"href":"https:\/\/blogopara.com.br\/index.php\/wp-json\/wp\/v2\/users\/1"}],"replies":[{"embeddable":true,"href":"https:\/\/blogopara.com.br\/index.php\/wp-json\/wp\/v2\/comments?post=85614"}],"version-history":[{"count":3,"href":"https:\/\/blogopara.com.br\/index.php\/wp-json\/wp\/v2\/posts\/85614\/revisions"}],"predecessor-version":[{"id":85618,"href":"https:\/\/blogopara.com.br\/index.php\/wp-json\/wp\/v2\/posts\/85614\/revisions\/85618"}],"wp:featuredmedia":[{"embeddable":true,"href":"https:\/\/blogopara.com.br\/index.php\/wp-json\/wp\/v2\/media\/85615"}],"wp:attachment":[{"href":"https:\/\/blogopara.com.br\/index.php\/wp-json\/wp\/v2\/media?parent=85614"}],"wp:term":[{"taxonomy":"category","embeddable":true,"href":"https:\/\/blogopara.com.br\/index.php\/wp-json\/wp\/v2\/categories?post=85614"},{"taxonomy":"post_tag","embeddable":true,"href":"https:\/\/blogopara.com.br\/index.php\/wp-json\/wp\/v2\/tags?post=85614"}],"curies":[{"name":"wp","href":"https:\/\/api.w.org\/{rel}","templated":true}]}}