{"id":8562,"date":"2020-03-24T08:36:35","date_gmt":"2020-03-24T11:36:35","guid":{"rendered":"http:\/\/blogopara.com.br\/?p=8562"},"modified":"2020-03-25T22:49:20","modified_gmt":"2020-03-26T01:49:20","slug":"covid-19-roberto-justus-diz-que-12-mil-mortes-em-7-bilhoes-e-pouco-para-criar-histeria","status":"publish","type":"post","link":"https:\/\/blogopara.com.br\/index.php\/2020\/03\/24\/covid-19-roberto-justus-diz-que-12-mil-mortes-em-7-bilhoes-e-pouco-para-criar-histeria","title":{"rendered":"Covid-19: Roberto Justus diz que &#8217;12 mil mortes em 7 bilh\u00f5es \u00e9 pouco para criar histeria&#8217;"},"content":{"rendered":"<p style=\"text-align: justify;\">Desde o momento em que um \u00e1udio para o apresentador Marcos Mion foi vazado nas redes sociais, Roberto Justus vem sendo alvo de cr\u00edticas, nas \u00faltimas horas, em rela\u00e7\u00e3o ao seu posicionamento sobre a forma de combate a dissemina\u00e7\u00e3o do coronav\u00edrus.<\/p>\n<p>Segundo o Not\u00edcias da TV, cr\u00edtico \u00e0s medidas adotadas no enfrentamento da doen\u00e7a, como a quarentena e o fechamento do com\u00e9rcio e tamb\u00e9m preocupado com a economia, o apresentador e empres\u00e1rio se justificou e minimizou a situa\u00e7\u00e3o mundial em entrevista ao programa \u201cAqui na Band\u201d, nesta segunda-feira (23).<\/p>\n<p>\u201cAlgumas pessoas me acusaram falando que eu estava debochando dos mortos, zombando dos mortos. Pelo amor de Deus, 12 mil mortes \u00e9 muito, qualquer morte \u00e9 muito. Agora, 12 mil mortes em sete bilh\u00f5es de habitantes \u00e9 muito pouco para criar essa histeria coletiva que foi criada no mundo. No Brasil, s\u00e3o 25 mortes lament\u00e1veis, mas tamb\u00e9m muito pouco para 210 milh\u00f5es de habitantes\u201d, disse Justus pela manh\u00e3.<\/p>\n<p>Conforme a \u00faltima atualiza\u00e7\u00e3o do Minist\u00e9rio da Sa\u00fade, na tarde desta segunda-feira (23), j\u00e1 s\u00e3o 34 mortos pelo Covid-19 no pa\u00eds (<a href=\"https:\/\/www.bahianoticias.com.br\/noticia\/245738-covid-19-ja-matou-34-no-brasil-casos-confirmados-chegam-a-1891.html?utm_source=principal&amp;utm_medium=link&amp;utm_campaign=destaques\" target=\"_blank\" rel=\"noopener noreferrer\"><strong>relembre aqui<\/strong><\/a>).<\/p>\n<p>Ainda durante a conversa com o apresentador Lu\u00eds Ernesto Lacombe, tratando sobre o seu posicionamento contr\u00e1rio ao de Mion, Justus negou que estivesse diminuindo a gravidade da pandemia: &#8220;N\u00e3o estou minimizando, s\u00f3 estou dizendo que a rea\u00e7\u00e3o exagerada vai custar caro pra humanidade. Ningu\u00e9m quer viver o que a It\u00e1lia viveu, mas n\u00e3o pode ficar tr\u00eas, quatro meses parando o pa\u00eds, com n\u00fameros que n\u00e3o sustentam a histeria\u201d.<\/p>\n<p>Mais tarde, em sua rede social, Roberto Justus voltou a tocar no assunto, afirmando que, em refer\u00eancias \u00e0s medidas contra o coronav\u00edrus, \u201cestamos dando um tiro de canh\u00e3o pra matar um p\u00e1ssaro&#8221;. No v\u00eddeo de pouco mais de seis minutos ele teceu cr\u00edticas \u00e0 m\u00eddia e tamb\u00e9m nos governantes afirmando que eles est\u00e3o desinformados sobre a realidade dos fatos.<\/p>\n<p>&#8220;Querem fazer o politicamente correto. \u00c0s vezes n\u00e3o resolve o problema, s\u00f3 atrapalha. Tem m\u00e9dicos falando que esse lockdown mundial n\u00e3o vai resolver o problema, s\u00f3 criar outro muito maior. T\u00f4 tentando minimizar esse exagero, essa histeria, esse p\u00e2nico que se criou quando o Mion e outras pessoas fazem esse tipo de v\u00eddeo. Com a melhor das inten\u00e7\u00f5es, s\u00e3o gente bon\u00edssima, mas \u00e0s vezes n\u00e3o est\u00e3o t\u00e3o bem informados sobre dados, reafirmou.<\/p>\n<p>Na postagem, diversos internautas n\u00e3o concordaram com o posicionamento do apresentador, que possui 64 anos e estaria no grupo de risco. Alguns, inclusive, criticaram as falas de Justus comparando a sua situa\u00e7\u00e3o financeira com de outras pessoas.<\/p>\n<p>\u201cO senhor e sua fam\u00edlia , com certeza, v\u00e3o permanecer isolados numa mans\u00e3o, longe de todo e qualquer risco. Enquanto isso, a popula\u00e7\u00e3o que se lasque pegando transporte p\u00fablico, enfrentando fila de atendimento em hospital p\u00fablico, padecendo com desabastecimento, tudo em prol da &#8220;economia&#8221;. Coronav\u00edrus no lombo do outro \u00e9 refresco, n\u00e9, meu caro?!\u201d, escreveu um seguidor.<\/p>\n<p>\u201cO que vc sugere Roberto? Que todos voltem a rua para trabalhar?? O importante agora \u00e9 frear a curva! \u00c9 contradit\u00f3rio o seu discurso. Vamos ent\u00e3o pensar nos mais pobres e nos idosos e ajudar!! O governantes agora v\u00e3o ter que tomar medidas com o nosso dinheiro e ajudar essas pessoas e todo o pa\u00eds&#8230; Sem sa\u00fade n\u00e3o h\u00e1 porque ter economia!! \u00c9 uma crise mundial!!!! For\u00e7a para todos n\u00f3s\u201d, disse outra internauta.<\/p>\n","protected":false},"excerpt":{"rendered":"<p>Desde o momento em que um \u00e1udio para o apresentador Marcos Mion foi vazado nas redes sociais, Roberto Justus vem sendo alvo de cr\u00edticas, nas \u00faltimas horas, em rela\u00e7\u00e3o ao seu posicionamento sobre a forma de combate a dissemina\u00e7\u00e3o do coronav\u00edrus. Segundo o Not\u00edcias da TV, cr\u00edtico \u00e0s medidas adotadas no enfrentamento da doen\u00e7a, como [&hellip;]<\/p>\n","protected":false},"author":1,"featured_media":8563,"comment_status":"open","ping_status":"open","sticky":false,"template":"","format":"standard","meta":{"_uag_custom_page_level_css":"","_monsterinsights_skip_tracking":false,"_monsterinsights_sitenote_active":false,"_monsterinsights_sitenote_note":"","_monsterinsights_sitenote_category":0,"jetpack_post_was_ever_published":false,"_jetpack_newsletter_access":"","_jetpack_dont_email_post_to_subs":false,"_jetpack_newsletter_tier_id":0,"_jetpack_memberships_contains_paywalled_content":false,"_jetpack_memberships_contains_paid_content":false,"footnotes":"","jetpack_publicize_message":"","jetpack_publicize_feature_enabled":true,"jetpack_social_post_already_shared":true,"jetpack_social_options":{"image_generator_settings":{"template":"highway","default_image_id":0,"font":"","enabled":false},"version":2}},"categories":[199],"tags":[],"class_list":["post-8562","post","type-post","status-publish","format-standard","has-post-thumbnail","hentry","category-bahia"],"jetpack_publicize_connections":[],"jetpack_featured_media_url":"https:\/\/blogopara.com.br\/wp-content\/uploads\/2020\/03\/IMAGEM_NOTICIA_5-4-1.jpg","uagb_featured_image_src":{"full":["https:\/\/blogopara.com.br\/wp-content\/uploads\/2020\/03\/IMAGEM_NOTICIA_5-4-1.jpg",400,294,false],"thumbnail":["https:\/\/blogopara.com.br\/wp-content\/uploads\/2020\/03\/IMAGEM_NOTICIA_5-4-1-150x150.jpg",150,150,true],"medium":["https:\/\/blogopara.com.br\/wp-content\/uploads\/2020\/03\/IMAGEM_NOTICIA_5-4-1-300x221.jpg",300,221,true],"medium_large":["https:\/\/blogopara.com.br\/wp-content\/uploads\/2020\/03\/IMAGEM_NOTICIA_5-4-1.jpg",400,294,false],"large":["https:\/\/blogopara.com.br\/wp-content\/uploads\/2020\/03\/IMAGEM_NOTICIA_5-4-1.jpg",400,294,false],"1536x1536":["https:\/\/blogopara.com.br\/wp-content\/uploads\/2020\/03\/IMAGEM_NOTICIA_5-4-1.jpg",400,294,false],"2048x2048":["https:\/\/blogopara.com.br\/wp-content\/uploads\/2020\/03\/IMAGEM_NOTICIA_5-4-1.jpg",400,294,false],"mantranews-slider-large":["https:\/\/blogopara.com.br\/wp-content\/uploads\/2020\/03\/IMAGEM_NOTICIA_5-4-1.jpg",400,294,false],"mantranews-featured-medium":["https:\/\/blogopara.com.br\/wp-content\/uploads\/2020\/03\/IMAGEM_NOTICIA_5-4-1.jpg",400,294,false],"mantranews-featured-long":["https:\/\/blogopara.com.br\/wp-content\/uploads\/2020\/03\/IMAGEM_NOTICIA_5-4-1-300x294.jpg",300,294,true],"mantranews-block-medium":["https:\/\/blogopara.com.br\/wp-content\/uploads\/2020\/03\/IMAGEM_NOTICIA_5-4-1-400x290.jpg",400,290,true],"mantranews-carousel-image":["https:\/\/blogopara.com.br\/wp-content\/uploads\/2020\/03\/IMAGEM_NOTICIA_5-4-1.jpg",400,294,false],"mantranews-block-thumb":["https:\/\/blogopara.com.br\/wp-content\/uploads\/2020\/03\/IMAGEM_NOTICIA_5-4-1-322x230.jpg",322,230,true],"mantranews-single-large":["https:\/\/blogopara.com.br\/wp-content\/uploads\/2020\/03\/IMAGEM_NOTICIA_5-4-1.jpg",400,294,false]},"uagb_author_info":{"display_name":"Reda\u00e7\u00e3o geral","author_link":"https:\/\/blogopara.com.br\/index.php\/author\/blogopara"},"uagb_comment_info":0,"uagb_excerpt":"Desde o momento em que um \u00e1udio para o apresentador Marcos Mion foi vazado nas redes sociais, Roberto Justus vem sendo alvo de cr\u00edticas, nas \u00faltimas horas, em rela\u00e7\u00e3o ao seu posicionamento sobre a forma de combate a dissemina\u00e7\u00e3o do coronav\u00edrus. Segundo o Not\u00edcias da TV, cr\u00edtico \u00e0s medidas adotadas no enfrentamento da doen\u00e7a, como&hellip;","jetpack_sharing_enabled":true,"jetpack_likes_enabled":true,"_links":{"self":[{"href":"https:\/\/blogopara.com.br\/index.php\/wp-json\/wp\/v2\/posts\/8562","targetHints":{"allow":["GET"]}}],"collection":[{"href":"https:\/\/blogopara.com.br\/index.php\/wp-json\/wp\/v2\/posts"}],"about":[{"href":"https:\/\/blogopara.com.br\/index.php\/wp-json\/wp\/v2\/types\/post"}],"author":[{"embeddable":true,"href":"https:\/\/blogopara.com.br\/index.php\/wp-json\/wp\/v2\/users\/1"}],"replies":[{"embeddable":true,"href":"https:\/\/blogopara.com.br\/index.php\/wp-json\/wp\/v2\/comments?post=8562"}],"version-history":[{"count":2,"href":"https:\/\/blogopara.com.br\/index.php\/wp-json\/wp\/v2\/posts\/8562\/revisions"}],"predecessor-version":[{"id":8614,"href":"https:\/\/blogopara.com.br\/index.php\/wp-json\/wp\/v2\/posts\/8562\/revisions\/8614"}],"wp:featuredmedia":[{"embeddable":true,"href":"https:\/\/blogopara.com.br\/index.php\/wp-json\/wp\/v2\/media\/8563"}],"wp:attachment":[{"href":"https:\/\/blogopara.com.br\/index.php\/wp-json\/wp\/v2\/media?parent=8562"}],"wp:term":[{"taxonomy":"category","embeddable":true,"href":"https:\/\/blogopara.com.br\/index.php\/wp-json\/wp\/v2\/categories?post=8562"},{"taxonomy":"post_tag","embeddable":true,"href":"https:\/\/blogopara.com.br\/index.php\/wp-json\/wp\/v2\/tags?post=8562"}],"curies":[{"name":"wp","href":"https:\/\/api.w.org\/{rel}","templated":true}]}}