{"id":85621,"date":"2026-04-30T09:16:14","date_gmt":"2026-04-30T12:16:14","guid":{"rendered":"https:\/\/blogopara.com.br\/?p=85621"},"modified":"2026-04-30T09:16:14","modified_gmt":"2026-04-30T12:16:14","slug":"quaest-rui-costa-e-jaques-wagner-lideram-disputa-pelo-senado-na-bahia","status":"publish","type":"post","link":"https:\/\/blogopara.com.br\/index.php\/2026\/04\/30\/quaest-rui-costa-e-jaques-wagner-lideram-disputa-pelo-senado-na-bahia","title":{"rendered":"Quaest: Rui Costa e Jaques Wagner lideram disputa pelo Senado na Bahia"},"content":{"rendered":"<p>Levantamento divulgado nesta quarta-feira (29) pelo instituto Quaest aponta lideran\u00e7a de Rui Costa e Jaques Wagner na corrida pelo Senado na Bahia. Ambos, filiados ao PT, aparecem \u00e0 frente nas inten\u00e7\u00f5es de voto, seguidos por Jo\u00e3o Roma (PL) e Angelo Coronel (Republicanos). A informa\u00e7\u00e3o \u00e9 do G1.<\/p>\n<p>De acordo com a pesquisa, Rui Costa soma 24% das inten\u00e7\u00f5es de voto, enquanto Jaques Wagner tem 22%. Jo\u00e3o Roma aparece com 9%, e Angelo Coronel registra 6%. J\u00e1 Delliana Ricelli pontua 1%, e Marcelo Santtana n\u00e3o alcan\u00e7a pontua\u00e7\u00e3o. Al\u00e9m disso, 22% dos entrevistados afirmam votar em branco, nulo ou n\u00e3o comparecer, e 16% ainda est\u00e3o indecisos.<\/p>\n<p>A pesquisa tamb\u00e9m destaca que, em 2026, cada estado eleger\u00e1 dois senadores, o que favorece estrat\u00e9gias combinadas de voto. Segundo o diretor da Quaest, Felipe Nunes, o desempenho dos candidatos do PT \u00e9 consistente nesse modelo, j\u00e1 que ambos aparecem bem distribu\u00eddos entre primeiro e segundo votos, formando uma composi\u00e7\u00e3o competitiva.<\/p>\n<p>O levantamento foi encomendado pela Genial Investimentos e ouviu 1.200 pessoas entre os dias 23 e 27 de abril. Com margem de erro de tr\u00eas pontos percentuais e n\u00edvel de confian\u00e7a de 95%, a pesquisa tamb\u00e9m indica que 50% dos eleitores dizem j\u00e1 ter decis\u00e3o definitiva para o Senado, enquanto 47% admitem que ainda podem mudar de escolha at\u00e9 as elei\u00e7\u00f5es.<\/p>\n","protected":false},"excerpt":{"rendered":"<p>Levantamento divulgado nesta quarta-feira (29) pelo instituto Quaest aponta lideran\u00e7a de Rui Costa e Jaques Wagner na corrida pelo Senado na Bahia. Ambos, filiados ao PT, aparecem \u00e0 frente nas inten\u00e7\u00f5es de voto, seguidos por Jo\u00e3o Roma (PL) e Angelo Coronel (Republicanos). A informa\u00e7\u00e3o \u00e9 do G1. De acordo com a pesquisa, Rui Costa soma [&hellip;]<\/p>\n","protected":false},"author":1,"featured_media":85622,"comment_status":"open","ping_status":"open","sticky":false,"template":"","format":"standard","meta":{"_uag_custom_page_level_css":"","_monsterinsights_skip_tracking":false,"_monsterinsights_sitenote_active":false,"_monsterinsights_sitenote_note":"","_monsterinsights_sitenote_category":0,"jetpack_post_was_ever_published":false,"_jetpack_newsletter_access":"","_jetpack_dont_email_post_to_subs":false,"_jetpack_newsletter_tier_id":0,"_jetpack_memberships_contains_paywalled_content":false,"_jetpack_memberships_contains_paid_content":false,"footnotes":"","jetpack_publicize_message":"","jetpack_publicize_feature_enabled":true,"jetpack_social_post_already_shared":true,"jetpack_social_options":{"image_generator_settings":{"template":"highway","default_image_id":0,"font":"","enabled":false},"version":2}},"categories":[197],"tags":[],"class_list":["post-85621","post","type-post","status-publish","format-standard","has-post-thumbnail","hentry","category-politica"],"jetpack_publicize_connections":[],"jetpack_featured_media_url":"https:\/\/blogopara.com.br\/wp-content\/uploads\/2026\/04\/jaques-wagner_jeronimo-rodrigues-e-rui-costa_reproducao-instagram.jpg","uagb_featured_image_src":{"full":["https:\/\/blogopara.com.br\/wp-content\/uploads\/2026\/04\/jaques-wagner_jeronimo-rodrigues-e-rui-costa_reproducao-instagram.jpg",500,334,false],"thumbnail":["https:\/\/blogopara.com.br\/wp-content\/uploads\/2026\/04\/jaques-wagner_jeronimo-rodrigues-e-rui-costa_reproducao-instagram-150x150.jpg",150,150,true],"medium":["https:\/\/blogopara.com.br\/wp-content\/uploads\/2026\/04\/jaques-wagner_jeronimo-rodrigues-e-rui-costa_reproducao-instagram-300x200.jpg",300,200,true],"medium_large":["https:\/\/blogopara.com.br\/wp-content\/uploads\/2026\/04\/jaques-wagner_jeronimo-rodrigues-e-rui-costa_reproducao-instagram.jpg",500,334,false],"large":["https:\/\/blogopara.com.br\/wp-content\/uploads\/2026\/04\/jaques-wagner_jeronimo-rodrigues-e-rui-costa_reproducao-instagram.jpg",500,334,false],"1536x1536":["https:\/\/blogopara.com.br\/wp-content\/uploads\/2026\/04\/jaques-wagner_jeronimo-rodrigues-e-rui-costa_reproducao-instagram.jpg",500,334,false],"2048x2048":["https:\/\/blogopara.com.br\/wp-content\/uploads\/2026\/04\/jaques-wagner_jeronimo-rodrigues-e-rui-costa_reproducao-instagram.jpg",500,334,false],"mantranews-slider-large":["https:\/\/blogopara.com.br\/wp-content\/uploads\/2026\/04\/jaques-wagner_jeronimo-rodrigues-e-rui-costa_reproducao-instagram.jpg",500,334,false],"mantranews-featured-medium":["https:\/\/blogopara.com.br\/wp-content\/uploads\/2026\/04\/jaques-wagner_jeronimo-rodrigues-e-rui-costa_reproducao-instagram-420x307.jpg",420,307,true],"mantranews-featured-long":["https:\/\/blogopara.com.br\/wp-content\/uploads\/2026\/04\/jaques-wagner_jeronimo-rodrigues-e-rui-costa_reproducao-instagram-300x334.jpg",300,334,true],"mantranews-block-medium":["https:\/\/blogopara.com.br\/wp-content\/uploads\/2026\/04\/jaques-wagner_jeronimo-rodrigues-e-rui-costa_reproducao-instagram-464x290.jpg",464,290,true],"mantranews-carousel-image":["https:\/\/blogopara.com.br\/wp-content\/uploads\/2026\/04\/jaques-wagner_jeronimo-rodrigues-e-rui-costa_reproducao-instagram.jpg",500,334,false],"mantranews-block-thumb":["https:\/\/blogopara.com.br\/wp-content\/uploads\/2026\/04\/jaques-wagner_jeronimo-rodrigues-e-rui-costa_reproducao-instagram-322x230.jpg",322,230,true],"mantranews-single-large":["https:\/\/blogopara.com.br\/wp-content\/uploads\/2026\/04\/jaques-wagner_jeronimo-rodrigues-e-rui-costa_reproducao-instagram.jpg",500,334,false]},"uagb_author_info":{"display_name":"Reda\u00e7\u00e3o geral","author_link":"https:\/\/blogopara.com.br\/index.php\/author\/blogopara"},"uagb_comment_info":0,"uagb_excerpt":"Levantamento divulgado nesta quarta-feira (29) pelo instituto Quaest aponta lideran\u00e7a de Rui Costa e Jaques Wagner na corrida pelo Senado na Bahia. Ambos, filiados ao PT, aparecem \u00e0 frente nas inten\u00e7\u00f5es de voto, seguidos por Jo\u00e3o Roma (PL) e Angelo Coronel (Republicanos). A informa\u00e7\u00e3o \u00e9 do G1. De acordo com a pesquisa, Rui Costa soma&hellip;","jetpack_sharing_enabled":true,"jetpack_likes_enabled":true,"_links":{"self":[{"href":"https:\/\/blogopara.com.br\/index.php\/wp-json\/wp\/v2\/posts\/85621","targetHints":{"allow":["GET"]}}],"collection":[{"href":"https:\/\/blogopara.com.br\/index.php\/wp-json\/wp\/v2\/posts"}],"about":[{"href":"https:\/\/blogopara.com.br\/index.php\/wp-json\/wp\/v2\/types\/post"}],"author":[{"embeddable":true,"href":"https:\/\/blogopara.com.br\/index.php\/wp-json\/wp\/v2\/users\/1"}],"replies":[{"embeddable":true,"href":"https:\/\/blogopara.com.br\/index.php\/wp-json\/wp\/v2\/comments?post=85621"}],"version-history":[{"count":1,"href":"https:\/\/blogopara.com.br\/index.php\/wp-json\/wp\/v2\/posts\/85621\/revisions"}],"predecessor-version":[{"id":85623,"href":"https:\/\/blogopara.com.br\/index.php\/wp-json\/wp\/v2\/posts\/85621\/revisions\/85623"}],"wp:featuredmedia":[{"embeddable":true,"href":"https:\/\/blogopara.com.br\/index.php\/wp-json\/wp\/v2\/media\/85622"}],"wp:attachment":[{"href":"https:\/\/blogopara.com.br\/index.php\/wp-json\/wp\/v2\/media?parent=85621"}],"wp:term":[{"taxonomy":"category","embeddable":true,"href":"https:\/\/blogopara.com.br\/index.php\/wp-json\/wp\/v2\/categories?post=85621"},{"taxonomy":"post_tag","embeddable":true,"href":"https:\/\/blogopara.com.br\/index.php\/wp-json\/wp\/v2\/tags?post=85621"}],"curies":[{"name":"wp","href":"https:\/\/api.w.org\/{rel}","templated":true}]}}