{"id":85636,"date":"2026-04-30T14:57:35","date_gmt":"2026-04-30T17:57:35","guid":{"rendered":"https:\/\/blogopara.com.br\/?p=85636"},"modified":"2026-04-30T14:59:09","modified_gmt":"2026-04-30T17:59:09","slug":"vereador-emerson-mitu-celebra-pavimentacao-em-massaroca-e-destaca-avancos-para-a-populacao","status":"publish","type":"post","link":"https:\/\/blogopara.com.br\/index.php\/2026\/04\/30\/vereador-emerson-mitu-celebra-pavimentacao-em-massaroca-e-destaca-avancos-para-a-populacao","title":{"rendered":"Vereador Emerson Mitu celebra pavimenta\u00e7\u00e3o em Massaroca e destaca avan\u00e7os para a popula\u00e7\u00e3o"},"content":{"rendered":"<p>O vereador Emerson Mitu comemorou a entrega da pavimenta\u00e7\u00e3o em paralelep\u00edpedo de seis ruas no distrito de Massaroca, em Juazeiro, ressaltando a import\u00e2ncia da obra para a melhoria da qualidade de vida dos moradores e o avan\u00e7o da infraestrutura na regi\u00e3o.<\/p>\n<p>A interven\u00e7\u00e3o, realizada pela Prefeitura de Juazeiro, j\u00e1 reflete diretamente no dia a dia da comunidade, com a redu\u00e7\u00e3o da poeira, o fim da lama durante os per\u00edodos chuvosos e melhorias na mobilidade urbana. A a\u00e7\u00e3o atende a uma demanda antiga da popula\u00e7\u00e3o, garantindo mais seguran\u00e7a, dignidade e melhores condi\u00e7\u00f5es de tr\u00e1fego.<\/p>\n<p>Durante a agenda, o vereador destacou o compromisso conjunto entre o Legislativo e o Executivo municipal para levar benef\u00edcios concretos \u00e0s comunidades do interior. \u201cEsse \u00e9 um momento de celebra\u00e7\u00e3o. \u00c9 um compromisso da C\u00e2mara, e agradecemos ao prefeito Andrei pela parceria, para que possamos continuar avan\u00e7ando e levando melhorias para quem mais precisa\u201d, afirmou Emerson Mitu.<\/p>\n<p>A pavimenta\u00e7\u00e3o integra um conjunto de a\u00e7\u00f5es estruturantes no munic\u00edpio, dentro do Programa Ruas do Futuro, que faz parte do ProJua \u2013 Programa Juazeiro Avan\u00e7a. A iniciativa refor\u00e7a os investimentos em infraestrutura urbana, promovendo desenvolvimento tanto na sede quanto no interior.<\/p>\n<p>Al\u00e9m de Massaroca, novas a\u00e7\u00f5es j\u00e1 est\u00e3o sendo articuladas e, em breve, o distrito de Juremal tamb\u00e9m receber\u00e1 melhorias, ampliando os benef\u00edcios para outras comunidades do interior.<\/p>\n<p>A entrega da pavimenta\u00e7\u00e3o marca mais um passo importante na valoriza\u00e7\u00e3o das comunidades do interior, consolidando avan\u00e7os e garantindo mais qualidade de vida para a popula\u00e7\u00e3o de Juazeiro.<\/p>\n","protected":false},"excerpt":{"rendered":"<p>O vereador Emerson Mitu comemorou a entrega da pavimenta\u00e7\u00e3o em paralelep\u00edpedo de seis ruas no distrito de Massaroca, em Juazeiro, ressaltando a import\u00e2ncia da obra para a melhoria da qualidade de vida dos moradores e o avan\u00e7o da infraestrutura na regi\u00e3o. A interven\u00e7\u00e3o, realizada pela Prefeitura de Juazeiro, j\u00e1 reflete diretamente no dia a dia [&hellip;]<\/p>\n","protected":false},"author":1,"featured_media":85643,"comment_status":"open","ping_status":"open","sticky":false,"template":"","format":"standard","meta":{"_uag_custom_page_level_css":"","_monsterinsights_skip_tracking":false,"_monsterinsights_sitenote_active":false,"_monsterinsights_sitenote_note":"","_monsterinsights_sitenote_category":0,"jetpack_post_was_ever_published":false,"_jetpack_newsletter_access":"","_jetpack_dont_email_post_to_subs":false,"_jetpack_newsletter_tier_id":0,"_jetpack_memberships_contains_paywalled_content":false,"_jetpack_memberships_contains_paid_content":false,"footnotes":"","jetpack_publicize_message":"","jetpack_publicize_feature_enabled":true,"jetpack_social_post_already_shared":true,"jetpack_social_options":{"image_generator_settings":{"template":"highway","default_image_id":0,"font":"","enabled":false},"version":2}},"categories":[203],"tags":[2017,11692,7692,11898],"class_list":["post-85636","post","type-post","status-publish","format-standard","has-post-thumbnail","hentry","category-juazeiro","tag-cmj","tag-mitu-do-sindicato","tag-presidente-da-cmj","tag-vereador-mitu"],"jetpack_publicize_connections":[],"jetpack_featured_media_url":"https:\/\/blogopara.com.br\/wp-content\/uploads\/2026\/04\/Sem-titulo-1.png","uagb_featured_image_src":{"full":["https:\/\/blogopara.com.br\/wp-content\/uploads\/2026\/04\/Sem-titulo-1.png",498,498,false],"thumbnail":["https:\/\/blogopara.com.br\/wp-content\/uploads\/2026\/04\/Sem-titulo-1-150x150.png",150,150,true],"medium":["https:\/\/blogopara.com.br\/wp-content\/uploads\/2026\/04\/Sem-titulo-1-300x300.png",300,300,true],"medium_large":["https:\/\/blogopara.com.br\/wp-content\/uploads\/2026\/04\/Sem-titulo-1.png",498,498,false],"large":["https:\/\/blogopara.com.br\/wp-content\/uploads\/2026\/04\/Sem-titulo-1.png",498,498,false],"1536x1536":["https:\/\/blogopara.com.br\/wp-content\/uploads\/2026\/04\/Sem-titulo-1.png",498,498,false],"2048x2048":["https:\/\/blogopara.com.br\/wp-content\/uploads\/2026\/04\/Sem-titulo-1.png",498,498,false],"mantranews-slider-large":["https:\/\/blogopara.com.br\/wp-content\/uploads\/2026\/04\/Sem-titulo-1.png",498,498,false],"mantranews-featured-medium":["https:\/\/blogopara.com.br\/wp-content\/uploads\/2026\/04\/Sem-titulo-1-420x307.png",420,307,true],"mantranews-featured-long":["https:\/\/blogopara.com.br\/wp-content\/uploads\/2026\/04\/Sem-titulo-1-300x443.png",300,443,true],"mantranews-block-medium":["https:\/\/blogopara.com.br\/wp-content\/uploads\/2026\/04\/Sem-titulo-1-464x290.png",464,290,true],"mantranews-carousel-image":["https:\/\/blogopara.com.br\/wp-content\/uploads\/2026\/04\/Sem-titulo-1.png",498,498,false],"mantranews-block-thumb":["https:\/\/blogopara.com.br\/wp-content\/uploads\/2026\/04\/Sem-titulo-1-322x230.png",322,230,true],"mantranews-single-large":["https:\/\/blogopara.com.br\/wp-content\/uploads\/2026\/04\/Sem-titulo-1.png",498,498,false]},"uagb_author_info":{"display_name":"Reda\u00e7\u00e3o geral","author_link":"https:\/\/blogopara.com.br\/index.php\/author\/blogopara"},"uagb_comment_info":0,"uagb_excerpt":"O vereador Emerson Mitu comemorou a entrega da pavimenta\u00e7\u00e3o em paralelep\u00edpedo de seis ruas no distrito de Massaroca, em Juazeiro, ressaltando a import\u00e2ncia da obra para a melhoria da qualidade de vida dos moradores e o avan\u00e7o da infraestrutura na regi\u00e3o. A interven\u00e7\u00e3o, realizada pela Prefeitura de Juazeiro, j\u00e1 reflete diretamente no dia a dia&hellip;","jetpack_sharing_enabled":true,"jetpack_likes_enabled":true,"_links":{"self":[{"href":"https:\/\/blogopara.com.br\/index.php\/wp-json\/wp\/v2\/posts\/85636","targetHints":{"allow":["GET"]}}],"collection":[{"href":"https:\/\/blogopara.com.br\/index.php\/wp-json\/wp\/v2\/posts"}],"about":[{"href":"https:\/\/blogopara.com.br\/index.php\/wp-json\/wp\/v2\/types\/post"}],"author":[{"embeddable":true,"href":"https:\/\/blogopara.com.br\/index.php\/wp-json\/wp\/v2\/users\/1"}],"replies":[{"embeddable":true,"href":"https:\/\/blogopara.com.br\/index.php\/wp-json\/wp\/v2\/comments?post=85636"}],"version-history":[{"count":2,"href":"https:\/\/blogopara.com.br\/index.php\/wp-json\/wp\/v2\/posts\/85636\/revisions"}],"predecessor-version":[{"id":85644,"href":"https:\/\/blogopara.com.br\/index.php\/wp-json\/wp\/v2\/posts\/85636\/revisions\/85644"}],"wp:featuredmedia":[{"embeddable":true,"href":"https:\/\/blogopara.com.br\/index.php\/wp-json\/wp\/v2\/media\/85643"}],"wp:attachment":[{"href":"https:\/\/blogopara.com.br\/index.php\/wp-json\/wp\/v2\/media?parent=85636"}],"wp:term":[{"taxonomy":"category","embeddable":true,"href":"https:\/\/blogopara.com.br\/index.php\/wp-json\/wp\/v2\/categories?post=85636"},{"taxonomy":"post_tag","embeddable":true,"href":"https:\/\/blogopara.com.br\/index.php\/wp-json\/wp\/v2\/tags?post=85636"}],"curies":[{"name":"wp","href":"https:\/\/api.w.org\/{rel}","templated":true}]}}