{"id":85649,"date":"2026-05-01T12:38:18","date_gmt":"2026-05-01T15:38:18","guid":{"rendered":"https:\/\/blogopara.com.br\/?p=85649"},"modified":"2026-05-01T12:38:18","modified_gmt":"2026-05-01T15:38:18","slug":"juazeiro-debate-instalacao-de-novo-conselho-tutelar-para-ampliar-atendimento","status":"publish","type":"post","link":"https:\/\/blogopara.com.br\/index.php\/2026\/05\/01\/juazeiro-debate-instalacao-de-novo-conselho-tutelar-para-ampliar-atendimento","title":{"rendered":"Juazeiro debate instala\u00e7\u00e3o de novo Conselho Tutelar para ampliar atendimento"},"content":{"rendered":"<p>A Prefeitura de Juazeiro participou, nesta ter\u00e7a-feira (28), de uma Audi\u00eancia P\u00fablica para discutir a viabiliza\u00e7\u00e3o da instala\u00e7\u00e3o de mais um Conselho Tutelar. A proposta tem como objetivo ampliar e descentralizar o atendimento, garantindo mais agilidade na prote\u00e7\u00e3o de crian\u00e7as e adolescentes em situa\u00e7\u00e3o de vulnerabilidade.<\/p>\n<p>O encontro contou com a presen\u00e7a da promotora do Minist\u00e9rio P\u00fablico da Bahia, Renata Mamede; do secret\u00e1rio de Articula\u00e7\u00e3o Social e Assuntos Religiosos, Ant\u00f4nio Marcos; do secret\u00e1rio de Desenvolvimento Social, Diversidade, Igualdade Racial e Combate \u00e0 Fome, Igor Luiz; do secret\u00e1rio de Governo, Gest\u00e3o e Inova\u00e7\u00e3o, Pl\u00ednio Amorim; al\u00e9m de representantes do Conselho Municipal dos Direitos da Crian\u00e7a e do Adolescente (CMDCA) e da Casa dos Conselhos (CDC).<\/p>\n<p>A audi\u00eancia discutiu a necessidade de fortalecer a atua\u00e7\u00e3o do Conselho Tutelar, aproximando o servi\u00e7o de comunidades, distritos e bairros perif\u00e9ricos, e dando mais celeridade aos encaminhamentos, conforme as diretrizes do Estatuto da Crian\u00e7a e do Adolescente (ECA).<\/p>\n<p>O secret\u00e1rio de Articula\u00e7\u00e3o Social e Assuntos Religiosos, Ant\u00f4nio Marcos, destacou a import\u00e2ncia da iniciativa. \u201cUm novo Conselho Tutelar representa o avan\u00e7o do fortalecimento de uma Institui\u00e7\u00e3o que defende os direitos humanos da crian\u00e7a e do adolescente. Com este compromisso firmado, damos um passo significativo para a Prefeitura cumprir a normativa nacional com dois conselhos\u201d, afirmou.<\/p>\n<p>A Prefeitura de Juazeiro seguir\u00e1 dialogando com o Minist\u00e9rio P\u00fablico, o CMDCA, a Casa dos Conselhos e demais \u00f3rg\u00e3os da rede para avan\u00e7ar nos encaminhamentos necess\u00e1rios \u00e0 implanta\u00e7\u00e3o da nova unidade.<\/p>\n<p><em>Texto: Vict\u00f3ria Resende\/ASCOM PMJ<\/em><\/p>\n","protected":false},"excerpt":{"rendered":"<p>A Prefeitura de Juazeiro participou, nesta ter\u00e7a-feira (28), de uma Audi\u00eancia P\u00fablica para discutir a viabiliza\u00e7\u00e3o da instala\u00e7\u00e3o de mais um Conselho Tutelar. A proposta tem como objetivo ampliar e descentralizar o atendimento, garantindo mais agilidade na prote\u00e7\u00e3o de crian\u00e7as e adolescentes em situa\u00e7\u00e3o de vulnerabilidade. O encontro contou com a presen\u00e7a da promotora do [&hellip;]<\/p>\n","protected":false},"author":1,"featured_media":85650,"comment_status":"open","ping_status":"open","sticky":false,"template":"","format":"standard","meta":{"_uag_custom_page_level_css":"","_monsterinsights_skip_tracking":false,"_monsterinsights_sitenote_active":false,"_monsterinsights_sitenote_note":"","_monsterinsights_sitenote_category":0,"jetpack_post_was_ever_published":false,"_jetpack_newsletter_access":"","_jetpack_dont_email_post_to_subs":false,"_jetpack_newsletter_tier_id":0,"_jetpack_memberships_contains_paywalled_content":false,"_jetpack_memberships_contains_paid_content":false,"footnotes":"","jetpack_publicize_message":"","jetpack_publicize_feature_enabled":true,"jetpack_social_post_already_shared":true,"jetpack_social_options":{"image_generator_settings":{"template":"highway","default_image_id":0,"font":"","enabled":false},"version":2}},"categories":[203],"tags":[],"class_list":["post-85649","post","type-post","status-publish","format-standard","has-post-thumbnail","hentry","category-juazeiro"],"jetpack_publicize_connections":[],"jetpack_featured_media_url":"https:\/\/blogopara.com.br\/wp-content\/uploads\/2026\/05\/WhatsApp-Image-2026-04-30-at-08.35.01-1-1024x771-1.jpeg","uagb_featured_image_src":{"full":["https:\/\/blogopara.com.br\/wp-content\/uploads\/2026\/05\/WhatsApp-Image-2026-04-30-at-08.35.01-1-1024x771-1.jpeg",500,376,false],"thumbnail":["https:\/\/blogopara.com.br\/wp-content\/uploads\/2026\/05\/WhatsApp-Image-2026-04-30-at-08.35.01-1-1024x771-1-150x150.jpeg",150,150,true],"medium":["https:\/\/blogopara.com.br\/wp-content\/uploads\/2026\/05\/WhatsApp-Image-2026-04-30-at-08.35.01-1-1024x771-1-300x226.jpeg",300,226,true],"medium_large":["https:\/\/blogopara.com.br\/wp-content\/uploads\/2026\/05\/WhatsApp-Image-2026-04-30-at-08.35.01-1-1024x771-1.jpeg",500,376,false],"large":["https:\/\/blogopara.com.br\/wp-content\/uploads\/2026\/05\/WhatsApp-Image-2026-04-30-at-08.35.01-1-1024x771-1.jpeg",500,376,false],"1536x1536":["https:\/\/blogopara.com.br\/wp-content\/uploads\/2026\/05\/WhatsApp-Image-2026-04-30-at-08.35.01-1-1024x771-1.jpeg",500,376,false],"2048x2048":["https:\/\/blogopara.com.br\/wp-content\/uploads\/2026\/05\/WhatsApp-Image-2026-04-30-at-08.35.01-1-1024x771-1.jpeg",500,376,false],"mantranews-slider-large":["https:\/\/blogopara.com.br\/wp-content\/uploads\/2026\/05\/WhatsApp-Image-2026-04-30-at-08.35.01-1-1024x771-1.jpeg",500,376,false],"mantranews-featured-medium":["https:\/\/blogopara.com.br\/wp-content\/uploads\/2026\/05\/WhatsApp-Image-2026-04-30-at-08.35.01-1-1024x771-1-420x307.jpeg",420,307,true],"mantranews-featured-long":["https:\/\/blogopara.com.br\/wp-content\/uploads\/2026\/05\/WhatsApp-Image-2026-04-30-at-08.35.01-1-1024x771-1-300x376.jpeg",300,376,true],"mantranews-block-medium":["https:\/\/blogopara.com.br\/wp-content\/uploads\/2026\/05\/WhatsApp-Image-2026-04-30-at-08.35.01-1-1024x771-1-464x290.jpeg",464,290,true],"mantranews-carousel-image":["https:\/\/blogopara.com.br\/wp-content\/uploads\/2026\/05\/WhatsApp-Image-2026-04-30-at-08.35.01-1-1024x771-1.jpeg",500,376,false],"mantranews-block-thumb":["https:\/\/blogopara.com.br\/wp-content\/uploads\/2026\/05\/WhatsApp-Image-2026-04-30-at-08.35.01-1-1024x771-1-322x230.jpeg",322,230,true],"mantranews-single-large":["https:\/\/blogopara.com.br\/wp-content\/uploads\/2026\/05\/WhatsApp-Image-2026-04-30-at-08.35.01-1-1024x771-1.jpeg",500,376,false]},"uagb_author_info":{"display_name":"Reda\u00e7\u00e3o geral","author_link":"https:\/\/blogopara.com.br\/index.php\/author\/blogopara"},"uagb_comment_info":0,"uagb_excerpt":"A Prefeitura de Juazeiro participou, nesta ter\u00e7a-feira (28), de uma Audi\u00eancia P\u00fablica para discutir a viabiliza\u00e7\u00e3o da instala\u00e7\u00e3o de mais um Conselho Tutelar. A proposta tem como objetivo ampliar e descentralizar o atendimento, garantindo mais agilidade na prote\u00e7\u00e3o de crian\u00e7as e adolescentes em situa\u00e7\u00e3o de vulnerabilidade. O encontro contou com a presen\u00e7a da promotora do&hellip;","jetpack_sharing_enabled":true,"jetpack_likes_enabled":true,"_links":{"self":[{"href":"https:\/\/blogopara.com.br\/index.php\/wp-json\/wp\/v2\/posts\/85649","targetHints":{"allow":["GET"]}}],"collection":[{"href":"https:\/\/blogopara.com.br\/index.php\/wp-json\/wp\/v2\/posts"}],"about":[{"href":"https:\/\/blogopara.com.br\/index.php\/wp-json\/wp\/v2\/types\/post"}],"author":[{"embeddable":true,"href":"https:\/\/blogopara.com.br\/index.php\/wp-json\/wp\/v2\/users\/1"}],"replies":[{"embeddable":true,"href":"https:\/\/blogopara.com.br\/index.php\/wp-json\/wp\/v2\/comments?post=85649"}],"version-history":[{"count":2,"href":"https:\/\/blogopara.com.br\/index.php\/wp-json\/wp\/v2\/posts\/85649\/revisions"}],"predecessor-version":[{"id":85652,"href":"https:\/\/blogopara.com.br\/index.php\/wp-json\/wp\/v2\/posts\/85649\/revisions\/85652"}],"wp:featuredmedia":[{"embeddable":true,"href":"https:\/\/blogopara.com.br\/index.php\/wp-json\/wp\/v2\/media\/85650"}],"wp:attachment":[{"href":"https:\/\/blogopara.com.br\/index.php\/wp-json\/wp\/v2\/media?parent=85649"}],"wp:term":[{"taxonomy":"category","embeddable":true,"href":"https:\/\/blogopara.com.br\/index.php\/wp-json\/wp\/v2\/categories?post=85649"},{"taxonomy":"post_tag","embeddable":true,"href":"https:\/\/blogopara.com.br\/index.php\/wp-json\/wp\/v2\/tags?post=85649"}],"curies":[{"name":"wp","href":"https:\/\/api.w.org\/{rel}","templated":true}]}}