{"id":8565,"date":"2020-03-24T08:48:02","date_gmt":"2020-03-24T11:48:02","guid":{"rendered":"http:\/\/blogopara.com.br\/?p=8565"},"modified":"2020-03-24T08:48:05","modified_gmt":"2020-03-24T11:48:05","slug":"forcas-de-segurancas-organizam-acoes-conjuntas-em-juazeiro-para-a-prevencao-ao-coronavirus","status":"publish","type":"post","link":"https:\/\/blogopara.com.br\/index.php\/2020\/03\/24\/forcas-de-segurancas-organizam-acoes-conjuntas-em-juazeiro-para-a-prevencao-ao-coronavirus","title":{"rendered":"For\u00e7as de seguran\u00e7as organizam a\u00e7\u00f5es conjuntas em Juazeiro para a preven\u00e7\u00e3o ao coronav\u00edrus"},"content":{"rendered":"<p style=\"text-align: justify;\">Nesta segunda-feira (23), o Comit\u00ea de Enfrentamento ao novo coronav\u00edrus se reuniu com representantes das for\u00e7as de seguran\u00e7a atuantes em Juazeiro. Participaram do momento, representantes da Pol\u00edcia Militar, Civil e Federal, Corpo de Bombeiros, Marinha, Guarda Civil Municipal e o Promotor Raimundo Moinhos.<\/p>\n<p style=\"text-align: justify;\">O promotor de Justi\u00e7a da Comarca de Juazeiro e representante do comit\u00ea integrado de seguran\u00e7a p\u00fablica, Raimundo Moinhos, relata a import\u00e2ncia da uni\u00e3o das for\u00e7as. \u201cA import\u00e2ncia deste momento \u00e9 congregar as institui\u00e7\u00f5es para um trabalho unido, com medidas ajustadas em comum acordo, com objetivo primordial n\u00e3o s\u00f3 com a sa\u00fade mas com a seguran\u00e7a p\u00fablica no sentido de minimiza\u00e7\u00e3o os efeitos dessa epidemia do coronav\u00edrus\u201d explicou.<\/p>\n<p style=\"text-align: justify;\">O promotor ainda descreveu sobre as a\u00e7\u00f5es conjuntas. \u201cA partir deste encontro n\u00f3s vamos adotar uma ampla divulga\u00e7\u00e3o, principalmente para evitar aglomera\u00e7\u00f5es, trazendo a informa\u00e7\u00e3o de que determinados comportamentos incidem em fatos t\u00edpicos, em crimes. As for\u00e7as de seguran\u00e7a v\u00e3o estar atentas para coibir e impedir estas aglomera\u00e7\u00f5es. Essas medidas ser\u00e3o cumpridas, imediatamente\u201d, concluiu Raimundo Moinhos.<\/p>\n<p style=\"text-align: justify;\">Para a secret\u00e1ria Fab\u00edola Ribeiro \u201cesse \u00e9 um momento de unir esfor\u00e7os e trabalharmos juntos. Mais uma vez, refor\u00e7o para que a popula\u00e7\u00e3o evite sair de casa, acatando as medidas que estamos adotando para evitar a propaga\u00e7\u00e3o do COVID 19 e do H1N1. Tamb\u00e9m solicitamos que as medidas de higiene sejam refor\u00e7adas\u201d, concluiu.<\/p>\n<p style=\"text-align: justify;\">Fonte de informa\u00e7\u00f5es: RedeGN<\/p>\n<p style=\"text-align: justify;\">\n","protected":false},"excerpt":{"rendered":"<p>Nesta segunda-feira (23), o Comit\u00ea de Enfrentamento ao novo coronav\u00edrus se reuniu com representantes das for\u00e7as de seguran\u00e7a atuantes em Juazeiro. Participaram do momento, representantes da Pol\u00edcia Militar, Civil e Federal, Corpo de Bombeiros, Marinha, Guarda Civil Municipal e o Promotor Raimundo Moinhos. O promotor de Justi\u00e7a da Comarca de Juazeiro e representante do comit\u00ea [&hellip;]<\/p>\n","protected":false},"author":1,"featured_media":8567,"comment_status":"open","ping_status":"open","sticky":false,"template":"","format":"standard","meta":{"_uag_custom_page_level_css":"","_monsterinsights_skip_tracking":false,"_monsterinsights_sitenote_active":false,"_monsterinsights_sitenote_note":"","_monsterinsights_sitenote_category":0,"jetpack_post_was_ever_published":false,"_jetpack_newsletter_access":"","_jetpack_dont_email_post_to_subs":false,"_jetpack_newsletter_tier_id":0,"_jetpack_memberships_contains_paywalled_content":false,"_jetpack_memberships_contains_paid_content":false,"footnotes":"","jetpack_publicize_message":"","jetpack_publicize_feature_enabled":true,"jetpack_social_post_already_shared":true,"jetpack_social_options":{"image_generator_settings":{"template":"highway","default_image_id":0,"font":"","enabled":false},"version":2}},"categories":[203],"tags":[],"class_list":["post-8565","post","type-post","status-publish","format-standard","has-post-thumbnail","hentry","category-juazeiro"],"jetpack_publicize_connections":[],"jetpack_featured_media_url":"https:\/\/blogopara.com.br\/wp-content\/uploads\/2020\/03\/OLHA-A-CARA-DE-QUEM-DEIXA-OS-MORADORES-DO-ANT\u00d4NIO-GUILHERMINO-NA-LAMA.jpg","uagb_featured_image_src":{"full":["https:\/\/blogopara.com.br\/wp-content\/uploads\/2020\/03\/OLHA-A-CARA-DE-QUEM-DEIXA-OS-MORADORES-DO-ANT\u00d4NIO-GUILHERMINO-NA-LAMA.jpg",1747,1240,false],"thumbnail":["https:\/\/blogopara.com.br\/wp-content\/uploads\/2020\/03\/OLHA-A-CARA-DE-QUEM-DEIXA-OS-MORADORES-DO-ANT\u00d4NIO-GUILHERMINO-NA-LAMA-150x150.jpg",150,150,true],"medium":["https:\/\/blogopara.com.br\/wp-content\/uploads\/2020\/03\/OLHA-A-CARA-DE-QUEM-DEIXA-OS-MORADORES-DO-ANT\u00d4NIO-GUILHERMINO-NA-LAMA-300x213.jpg",300,213,true],"medium_large":["https:\/\/blogopara.com.br\/wp-content\/uploads\/2020\/03\/OLHA-A-CARA-DE-QUEM-DEIXA-OS-MORADORES-DO-ANT\u00d4NIO-GUILHERMINO-NA-LAMA-768x545.jpg",640,454,true],"large":["https:\/\/blogopara.com.br\/wp-content\/uploads\/2020\/03\/OLHA-A-CARA-DE-QUEM-DEIXA-OS-MORADORES-DO-ANT\u00d4NIO-GUILHERMINO-NA-LAMA-1024x727.jpg",640,454,true],"1536x1536":["https:\/\/blogopara.com.br\/wp-content\/uploads\/2020\/03\/OLHA-A-CARA-DE-QUEM-DEIXA-OS-MORADORES-DO-ANT\u00d4NIO-GUILHERMINO-NA-LAMA-1536x1090.jpg",1536,1090,true],"2048x2048":["https:\/\/blogopara.com.br\/wp-content\/uploads\/2020\/03\/OLHA-A-CARA-DE-QUEM-DEIXA-OS-MORADORES-DO-ANT\u00d4NIO-GUILHERMINO-NA-LAMA.jpg",1747,1240,false],"mantranews-slider-large":["https:\/\/blogopara.com.br\/wp-content\/uploads\/2020\/03\/OLHA-A-CARA-DE-QUEM-DEIXA-OS-MORADORES-DO-ANT\u00d4NIO-GUILHERMINO-NA-LAMA-1020x741.jpg",1020,741,true],"mantranews-featured-medium":["https:\/\/blogopara.com.br\/wp-content\/uploads\/2020\/03\/OLHA-A-CARA-DE-QUEM-DEIXA-OS-MORADORES-DO-ANT\u00d4NIO-GUILHERMINO-NA-LAMA-420x307.jpg",420,307,true],"mantranews-featured-long":["https:\/\/blogopara.com.br\/wp-content\/uploads\/2020\/03\/OLHA-A-CARA-DE-QUEM-DEIXA-OS-MORADORES-DO-ANT\u00d4NIO-GUILHERMINO-NA-LAMA-300x443.jpg",300,443,true],"mantranews-block-medium":["https:\/\/blogopara.com.br\/wp-content\/uploads\/2020\/03\/OLHA-A-CARA-DE-QUEM-DEIXA-OS-MORADORES-DO-ANT\u00d4NIO-GUILHERMINO-NA-LAMA-464x290.jpg",464,290,true],"mantranews-carousel-image":["https:\/\/blogopara.com.br\/wp-content\/uploads\/2020\/03\/OLHA-A-CARA-DE-QUEM-DEIXA-OS-MORADORES-DO-ANT\u00d4NIO-GUILHERMINO-NA-LAMA-600x500.jpg",600,500,true],"mantranews-block-thumb":["https:\/\/blogopara.com.br\/wp-content\/uploads\/2020\/03\/OLHA-A-CARA-DE-QUEM-DEIXA-OS-MORADORES-DO-ANT\u00d4NIO-GUILHERMINO-NA-LAMA-322x230.jpg",322,230,true],"mantranews-single-large":["https:\/\/blogopara.com.br\/wp-content\/uploads\/2020\/03\/OLHA-A-CARA-DE-QUEM-DEIXA-OS-MORADORES-DO-ANT\u00d4NIO-GUILHERMINO-NA-LAMA-1210x642.jpg",1210,642,true]},"uagb_author_info":{"display_name":"Reda\u00e7\u00e3o geral","author_link":"https:\/\/blogopara.com.br\/index.php\/author\/blogopara"},"uagb_comment_info":0,"uagb_excerpt":"Nesta segunda-feira (23), o Comit\u00ea de Enfrentamento ao novo coronav\u00edrus se reuniu com representantes das for\u00e7as de seguran\u00e7a atuantes em Juazeiro. Participaram do momento, representantes da Pol\u00edcia Militar, Civil e Federal, Corpo de Bombeiros, Marinha, Guarda Civil Municipal e o Promotor Raimundo Moinhos. O promotor de Justi\u00e7a da Comarca de Juazeiro e representante do comit\u00ea&hellip;","jetpack_sharing_enabled":true,"jetpack_likes_enabled":true,"_links":{"self":[{"href":"https:\/\/blogopara.com.br\/index.php\/wp-json\/wp\/v2\/posts\/8565","targetHints":{"allow":["GET"]}}],"collection":[{"href":"https:\/\/blogopara.com.br\/index.php\/wp-json\/wp\/v2\/posts"}],"about":[{"href":"https:\/\/blogopara.com.br\/index.php\/wp-json\/wp\/v2\/types\/post"}],"author":[{"embeddable":true,"href":"https:\/\/blogopara.com.br\/index.php\/wp-json\/wp\/v2\/users\/1"}],"replies":[{"embeddable":true,"href":"https:\/\/blogopara.com.br\/index.php\/wp-json\/wp\/v2\/comments?post=8565"}],"version-history":[{"count":2,"href":"https:\/\/blogopara.com.br\/index.php\/wp-json\/wp\/v2\/posts\/8565\/revisions"}],"predecessor-version":[{"id":8568,"href":"https:\/\/blogopara.com.br\/index.php\/wp-json\/wp\/v2\/posts\/8565\/revisions\/8568"}],"wp:featuredmedia":[{"embeddable":true,"href":"https:\/\/blogopara.com.br\/index.php\/wp-json\/wp\/v2\/media\/8567"}],"wp:attachment":[{"href":"https:\/\/blogopara.com.br\/index.php\/wp-json\/wp\/v2\/media?parent=8565"}],"wp:term":[{"taxonomy":"category","embeddable":true,"href":"https:\/\/blogopara.com.br\/index.php\/wp-json\/wp\/v2\/categories?post=8565"},{"taxonomy":"post_tag","embeddable":true,"href":"https:\/\/blogopara.com.br\/index.php\/wp-json\/wp\/v2\/tags?post=8565"}],"curies":[{"name":"wp","href":"https:\/\/api.w.org\/{rel}","templated":true}]}}