{"id":85653,"date":"2026-05-01T12:58:33","date_gmt":"2026-05-01T15:58:33","guid":{"rendered":"https:\/\/blogopara.com.br\/?p=85653"},"modified":"2026-05-01T12:58:33","modified_gmt":"2026-05-01T15:58:33","slug":"mulher-e-acusada-de-racismo-dentro-do-metro-de-salvador","status":"publish","type":"post","link":"https:\/\/blogopara.com.br\/index.php\/2026\/05\/01\/mulher-e-acusada-de-racismo-dentro-do-metro-de-salvador","title":{"rendered":"Mulher \u00e9 acusada de racismo dentro do metr\u00f4 de Salvador"},"content":{"rendered":"<div class=\"flex flex-col w-full font-normal text-[18px] leading-[30px] text-tw-theme-text-default\">\n<p id=\"paragrafo-zwh6afm5jx\">Uma mulher de 49 anos foi acusada de cometer inj\u00faria racial contra uma outra mulher, de 27 anos, no metr\u00f4 de Salvador. O caso foi registrado na quarta-feira (29), na esta\u00e7\u00e3o\u00a0Flamboyant.<\/p>\n<\/div>\n<div class=\"flex flex-col w-full font-normal text-[18px] leading-[30px] text-tw-theme-text-default\">\n<p id=\"paragrafo-6e4lhyosyi\">Ap\u00f3s uma discuss\u00e3o entre as passageiras, seguran\u00e7as do metr\u00f4 retiraram as envolvidas de um dos vag\u00f5es, como mostra um v\u00eddeo gravado por pessoas que estavam no local.<\/p>\n<\/div>\n<div class=\"flex flex-col w-full font-normal text-[18px] leading-[30px] text-tw-theme-text-default\">\n<p id=\"paragrafo-cz1n4zfx7r\">A CCR Metr\u00f4 Bahia confirmou que funcion\u00e1rios foram chamados para a situa\u00e7\u00e3o e acionaram a Pol\u00edcia Militar.<\/p>\n<\/div>\n<div class=\"flex flex-col w-full font-normal text-[18px] leading-[30px] text-tw-theme-text-default\">\n<p id=\"paragrafo-vd9nqhtzet\">No local, os policiais falaram com as envolvidas, que foram conduzidas \u00e0\u00a0Delegacia Especializada de Combate ao Racismo e \u00e0 Intoler\u00e2ncia Religiosa (Decrin).<\/p>\n<\/div>\n<div class=\"flex flex-col w-full font-normal text-[18px] leading-[30px] text-tw-theme-text-default\">\n<p id=\"paragrafo-1z6dtpxzgb\">Segundo a Pol\u00edcia Civil, um\u00a0inqu\u00e9rito policial foi instaurado para apurar a den\u00fancia de inj\u00faria racial.\u00a0Oitivas s\u00e3o realizadas pela unidade especializada para apurar as circunst\u00e2ncias do ocorrido.<\/p>\n<\/div>\n","protected":false},"excerpt":{"rendered":"<p>Uma mulher de 49 anos foi acusada de cometer inj\u00faria racial contra uma outra mulher, de 27 anos, no metr\u00f4 de Salvador. O caso foi registrado na quarta-feira (29), na esta\u00e7\u00e3o\u00a0Flamboyant. Ap\u00f3s uma discuss\u00e3o entre as passageiras, seguran\u00e7as do metr\u00f4 retiraram as envolvidas de um dos vag\u00f5es, como mostra um v\u00eddeo gravado por pessoas que [&hellip;]<\/p>\n","protected":false},"author":1,"featured_media":85654,"comment_status":"open","ping_status":"open","sticky":false,"template":"","format":"standard","meta":{"_uag_custom_page_level_css":"","_monsterinsights_skip_tracking":false,"_monsterinsights_sitenote_active":false,"_monsterinsights_sitenote_note":"","_monsterinsights_sitenote_category":0,"jetpack_post_was_ever_published":false,"_jetpack_newsletter_access":"","_jetpack_dont_email_post_to_subs":false,"_jetpack_newsletter_tier_id":0,"_jetpack_memberships_contains_paywalled_content":false,"_jetpack_memberships_contains_paid_content":false,"footnotes":"","jetpack_publicize_message":"","jetpack_publicize_feature_enabled":true,"jetpack_social_post_already_shared":true,"jetpack_social_options":{"image_generator_settings":{"template":"highway","default_image_id":0,"font":"","enabled":false},"version":2}},"categories":[199],"tags":[],"class_list":["post-85653","post","type-post","status-publish","format-standard","has-post-thumbnail","hentry","category-bahia"],"jetpack_publicize_connections":[],"jetpack_featured_media_url":"https:\/\/blogopara.com.br\/wp-content\/uploads\/2026\/05\/Capturar.jpg","uagb_featured_image_src":{"full":["https:\/\/blogopara.com.br\/wp-content\/uploads\/2026\/05\/Capturar.jpg",500,281,false],"thumbnail":["https:\/\/blogopara.com.br\/wp-content\/uploads\/2026\/05\/Capturar-150x150.jpg",150,150,true],"medium":["https:\/\/blogopara.com.br\/wp-content\/uploads\/2026\/05\/Capturar-300x169.jpg",300,169,true],"medium_large":["https:\/\/blogopara.com.br\/wp-content\/uploads\/2026\/05\/Capturar.jpg",500,281,false],"large":["https:\/\/blogopara.com.br\/wp-content\/uploads\/2026\/05\/Capturar.jpg",500,281,false],"1536x1536":["https:\/\/blogopara.com.br\/wp-content\/uploads\/2026\/05\/Capturar.jpg",500,281,false],"2048x2048":["https:\/\/blogopara.com.br\/wp-content\/uploads\/2026\/05\/Capturar.jpg",500,281,false],"mantranews-slider-large":["https:\/\/blogopara.com.br\/wp-content\/uploads\/2026\/05\/Capturar.jpg",500,281,false],"mantranews-featured-medium":["https:\/\/blogopara.com.br\/wp-content\/uploads\/2026\/05\/Capturar-420x281.jpg",420,281,true],"mantranews-featured-long":["https:\/\/blogopara.com.br\/wp-content\/uploads\/2026\/05\/Capturar-300x281.jpg",300,281,true],"mantranews-block-medium":["https:\/\/blogopara.com.br\/wp-content\/uploads\/2026\/05\/Capturar-464x281.jpg",464,281,true],"mantranews-carousel-image":["https:\/\/blogopara.com.br\/wp-content\/uploads\/2026\/05\/Capturar.jpg",500,281,false],"mantranews-block-thumb":["https:\/\/blogopara.com.br\/wp-content\/uploads\/2026\/05\/Capturar-322x230.jpg",322,230,true],"mantranews-single-large":["https:\/\/blogopara.com.br\/wp-content\/uploads\/2026\/05\/Capturar.jpg",500,281,false]},"uagb_author_info":{"display_name":"Reda\u00e7\u00e3o geral","author_link":"https:\/\/blogopara.com.br\/index.php\/author\/blogopara"},"uagb_comment_info":0,"uagb_excerpt":"Uma mulher de 49 anos foi acusada de cometer inj\u00faria racial contra uma outra mulher, de 27 anos, no metr\u00f4 de Salvador. O caso foi registrado na quarta-feira (29), na esta\u00e7\u00e3o\u00a0Flamboyant. Ap\u00f3s uma discuss\u00e3o entre as passageiras, seguran\u00e7as do metr\u00f4 retiraram as envolvidas de um dos vag\u00f5es, como mostra um v\u00eddeo gravado por pessoas que&hellip;","jetpack_sharing_enabled":true,"jetpack_likes_enabled":true,"_links":{"self":[{"href":"https:\/\/blogopara.com.br\/index.php\/wp-json\/wp\/v2\/posts\/85653","targetHints":{"allow":["GET"]}}],"collection":[{"href":"https:\/\/blogopara.com.br\/index.php\/wp-json\/wp\/v2\/posts"}],"about":[{"href":"https:\/\/blogopara.com.br\/index.php\/wp-json\/wp\/v2\/types\/post"}],"author":[{"embeddable":true,"href":"https:\/\/blogopara.com.br\/index.php\/wp-json\/wp\/v2\/users\/1"}],"replies":[{"embeddable":true,"href":"https:\/\/blogopara.com.br\/index.php\/wp-json\/wp\/v2\/comments?post=85653"}],"version-history":[{"count":1,"href":"https:\/\/blogopara.com.br\/index.php\/wp-json\/wp\/v2\/posts\/85653\/revisions"}],"predecessor-version":[{"id":85655,"href":"https:\/\/blogopara.com.br\/index.php\/wp-json\/wp\/v2\/posts\/85653\/revisions\/85655"}],"wp:featuredmedia":[{"embeddable":true,"href":"https:\/\/blogopara.com.br\/index.php\/wp-json\/wp\/v2\/media\/85654"}],"wp:attachment":[{"href":"https:\/\/blogopara.com.br\/index.php\/wp-json\/wp\/v2\/media?parent=85653"}],"wp:term":[{"taxonomy":"category","embeddable":true,"href":"https:\/\/blogopara.com.br\/index.php\/wp-json\/wp\/v2\/categories?post=85653"},{"taxonomy":"post_tag","embeddable":true,"href":"https:\/\/blogopara.com.br\/index.php\/wp-json\/wp\/v2\/tags?post=85653"}],"curies":[{"name":"wp","href":"https:\/\/api.w.org\/{rel}","templated":true}]}}