{"id":85662,"date":"2026-05-01T13:15:23","date_gmt":"2026-05-01T16:15:23","guid":{"rendered":"https:\/\/blogopara.com.br\/?p=85662"},"modified":"2026-05-01T13:15:23","modified_gmt":"2026-05-01T16:15:23","slug":"fornecimento-de-agua-segue-reduzido-em-localidades-de-sento-se-apos-falha-em-transformador-do-sistema","status":"publish","type":"post","link":"https:\/\/blogopara.com.br\/index.php\/2026\/05\/01\/fornecimento-de-agua-segue-reduzido-em-localidades-de-sento-se-apos-falha-em-transformador-do-sistema","title":{"rendered":"Fornecimento de \u00e1gua segue reduzido em localidades de Sento-S\u00e9 ap\u00f3s falha em transformador do sistema"},"content":{"rendered":"<p class=\"x_MsoNormal\">A Prefeitura de Sento-S\u00e9, por meio do Servi\u00e7o Aut\u00f4nomo de \u00c1gua e Esgoto (SAAE), informa que o abastecimento de \u00e1gua permanece reduzido nesta quarta-feira (30) nas localidades da Sede, Riacho dos Paes, Capeado e Ro\u00e7as.<\/p>\n<p class=\"x_MsoNormal\">A situa\u00e7\u00e3o foi provocada por uma intercorr\u00eancia registrada durante a substitui\u00e7\u00e3o de um transformador el\u00e9trico, realizada na noite da \u00faltima ter\u00e7a-feira (29). O novo equipamento instalado apresenta capacidade inferior \u00e0 necess\u00e1ria para o pleno funcionamento de uma das tr\u00eas bombas do sistema, o que comprometeu a vaz\u00e3o e reduziu o volume de \u00e1gua distribu\u00eddo.<\/p>\n<p class=\"x_MsoNormal\">Com a limita\u00e7\u00e3o operacional, o sistema n\u00e3o tem conseguido manter o n\u00edvel adequado de fornecimento, e a defici\u00eancia no volume come\u00e7ou a impactar diretamente bairros e comunidades mais afastadas.<\/p>\n<p class=\"x_MsoNormal\">\u201cDesde que identificamos o problema, mantemos contato direto com a Neoenergia Coelba. A equipe local e a ger\u00eancia da concession\u00e1ria j\u00e1 foram acionadas, e seguimos acompanhando de perto para que a situa\u00e7\u00e3o seja resolvida o mais r\u00e1pido poss\u00edvel e o abastecimento normalizado\u201d, afirmou o diretor-presidente do SAAE, Joaquim Ferreira.<\/p>\n<p class=\"x_MsoNormal\">\n<p class=\"x_MsoNormal\">Texto: Gardennia Garibalde &#8211; Ascom PMSSE<\/p>\n","protected":false},"excerpt":{"rendered":"<p>A Prefeitura de Sento-S\u00e9, por meio do Servi\u00e7o Aut\u00f4nomo de \u00c1gua e Esgoto (SAAE), informa que o abastecimento de \u00e1gua permanece reduzido nesta quarta-feira (30) nas localidades da Sede, Riacho dos Paes, Capeado e Ro\u00e7as. A situa\u00e7\u00e3o foi provocada por uma intercorr\u00eancia registrada durante a substitui\u00e7\u00e3o de um transformador el\u00e9trico, realizada na noite da \u00faltima [&hellip;]<\/p>\n","protected":false},"author":1,"featured_media":85663,"comment_status":"open","ping_status":"open","sticky":false,"template":"","format":"standard","meta":{"_uag_custom_page_level_css":"","_monsterinsights_skip_tracking":false,"_monsterinsights_sitenote_active":false,"_monsterinsights_sitenote_note":"","_monsterinsights_sitenote_category":0,"jetpack_post_was_ever_published":false,"_jetpack_newsletter_access":"","_jetpack_dont_email_post_to_subs":false,"_jetpack_newsletter_tier_id":0,"_jetpack_memberships_contains_paywalled_content":false,"_jetpack_memberships_contains_paid_content":false,"footnotes":"","jetpack_publicize_message":"","jetpack_publicize_feature_enabled":true,"jetpack_social_post_already_shared":true,"jetpack_social_options":{"image_generator_settings":{"template":"highway","default_image_id":0,"font":"","enabled":false},"version":2}},"categories":[199],"tags":[11115],"class_list":["post-85662","post","type-post","status-publish","format-standard","has-post-thumbnail","hentry","category-bahia","tag-juvenilson-passos"],"jetpack_publicize_connections":[],"jetpack_featured_media_url":"https:\/\/blogopara.com.br\/wp-content\/uploads\/2026\/05\/03498124-65c1-4c0f-aa67-122700de848b.jpg","uagb_featured_image_src":{"full":["https:\/\/blogopara.com.br\/wp-content\/uploads\/2026\/05\/03498124-65c1-4c0f-aa67-122700de848b.jpg",500,343,false],"thumbnail":["https:\/\/blogopara.com.br\/wp-content\/uploads\/2026\/05\/03498124-65c1-4c0f-aa67-122700de848b-150x150.jpg",150,150,true],"medium":["https:\/\/blogopara.com.br\/wp-content\/uploads\/2026\/05\/03498124-65c1-4c0f-aa67-122700de848b-300x206.jpg",300,206,true],"medium_large":["https:\/\/blogopara.com.br\/wp-content\/uploads\/2026\/05\/03498124-65c1-4c0f-aa67-122700de848b.jpg",500,343,false],"large":["https:\/\/blogopara.com.br\/wp-content\/uploads\/2026\/05\/03498124-65c1-4c0f-aa67-122700de848b.jpg",500,343,false],"1536x1536":["https:\/\/blogopara.com.br\/wp-content\/uploads\/2026\/05\/03498124-65c1-4c0f-aa67-122700de848b.jpg",500,343,false],"2048x2048":["https:\/\/blogopara.com.br\/wp-content\/uploads\/2026\/05\/03498124-65c1-4c0f-aa67-122700de848b.jpg",500,343,false],"mantranews-slider-large":["https:\/\/blogopara.com.br\/wp-content\/uploads\/2026\/05\/03498124-65c1-4c0f-aa67-122700de848b.jpg",500,343,false],"mantranews-featured-medium":["https:\/\/blogopara.com.br\/wp-content\/uploads\/2026\/05\/03498124-65c1-4c0f-aa67-122700de848b-420x307.jpg",420,307,true],"mantranews-featured-long":["https:\/\/blogopara.com.br\/wp-content\/uploads\/2026\/05\/03498124-65c1-4c0f-aa67-122700de848b-300x343.jpg",300,343,true],"mantranews-block-medium":["https:\/\/blogopara.com.br\/wp-content\/uploads\/2026\/05\/03498124-65c1-4c0f-aa67-122700de848b-464x290.jpg",464,290,true],"mantranews-carousel-image":["https:\/\/blogopara.com.br\/wp-content\/uploads\/2026\/05\/03498124-65c1-4c0f-aa67-122700de848b.jpg",500,343,false],"mantranews-block-thumb":["https:\/\/blogopara.com.br\/wp-content\/uploads\/2026\/05\/03498124-65c1-4c0f-aa67-122700de848b-322x230.jpg",322,230,true],"mantranews-single-large":["https:\/\/blogopara.com.br\/wp-content\/uploads\/2026\/05\/03498124-65c1-4c0f-aa67-122700de848b.jpg",500,343,false]},"uagb_author_info":{"display_name":"Reda\u00e7\u00e3o geral","author_link":"https:\/\/blogopara.com.br\/index.php\/author\/blogopara"},"uagb_comment_info":0,"uagb_excerpt":"A Prefeitura de Sento-S\u00e9, por meio do Servi\u00e7o Aut\u00f4nomo de \u00c1gua e Esgoto (SAAE), informa que o abastecimento de \u00e1gua permanece reduzido nesta quarta-feira (30) nas localidades da Sede, Riacho dos Paes, Capeado e Ro\u00e7as. A situa\u00e7\u00e3o foi provocada por uma intercorr\u00eancia registrada durante a substitui\u00e7\u00e3o de um transformador el\u00e9trico, realizada na noite da \u00faltima&hellip;","jetpack_sharing_enabled":true,"jetpack_likes_enabled":true,"_links":{"self":[{"href":"https:\/\/blogopara.com.br\/index.php\/wp-json\/wp\/v2\/posts\/85662","targetHints":{"allow":["GET"]}}],"collection":[{"href":"https:\/\/blogopara.com.br\/index.php\/wp-json\/wp\/v2\/posts"}],"about":[{"href":"https:\/\/blogopara.com.br\/index.php\/wp-json\/wp\/v2\/types\/post"}],"author":[{"embeddable":true,"href":"https:\/\/blogopara.com.br\/index.php\/wp-json\/wp\/v2\/users\/1"}],"replies":[{"embeddable":true,"href":"https:\/\/blogopara.com.br\/index.php\/wp-json\/wp\/v2\/comments?post=85662"}],"version-history":[{"count":1,"href":"https:\/\/blogopara.com.br\/index.php\/wp-json\/wp\/v2\/posts\/85662\/revisions"}],"predecessor-version":[{"id":85664,"href":"https:\/\/blogopara.com.br\/index.php\/wp-json\/wp\/v2\/posts\/85662\/revisions\/85664"}],"wp:featuredmedia":[{"embeddable":true,"href":"https:\/\/blogopara.com.br\/index.php\/wp-json\/wp\/v2\/media\/85663"}],"wp:attachment":[{"href":"https:\/\/blogopara.com.br\/index.php\/wp-json\/wp\/v2\/media?parent=85662"}],"wp:term":[{"taxonomy":"category","embeddable":true,"href":"https:\/\/blogopara.com.br\/index.php\/wp-json\/wp\/v2\/categories?post=85662"},{"taxonomy":"post_tag","embeddable":true,"href":"https:\/\/blogopara.com.br\/index.php\/wp-json\/wp\/v2\/tags?post=85662"}],"curies":[{"name":"wp","href":"https:\/\/api.w.org\/{rel}","templated":true}]}}