{"id":85665,"date":"2026-05-01T13:23:37","date_gmt":"2026-05-01T16:23:37","guid":{"rendered":"https:\/\/blogopara.com.br\/?p=85665"},"modified":"2026-05-01T13:23:37","modified_gmt":"2026-05-01T16:23:37","slug":"prefeitura-de-senhor-do-bonfim-inaugura-cerest-e-inicia-programa-30-dias-saude","status":"publish","type":"post","link":"https:\/\/blogopara.com.br\/index.php\/2026\/05\/01\/prefeitura-de-senhor-do-bonfim-inaugura-cerest-e-inicia-programa-30-dias-saude","title":{"rendered":"Prefeitura de Senhor do Bonfim inaugura CEREST e inicia programa 30 Dias + Sa\u00fade"},"content":{"rendered":"<p class=\"x_MsoNormal\">A Prefeitura de Senhor do Bonfim inaugurou, nesta quinta-feira (30), o Centro de Refer\u00eancia em Sa\u00fade do Trabalhador (CEREST), marcando mais um avan\u00e7o importante na \u00e1rea da sa\u00fade no munic\u00edpio. A entrega do equipamento tamb\u00e9m deu in\u00edcio ao programa 30 Dias + Sa\u00fade, que segue at\u00e9 31 de maio com a amplia\u00e7\u00e3o da oferta de atendimentos em diversas especialidades.<\/p>\n<p class=\"x_MsoNormal\">O CEREST passa a integrar a rede municipal fortalecendo o cuidado, a preven\u00e7\u00e3o e a assist\u00eancia aos trabalhadores bonfinenses, atendendo tanto profissionais da rede p\u00fablica quanto da iniciativa privada e do com\u00e9rcio. O espa\u00e7o j\u00e1 est\u00e1 em funcionamento na Pra\u00e7a Alexandre G\u00f3es.<\/p>\n<p class=\"x_MsoNormal\">Durante a inaugura\u00e7\u00e3o, o prefeito La\u00e9rcio J\u00fanior destacou a import\u00e2ncia do equipamento e do novo ciclo de a\u00e7\u00f5es na sa\u00fade. \u201cEstamos inaugurando um espa\u00e7o que vai cuidar da sa\u00fade de todos os trabalhadores, da rede p\u00fablica, privada e do com\u00e9rcio. \u00c9 assim que celebramos o Dia do Trabalhador e o anivers\u00e1rio da nossa cidade: com mais sa\u00fade, ampliando atendimentos e garantindo mais cuidado para a popula\u00e7\u00e3o\u201d, afirmou.<\/p>\n<p class=\"x_MsoNormal\">O CEREST \u00e9 um servi\u00e7o especializado do Sistema \u00danico de Sa\u00fade (SUS), voltado \u00e0 promo\u00e7\u00e3o, prote\u00e7\u00e3o e recupera\u00e7\u00e3o da sa\u00fade dos trabalhadores, atuando na preven\u00e7\u00e3o de doen\u00e7as e acidentes relacionados ao trabalho, al\u00e9m de oferecer suporte t\u00e9cnico e acompanhamento, contribuindo diretamente para a melhoria da qualidade de vida e das condi\u00e7\u00f5es de trabalho da popula\u00e7\u00e3o.<\/p>\n<p>&#8212;<br \/>\nTexto Ascom PMSB<\/p>\n","protected":false},"excerpt":{"rendered":"<p>A Prefeitura de Senhor do Bonfim inaugurou, nesta quinta-feira (30), o Centro de Refer\u00eancia em Sa\u00fade do Trabalhador (CEREST), marcando mais um avan\u00e7o importante na \u00e1rea da sa\u00fade no munic\u00edpio. A entrega do equipamento tamb\u00e9m deu in\u00edcio ao programa 30 Dias + Sa\u00fade, que segue at\u00e9 31 de maio com a amplia\u00e7\u00e3o da oferta de [&hellip;]<\/p>\n","protected":false},"author":1,"featured_media":85666,"comment_status":"open","ping_status":"open","sticky":false,"template":"","format":"standard","meta":{"_uag_custom_page_level_css":"","_monsterinsights_skip_tracking":false,"_monsterinsights_sitenote_active":false,"_monsterinsights_sitenote_note":"","_monsterinsights_sitenote_category":0,"jetpack_post_was_ever_published":false,"_jetpack_newsletter_access":"","_jetpack_dont_email_post_to_subs":false,"_jetpack_newsletter_tier_id":0,"_jetpack_memberships_contains_paywalled_content":false,"_jetpack_memberships_contains_paid_content":false,"footnotes":"","jetpack_publicize_message":"","jetpack_publicize_feature_enabled":true,"jetpack_social_post_already_shared":true,"jetpack_social_options":{"image_generator_settings":{"template":"highway","default_image_id":0,"font":"","enabled":false},"version":2}},"categories":[205],"tags":[],"class_list":["post-85665","post","type-post","status-publish","format-standard","has-post-thumbnail","hentry","category-saude"],"jetpack_publicize_connections":[],"jetpack_featured_media_url":"https:\/\/blogopara.com.br\/wp-content\/uploads\/2026\/05\/ff7a5755-099b-49d0-a161-4b66d583299e.jpg","uagb_featured_image_src":{"full":["https:\/\/blogopara.com.br\/wp-content\/uploads\/2026\/05\/ff7a5755-099b-49d0-a161-4b66d583299e.jpg",500,333,false],"thumbnail":["https:\/\/blogopara.com.br\/wp-content\/uploads\/2026\/05\/ff7a5755-099b-49d0-a161-4b66d583299e-150x150.jpg",150,150,true],"medium":["https:\/\/blogopara.com.br\/wp-content\/uploads\/2026\/05\/ff7a5755-099b-49d0-a161-4b66d583299e-300x200.jpg",300,200,true],"medium_large":["https:\/\/blogopara.com.br\/wp-content\/uploads\/2026\/05\/ff7a5755-099b-49d0-a161-4b66d583299e.jpg",500,333,false],"large":["https:\/\/blogopara.com.br\/wp-content\/uploads\/2026\/05\/ff7a5755-099b-49d0-a161-4b66d583299e.jpg",500,333,false],"1536x1536":["https:\/\/blogopara.com.br\/wp-content\/uploads\/2026\/05\/ff7a5755-099b-49d0-a161-4b66d583299e.jpg",500,333,false],"2048x2048":["https:\/\/blogopara.com.br\/wp-content\/uploads\/2026\/05\/ff7a5755-099b-49d0-a161-4b66d583299e.jpg",500,333,false],"mantranews-slider-large":["https:\/\/blogopara.com.br\/wp-content\/uploads\/2026\/05\/ff7a5755-099b-49d0-a161-4b66d583299e.jpg",500,333,false],"mantranews-featured-medium":["https:\/\/blogopara.com.br\/wp-content\/uploads\/2026\/05\/ff7a5755-099b-49d0-a161-4b66d583299e-420x307.jpg",420,307,true],"mantranews-featured-long":["https:\/\/blogopara.com.br\/wp-content\/uploads\/2026\/05\/ff7a5755-099b-49d0-a161-4b66d583299e-300x333.jpg",300,333,true],"mantranews-block-medium":["https:\/\/blogopara.com.br\/wp-content\/uploads\/2026\/05\/ff7a5755-099b-49d0-a161-4b66d583299e-464x290.jpg",464,290,true],"mantranews-carousel-image":["https:\/\/blogopara.com.br\/wp-content\/uploads\/2026\/05\/ff7a5755-099b-49d0-a161-4b66d583299e.jpg",500,333,false],"mantranews-block-thumb":["https:\/\/blogopara.com.br\/wp-content\/uploads\/2026\/05\/ff7a5755-099b-49d0-a161-4b66d583299e-322x230.jpg",322,230,true],"mantranews-single-large":["https:\/\/blogopara.com.br\/wp-content\/uploads\/2026\/05\/ff7a5755-099b-49d0-a161-4b66d583299e.jpg",500,333,false]},"uagb_author_info":{"display_name":"Reda\u00e7\u00e3o geral","author_link":"https:\/\/blogopara.com.br\/index.php\/author\/blogopara"},"uagb_comment_info":0,"uagb_excerpt":"A Prefeitura de Senhor do Bonfim inaugurou, nesta quinta-feira (30), o Centro de Refer\u00eancia em Sa\u00fade do Trabalhador (CEREST), marcando mais um avan\u00e7o importante na \u00e1rea da sa\u00fade no munic\u00edpio. A entrega do equipamento tamb\u00e9m deu in\u00edcio ao programa 30 Dias + Sa\u00fade, que segue at\u00e9 31 de maio com a amplia\u00e7\u00e3o da oferta de&hellip;","jetpack_sharing_enabled":true,"jetpack_likes_enabled":true,"_links":{"self":[{"href":"https:\/\/blogopara.com.br\/index.php\/wp-json\/wp\/v2\/posts\/85665","targetHints":{"allow":["GET"]}}],"collection":[{"href":"https:\/\/blogopara.com.br\/index.php\/wp-json\/wp\/v2\/posts"}],"about":[{"href":"https:\/\/blogopara.com.br\/index.php\/wp-json\/wp\/v2\/types\/post"}],"author":[{"embeddable":true,"href":"https:\/\/blogopara.com.br\/index.php\/wp-json\/wp\/v2\/users\/1"}],"replies":[{"embeddable":true,"href":"https:\/\/blogopara.com.br\/index.php\/wp-json\/wp\/v2\/comments?post=85665"}],"version-history":[{"count":1,"href":"https:\/\/blogopara.com.br\/index.php\/wp-json\/wp\/v2\/posts\/85665\/revisions"}],"predecessor-version":[{"id":85667,"href":"https:\/\/blogopara.com.br\/index.php\/wp-json\/wp\/v2\/posts\/85665\/revisions\/85667"}],"wp:featuredmedia":[{"embeddable":true,"href":"https:\/\/blogopara.com.br\/index.php\/wp-json\/wp\/v2\/media\/85666"}],"wp:attachment":[{"href":"https:\/\/blogopara.com.br\/index.php\/wp-json\/wp\/v2\/media?parent=85665"}],"wp:term":[{"taxonomy":"category","embeddable":true,"href":"https:\/\/blogopara.com.br\/index.php\/wp-json\/wp\/v2\/categories?post=85665"},{"taxonomy":"post_tag","embeddable":true,"href":"https:\/\/blogopara.com.br\/index.php\/wp-json\/wp\/v2\/tags?post=85665"}],"curies":[{"name":"wp","href":"https:\/\/api.w.org\/{rel}","templated":true}]}}