{"id":85668,"date":"2026-05-01T13:26:06","date_gmt":"2026-05-01T16:26:06","guid":{"rendered":"https:\/\/blogopara.com.br\/?p=85668"},"modified":"2026-05-01T13:26:06","modified_gmt":"2026-05-01T16:26:06","slug":"prefeitura-de-casa-nova-lanca-chamada-publica-para-compra-de-alimentos-da-agricultura-familiar-com-investimento-de-quase-r-1-milhao","status":"publish","type":"post","link":"https:\/\/blogopara.com.br\/index.php\/2026\/05\/01\/prefeitura-de-casa-nova-lanca-chamada-publica-para-compra-de-alimentos-da-agricultura-familiar-com-investimento-de-quase-r-1-milhao","title":{"rendered":"Prefeitura de Casa Nova lan\u00e7a Chamada P\u00fablica para compra de alimentos da agricultura familiar com investimento de quase R$ 1 milh\u00e3o"},"content":{"rendered":"<p class=\"x_MsoNormal\">Por meio da Secretaria Municipal de Educa\u00e7\u00e3o, a prefeitura lan\u00e7ou a Chamada P\u00fablica 001\/2026 com o objetivo de adquirir g\u00eaneros aliment\u00edcios diretamente da agricultura familiar para abastecer a merenda escolar da rede municipal. A iniciativa integra o Programa Nacional de Alimenta\u00e7\u00e3o Escolar (PNAE) e prev\u00ea um investimento estimado em quase R$ 1 milh\u00e3o.<\/p>\n<p class=\"x_MsoNormal\">A a\u00e7\u00e3o busca fortalecer a economia local, incentivando a produ\u00e7\u00e3o rural e garantindo alimentos de qualidade para os estudantes. Poder\u00e3o participar agricultores familiares, empreendedores rurais e suas organiza\u00e7\u00f5es, desde que estejam devidamente cadastrados no Cadastro Nacional da Agricultura Familiar (CAF) e enquadrados no Programa Nacional de Fortalecimento da Agricultura Familiar (PRONAF).<\/p>\n<p class=\"x_MsoNormal\">Os interessados devem apresentar a documenta\u00e7\u00e3o de habilita\u00e7\u00e3o e o projeto de venda em envelopes separados, no per\u00edodo de 24 de abril a 14 de maio de 2026, no Setor de Licita\u00e7\u00f5es e Contratos da Prefeitura. A sess\u00e3o p\u00fablica de abertura est\u00e1 marcada para o dia 15 de maio, \u00e0s 10h, no mesmo local.<\/p>\n<p class=\"x_MsoNormal\">De acordo com o edital, os alimentos adquiridos ser\u00e3o destinados \u00e0s unidades escolares do munic\u00edpio, seguindo card\u00e1pio elaborado por nutricionista da Secretaria de Educa\u00e7\u00e3o. O fornecimento ser\u00e1 feito de forma parcelada, conforme a demanda das escolas, garantindo regularidade no abastecimento e qualidade dos produtos ofertados.<\/p>\n<p class=\"x_MsoNormal\">Outro ponto importante \u00e9 a prioriza\u00e7\u00e3o de fornecedores locais, al\u00e9m de grupos formados por assentados da reforma agr\u00e1ria, comunidades tradicionais, povos ind\u00edgenas, quilombolas e mulheres agricultoras. A medida refor\u00e7a o compromisso com a inclus\u00e3o social e o desenvolvimento sustent\u00e1vel.<\/p>\n<p class=\"x_MsoNormal\">O edital completo, com todas as regras, crit\u00e9rios de participa\u00e7\u00e3o e lista de produtos, est\u00e1 dispon\u00edvel no site oficial da Prefeitura de Casa Nova e no Portal Nacional de Contrata\u00e7\u00f5es P\u00fablicas (PNCP). D\u00favidas tamb\u00e9m podem ser esclarecidas pelo e-mail:\u00a0<a title=\"mailto:licitacao.pcn@casanova.ba.gov.br\" href=\"mailto:licitacao.pcn@casanova.ba.gov.br\" data-linkindex=\"0\">licitacao.pcn@casanova.ba.gov.br<\/a>.<\/p>\n<p class=\"x_MsoNormal\">A iniciativa reafirma o compromisso da gest\u00e3o municipal com a valoriza\u00e7\u00e3o da agricultura familiar, a gera\u00e7\u00e3o de renda no campo e a oferta de uma alimenta\u00e7\u00e3o escolar mais saud\u00e1vel e nutritiva para os alunos da rede p\u00fablica.<\/p>\n<p class=\"x_MsoNormal\">Ascom PMCN<\/p>\n","protected":false},"excerpt":{"rendered":"<p>Por meio da Secretaria Municipal de Educa\u00e7\u00e3o, a prefeitura lan\u00e7ou a Chamada P\u00fablica 001\/2026 com o objetivo de adquirir g\u00eaneros aliment\u00edcios diretamente da agricultura familiar para abastecer a merenda escolar da rede municipal. A iniciativa integra o Programa Nacional de Alimenta\u00e7\u00e3o Escolar (PNAE) e prev\u00ea um investimento estimado em quase R$ 1 milh\u00e3o. A a\u00e7\u00e3o [&hellip;]<\/p>\n","protected":false},"author":1,"featured_media":85669,"comment_status":"open","ping_status":"open","sticky":false,"template":"","format":"standard","meta":{"_uag_custom_page_level_css":"","_monsterinsights_skip_tracking":false,"_monsterinsights_sitenote_active":false,"_monsterinsights_sitenote_note":"","_monsterinsights_sitenote_category":0,"jetpack_post_was_ever_published":false,"_jetpack_newsletter_access":"","_jetpack_dont_email_post_to_subs":false,"_jetpack_newsletter_tier_id":0,"_jetpack_memberships_contains_paywalled_content":false,"_jetpack_memberships_contains_paid_content":false,"footnotes":"","jetpack_publicize_message":"","jetpack_publicize_feature_enabled":true,"jetpack_social_post_already_shared":true,"jetpack_social_options":{"image_generator_settings":{"template":"highway","default_image_id":0,"font":"","enabled":false},"version":2}},"categories":[11546],"tags":[],"class_list":["post-85668","post","type-post","status-publish","format-standard","has-post-thumbnail","hentry","category-agricultura-agricultura"],"jetpack_publicize_connections":[],"jetpack_featured_media_url":"https:\/\/blogopara.com.br\/wp-content\/uploads\/2026\/05\/44069708-e254-4371-b1e1-a6a1d83fd1c6.png","uagb_featured_image_src":{"full":["https:\/\/blogopara.com.br\/wp-content\/uploads\/2026\/05\/44069708-e254-4371-b1e1-a6a1d83fd1c6.png",500,503,false],"thumbnail":["https:\/\/blogopara.com.br\/wp-content\/uploads\/2026\/05\/44069708-e254-4371-b1e1-a6a1d83fd1c6-150x150.png",150,150,true],"medium":["https:\/\/blogopara.com.br\/wp-content\/uploads\/2026\/05\/44069708-e254-4371-b1e1-a6a1d83fd1c6-298x300.png",298,300,true],"medium_large":["https:\/\/blogopara.com.br\/wp-content\/uploads\/2026\/05\/44069708-e254-4371-b1e1-a6a1d83fd1c6.png",500,503,false],"large":["https:\/\/blogopara.com.br\/wp-content\/uploads\/2026\/05\/44069708-e254-4371-b1e1-a6a1d83fd1c6.png",500,503,false],"1536x1536":["https:\/\/blogopara.com.br\/wp-content\/uploads\/2026\/05\/44069708-e254-4371-b1e1-a6a1d83fd1c6.png",500,503,false],"2048x2048":["https:\/\/blogopara.com.br\/wp-content\/uploads\/2026\/05\/44069708-e254-4371-b1e1-a6a1d83fd1c6.png",500,503,false],"mantranews-slider-large":["https:\/\/blogopara.com.br\/wp-content\/uploads\/2026\/05\/44069708-e254-4371-b1e1-a6a1d83fd1c6.png",500,503,false],"mantranews-featured-medium":["https:\/\/blogopara.com.br\/wp-content\/uploads\/2026\/05\/44069708-e254-4371-b1e1-a6a1d83fd1c6-420x307.png",420,307,true],"mantranews-featured-long":["https:\/\/blogopara.com.br\/wp-content\/uploads\/2026\/05\/44069708-e254-4371-b1e1-a6a1d83fd1c6-300x443.png",300,443,true],"mantranews-block-medium":["https:\/\/blogopara.com.br\/wp-content\/uploads\/2026\/05\/44069708-e254-4371-b1e1-a6a1d83fd1c6-464x290.png",464,290,true],"mantranews-carousel-image":["https:\/\/blogopara.com.br\/wp-content\/uploads\/2026\/05\/44069708-e254-4371-b1e1-a6a1d83fd1c6-500x500.png",500,500,true],"mantranews-block-thumb":["https:\/\/blogopara.com.br\/wp-content\/uploads\/2026\/05\/44069708-e254-4371-b1e1-a6a1d83fd1c6-322x230.png",322,230,true],"mantranews-single-large":["https:\/\/blogopara.com.br\/wp-content\/uploads\/2026\/05\/44069708-e254-4371-b1e1-a6a1d83fd1c6.png",500,503,false]},"uagb_author_info":{"display_name":"Reda\u00e7\u00e3o geral","author_link":"https:\/\/blogopara.com.br\/index.php\/author\/blogopara"},"uagb_comment_info":0,"uagb_excerpt":"Por meio da Secretaria Municipal de Educa\u00e7\u00e3o, a prefeitura lan\u00e7ou a Chamada P\u00fablica 001\/2026 com o objetivo de adquirir g\u00eaneros aliment\u00edcios diretamente da agricultura familiar para abastecer a merenda escolar da rede municipal. A iniciativa integra o Programa Nacional de Alimenta\u00e7\u00e3o Escolar (PNAE) e prev\u00ea um investimento estimado em quase R$ 1 milh\u00e3o. A a\u00e7\u00e3o&hellip;","jetpack_sharing_enabled":true,"jetpack_likes_enabled":true,"_links":{"self":[{"href":"https:\/\/blogopara.com.br\/index.php\/wp-json\/wp\/v2\/posts\/85668","targetHints":{"allow":["GET"]}}],"collection":[{"href":"https:\/\/blogopara.com.br\/index.php\/wp-json\/wp\/v2\/posts"}],"about":[{"href":"https:\/\/blogopara.com.br\/index.php\/wp-json\/wp\/v2\/types\/post"}],"author":[{"embeddable":true,"href":"https:\/\/blogopara.com.br\/index.php\/wp-json\/wp\/v2\/users\/1"}],"replies":[{"embeddable":true,"href":"https:\/\/blogopara.com.br\/index.php\/wp-json\/wp\/v2\/comments?post=85668"}],"version-history":[{"count":1,"href":"https:\/\/blogopara.com.br\/index.php\/wp-json\/wp\/v2\/posts\/85668\/revisions"}],"predecessor-version":[{"id":85670,"href":"https:\/\/blogopara.com.br\/index.php\/wp-json\/wp\/v2\/posts\/85668\/revisions\/85670"}],"wp:featuredmedia":[{"embeddable":true,"href":"https:\/\/blogopara.com.br\/index.php\/wp-json\/wp\/v2\/media\/85669"}],"wp:attachment":[{"href":"https:\/\/blogopara.com.br\/index.php\/wp-json\/wp\/v2\/media?parent=85668"}],"wp:term":[{"taxonomy":"category","embeddable":true,"href":"https:\/\/blogopara.com.br\/index.php\/wp-json\/wp\/v2\/categories?post=85668"},{"taxonomy":"post_tag","embeddable":true,"href":"https:\/\/blogopara.com.br\/index.php\/wp-json\/wp\/v2\/tags?post=85668"}],"curies":[{"name":"wp","href":"https:\/\/api.w.org\/{rel}","templated":true}]}}