{"id":857,"date":"2019-06-25T11:24:33","date_gmt":"2019-06-25T14:24:33","guid":{"rendered":"http:\/\/blogopara.com.br\/?p=857"},"modified":"2019-06-25T11:29:32","modified_gmt":"2019-06-25T14:29:32","slug":"museu-regional-do-sao-francisco-e-arrombado-em-juazeiro","status":"publish","type":"post","link":"https:\/\/blogopara.com.br\/index.php\/2019\/06\/25\/museu-regional-do-sao-francisco-e-arrombado-em-juazeiro","title":{"rendered":"MUSEU REGIONAL DO S\u00c3O FRANCISCO \u00c9 ARROMBADO EM JUAZEIRO"},"content":{"rendered":"<p style=\"text-align: justify;\">Segundo a diretora Rosy Costa confirmou a not\u00edcia de que o Museu Regional do S\u00e3o Francisco em Juazeiro (BA) foi arrombado na madrugada desta segunda-feira, 24, sendo que alguns pertences foram levados pelos arrombadores.<\/p>\n<p style=\"text-align: justify;\">Ainda segundo Rosy o acervo do museu foi preservado, mas levaram alguns equipamentos do espa\u00e7o. \u00a0\u201cFor\u00e7aram tanto a porta que lascou na lateral. Eu digo que pela abertura foi menino. Agora estando l\u00e1 dentro podem abrir portas para que adultos fa\u00e7am a festa. Levaram um ventilador grande, e bagun\u00e7aram a recep\u00e7\u00e3o. Devia ser atr\u00e1s de dinheiro. Arrombaram a biblioteca e levaram todo o material de limpeza e uma caixa cheia de ferramentas. As lanchonetes que ficam no fundo do museu tamb\u00e9m foram assaltadas, semana passada. E pela largura da abertura que entraram est\u00e1 claro que s\u00e3o meninos. Abriram com p\u00e9 de cabra e for\u00e7aram com uma carranca que decora a sala lateral. Deixaram janela do fundo e portas abertas. O pessoal sugere que coloquemos c\u00e2meras. Eu te pergunto, para qu\u00ea? Apreendem estes meninos hoje e soltam amanh\u00e3. O certo \u00e9 ter um vigia armado, que mesmo que fique se protegendo dentro do museu, como os dos bancos, impediria que fizessem o que fizeram. Chamei a pol\u00edcia para testemunhar a situa\u00e7\u00e3o em que o museu se encontra e fui na Delegacia fazer o Boletim de Ocorr\u00eancia\u201d explicou a diretora do Museu.<\/p>\n<pre>Fonte: Blog GJ<\/pre>\n","protected":false},"excerpt":{"rendered":"<p>A cultura de Juazeiro est\u00e1 realmente entregue ao abandono, se n\u00e3o \u00e9 pela aus\u00eancia de politicas p\u00fablicas, \u00e9 pela a\u00e7\u00e3o dos v\u00e2ndalos.<\/p>\n","protected":false},"author":1,"featured_media":863,"comment_status":"open","ping_status":"open","sticky":false,"template":"","format":"standard","meta":{"_uag_custom_page_level_css":"","_monsterinsights_skip_tracking":false,"_monsterinsights_sitenote_active":false,"_monsterinsights_sitenote_note":"","_monsterinsights_sitenote_category":0,"jetpack_post_was_ever_published":false,"_jetpack_newsletter_access":"","_jetpack_dont_email_post_to_subs":false,"_jetpack_newsletter_tier_id":0,"_jetpack_memberships_contains_paywalled_content":false,"_jetpack_memberships_contains_paid_content":false,"footnotes":"","jetpack_publicize_message":"","jetpack_publicize_feature_enabled":true,"jetpack_social_post_already_shared":false,"jetpack_social_options":{"image_generator_settings":{"template":"highway","default_image_id":0,"font":"","enabled":false},"version":2}},"categories":[1],"tags":[134,9,133],"class_list":["post-857","post","type-post","status-publish","format-standard","has-post-thumbnail","hentry","category-sem-categoria","tag-cultura","tag-juazeiro","tag-museu"],"jetpack_publicize_connections":[],"jetpack_featured_media_url":"https:\/\/blogopara.com.br\/wp-content\/uploads\/2019\/06\/museu_regional_01.jpg","uagb_featured_image_src":{"full":["https:\/\/blogopara.com.br\/wp-content\/uploads\/2019\/06\/museu_regional_01.jpg",640,480,false],"thumbnail":["https:\/\/blogopara.com.br\/wp-content\/uploads\/2019\/06\/museu_regional_01-150x150.jpg",150,150,true],"medium":["https:\/\/blogopara.com.br\/wp-content\/uploads\/2019\/06\/museu_regional_01-300x225.jpg",300,225,true],"medium_large":["https:\/\/blogopara.com.br\/wp-content\/uploads\/2019\/06\/museu_regional_01.jpg",640,480,false],"large":["https:\/\/blogopara.com.br\/wp-content\/uploads\/2019\/06\/museu_regional_01.jpg",640,480,false],"1536x1536":["https:\/\/blogopara.com.br\/wp-content\/uploads\/2019\/06\/museu_regional_01.jpg",640,480,false],"2048x2048":["https:\/\/blogopara.com.br\/wp-content\/uploads\/2019\/06\/museu_regional_01.jpg",640,480,false],"mantranews-slider-large":["https:\/\/blogopara.com.br\/wp-content\/uploads\/2019\/06\/museu_regional_01.jpg",640,480,false],"mantranews-featured-medium":["https:\/\/blogopara.com.br\/wp-content\/uploads\/2019\/06\/museu_regional_01.jpg",409,307,false],"mantranews-featured-long":["https:\/\/blogopara.com.br\/wp-content\/uploads\/2019\/06\/museu_regional_01.jpg",300,225,false],"mantranews-block-medium":["https:\/\/blogopara.com.br\/wp-content\/uploads\/2019\/06\/museu_regional_01.jpg",387,290,false],"mantranews-carousel-image":["https:\/\/blogopara.com.br\/wp-content\/uploads\/2019\/06\/museu_regional_01.jpg",600,450,false],"mantranews-block-thumb":["https:\/\/blogopara.com.br\/wp-content\/uploads\/2019\/06\/museu_regional_01.jpg",307,230,false],"mantranews-single-large":["https:\/\/blogopara.com.br\/wp-content\/uploads\/2019\/06\/museu_regional_01.jpg",640,480,false]},"uagb_author_info":{"display_name":"Reda\u00e7\u00e3o geral","author_link":"https:\/\/blogopara.com.br\/index.php\/author\/blogopara"},"uagb_comment_info":0,"uagb_excerpt":"A cultura de Juazeiro est\u00e1 realmente entregue ao abandono, se n\u00e3o \u00e9 pela aus\u00eancia de politicas p\u00fablicas, \u00e9 pela a\u00e7\u00e3o dos v\u00e2ndalos.","jetpack_sharing_enabled":true,"jetpack_likes_enabled":true,"_links":{"self":[{"href":"https:\/\/blogopara.com.br\/index.php\/wp-json\/wp\/v2\/posts\/857","targetHints":{"allow":["GET"]}}],"collection":[{"href":"https:\/\/blogopara.com.br\/index.php\/wp-json\/wp\/v2\/posts"}],"about":[{"href":"https:\/\/blogopara.com.br\/index.php\/wp-json\/wp\/v2\/types\/post"}],"author":[{"embeddable":true,"href":"https:\/\/blogopara.com.br\/index.php\/wp-json\/wp\/v2\/users\/1"}],"replies":[{"embeddable":true,"href":"https:\/\/blogopara.com.br\/index.php\/wp-json\/wp\/v2\/comments?post=857"}],"version-history":[{"count":7,"href":"https:\/\/blogopara.com.br\/index.php\/wp-json\/wp\/v2\/posts\/857\/revisions"}],"predecessor-version":[{"id":865,"href":"https:\/\/blogopara.com.br\/index.php\/wp-json\/wp\/v2\/posts\/857\/revisions\/865"}],"wp:featuredmedia":[{"embeddable":true,"href":"https:\/\/blogopara.com.br\/index.php\/wp-json\/wp\/v2\/media\/863"}],"wp:attachment":[{"href":"https:\/\/blogopara.com.br\/index.php\/wp-json\/wp\/v2\/media?parent=857"}],"wp:term":[{"taxonomy":"category","embeddable":true,"href":"https:\/\/blogopara.com.br\/index.php\/wp-json\/wp\/v2\/categories?post=857"},{"taxonomy":"post_tag","embeddable":true,"href":"https:\/\/blogopara.com.br\/index.php\/wp-json\/wp\/v2\/tags?post=857"}],"curies":[{"name":"wp","href":"https:\/\/api.w.org\/{rel}","templated":true}]}}