{"id":8591,"date":"2020-03-24T22:59:00","date_gmt":"2020-03-25T01:59:00","guid":{"rendered":"http:\/\/blogopara.com.br\/?p=8591"},"modified":"2020-03-24T22:59:09","modified_gmt":"2020-03-25T01:59:09","slug":"sintraf-pede-produtos-de-protecao-aos-carrinheiros-que-atuam-no-mercado-do-produtor-de-juazeiro","status":"publish","type":"post","link":"https:\/\/blogopara.com.br\/index.php\/2020\/03\/24\/sintraf-pede-produtos-de-protecao-aos-carrinheiros-que-atuam-no-mercado-do-produtor-de-juazeiro","title":{"rendered":"Sintraf pede produtos de prote\u00e7\u00e3o aos carrinheiros que atuam no Mercado do Produtor de Juazeiro"},"content":{"rendered":"<p style=\"text-align: justify;\">O Sindicato dos Trabalhadores na Agricultura Familiar e Empreendedores Rurais (Sintraf) de Juazeiro (BA) solicitaram da Prefeitura mais a\u00e7\u00f5es no sentido de proteger os carrinheiros e colaboradores aut\u00f4nomos que atuam no Mercado do Produtor.<\/p>\n<p style=\"text-align: justify;\">Em um of\u00edcio encaminhado ao prefeito Paulo Bomfim na segunda-feira (23), a categoria cobra pol\u00edticas p\u00fablicas aos trabalhadores informais. A principal reivindica\u00e7\u00e3o \u00e9 a aquisi\u00e7\u00e3o de produtos de higiene e prote\u00e7\u00e3o pessoal. \u201cA disponibiliza\u00e7\u00e3o de sab\u00e3o, papel toalha, \u00e1lcool em gel e m\u00e1scaras, a libera\u00e7\u00e3o de acesso aos banheiros p\u00fablicos, bem como demandas sociais de amparo \u00e0 categoria nesse momento delicado\u201c, destaca o of\u00edcio.<\/p>\n<p style=\"text-align: justify;\">De acordo com o Sindicato, 450 associados necessitam ainda de apoio financeiro para sobreviver a esse momento de pandemia, pois \u201cs\u00e3o trabalhadores que na sua maioria s\u00e3o arrimos de fam\u00edlia e agora n\u00e3o sabem como suprir a necessidade de seus familiares.\u201d<\/p>\n<p style=\"text-align: justify;\">Coordenador de rela\u00e7\u00f5es p\u00fablicas do Sintraf &#8211; Felipe Juliano<\/p>\n","protected":false},"excerpt":{"rendered":"<p>O sindicato atrav\u00e9s do seu presidente, Edilson Teles, tem fortalecido a luta do trabalhadores e trabalhadores que atuam no Mercado do Produtor.<\/p>\n","protected":false},"author":1,"featured_media":8592,"comment_status":"open","ping_status":"open","sticky":false,"template":"","format":"standard","meta":{"_uag_custom_page_level_css":"","_monsterinsights_skip_tracking":false,"_monsterinsights_sitenote_active":false,"_monsterinsights_sitenote_note":"","_monsterinsights_sitenote_category":0,"jetpack_post_was_ever_published":false,"_jetpack_newsletter_access":"","_jetpack_dont_email_post_to_subs":false,"_jetpack_newsletter_tier_id":0,"_jetpack_memberships_contains_paywalled_content":false,"_jetpack_memberships_contains_paid_content":false,"footnotes":"","jetpack_publicize_message":"","jetpack_publicize_feature_enabled":true,"jetpack_social_post_already_shared":true,"jetpack_social_options":{"image_generator_settings":{"template":"highway","default_image_id":0,"font":"","enabled":false},"version":2}},"categories":[203],"tags":[],"class_list":["post-8591","post","type-post","status-publish","format-standard","has-post-thumbnail","hentry","category-juazeiro"],"jetpack_publicize_connections":[],"jetpack_featured_media_url":"https:\/\/blogopara.com.br\/wp-content\/uploads\/2020\/03\/mercado-do-produtor-06.jpg","uagb_featured_image_src":{"full":["https:\/\/blogopara.com.br\/wp-content\/uploads\/2020\/03\/mercado-do-produtor-06.jpg",500,338,false],"thumbnail":["https:\/\/blogopara.com.br\/wp-content\/uploads\/2020\/03\/mercado-do-produtor-06-150x150.jpg",150,150,true],"medium":["https:\/\/blogopara.com.br\/wp-content\/uploads\/2020\/03\/mercado-do-produtor-06-300x203.jpg",300,203,true],"medium_large":["https:\/\/blogopara.com.br\/wp-content\/uploads\/2020\/03\/mercado-do-produtor-06.jpg",500,338,false],"large":["https:\/\/blogopara.com.br\/wp-content\/uploads\/2020\/03\/mercado-do-produtor-06.jpg",500,338,false],"1536x1536":["https:\/\/blogopara.com.br\/wp-content\/uploads\/2020\/03\/mercado-do-produtor-06.jpg",500,338,false],"2048x2048":["https:\/\/blogopara.com.br\/wp-content\/uploads\/2020\/03\/mercado-do-produtor-06.jpg",500,338,false],"mantranews-slider-large":["https:\/\/blogopara.com.br\/wp-content\/uploads\/2020\/03\/mercado-do-produtor-06.jpg",500,338,false],"mantranews-featured-medium":["https:\/\/blogopara.com.br\/wp-content\/uploads\/2020\/03\/mercado-do-produtor-06-420x307.jpg",420,307,true],"mantranews-featured-long":["https:\/\/blogopara.com.br\/wp-content\/uploads\/2020\/03\/mercado-do-produtor-06-300x338.jpg",300,338,true],"mantranews-block-medium":["https:\/\/blogopara.com.br\/wp-content\/uploads\/2020\/03\/mercado-do-produtor-06-464x290.jpg",464,290,true],"mantranews-carousel-image":["https:\/\/blogopara.com.br\/wp-content\/uploads\/2020\/03\/mercado-do-produtor-06.jpg",500,338,false],"mantranews-block-thumb":["https:\/\/blogopara.com.br\/wp-content\/uploads\/2020\/03\/mercado-do-produtor-06-322x230.jpg",322,230,true],"mantranews-single-large":["https:\/\/blogopara.com.br\/wp-content\/uploads\/2020\/03\/mercado-do-produtor-06.jpg",500,338,false]},"uagb_author_info":{"display_name":"Reda\u00e7\u00e3o geral","author_link":"https:\/\/blogopara.com.br\/index.php\/author\/blogopara"},"uagb_comment_info":0,"uagb_excerpt":"O sindicato atrav\u00e9s do seu presidente, Edilson Teles, tem fortalecido a luta do trabalhadores e trabalhadores que atuam no Mercado do Produtor.","jetpack_sharing_enabled":true,"jetpack_likes_enabled":true,"_links":{"self":[{"href":"https:\/\/blogopara.com.br\/index.php\/wp-json\/wp\/v2\/posts\/8591","targetHints":{"allow":["GET"]}}],"collection":[{"href":"https:\/\/blogopara.com.br\/index.php\/wp-json\/wp\/v2\/posts"}],"about":[{"href":"https:\/\/blogopara.com.br\/index.php\/wp-json\/wp\/v2\/types\/post"}],"author":[{"embeddable":true,"href":"https:\/\/blogopara.com.br\/index.php\/wp-json\/wp\/v2\/users\/1"}],"replies":[{"embeddable":true,"href":"https:\/\/blogopara.com.br\/index.php\/wp-json\/wp\/v2\/comments?post=8591"}],"version-history":[{"count":1,"href":"https:\/\/blogopara.com.br\/index.php\/wp-json\/wp\/v2\/posts\/8591\/revisions"}],"predecessor-version":[{"id":8593,"href":"https:\/\/blogopara.com.br\/index.php\/wp-json\/wp\/v2\/posts\/8591\/revisions\/8593"}],"wp:featuredmedia":[{"embeddable":true,"href":"https:\/\/blogopara.com.br\/index.php\/wp-json\/wp\/v2\/media\/8592"}],"wp:attachment":[{"href":"https:\/\/blogopara.com.br\/index.php\/wp-json\/wp\/v2\/media?parent=8591"}],"wp:term":[{"taxonomy":"category","embeddable":true,"href":"https:\/\/blogopara.com.br\/index.php\/wp-json\/wp\/v2\/categories?post=8591"},{"taxonomy":"post_tag","embeddable":true,"href":"https:\/\/blogopara.com.br\/index.php\/wp-json\/wp\/v2\/tags?post=8591"}],"curies":[{"name":"wp","href":"https:\/\/api.w.org\/{rel}","templated":true}]}}