{"id":872,"date":"2019-06-25T15:42:14","date_gmt":"2019-06-25T18:42:14","guid":{"rendered":"http:\/\/blogopara.com.br\/?p=872"},"modified":"2019-06-25T15:42:15","modified_gmt":"2019-06-25T18:42:15","slug":"juazeiro-acordou","status":"publish","type":"post","link":"https:\/\/blogopara.com.br\/index.php\/2019\/06\/25\/juazeiro-acordou","title":{"rendered":"JUAZEIRO ACORDOU!!"},"content":{"rendered":"<pre>Da Reda\u00e7\u00e3o.<\/pre>\n<p style=\"text-align: justify;\">Parece que a popula\u00e7\u00e3o de Juazeiro acordou para a realidade, virou rotina a popula\u00e7\u00e3o protestar contra a gest\u00e3o do prefeito Paulo Bomfim (PCdoB). Semana passada a comunidade do Distrito de Juremal esteve durante dois dias fechando a BR 407 e foi para a frente do Pa\u00e7o Municipal reclamar da falta de \u00e1gua na comunidade, que j\u00e1 durava mais de 7 dias.<\/p>\n<p style=\"text-align: justify;\">No alvorecer dessa ter\u00e7a-feira (25\/06) os condutores de carrinhos de frete, conhecidos por \u2018carrinheiros\u2019 com apoio dos permission\u00e1rios e dos caminhoneiros travaram a rotat\u00f3ria de acesso ao Mercado do Produtor de Juazeiro reclamando dos valores das taxas cobradas, bem como das dificuldades que enfrentam no dia a dia.<\/p>\n<div style=\"width: 198px;\" class=\"wp-video\"><!--[if lt IE 9]><script>document.createElement('video');<\/script><![endif]-->\n<video class=\"wp-video-shortcode\" id=\"video-872-1\" width=\"198\" height=\"360\" preload=\"metadata\" controls=\"controls\"><source type=\"video\/mp4\" src=\"https:\/\/blogopara.com.br\/wp-content\/uploads\/2019\/06\/mercado.mp4?_=1\" \/><a href=\"https:\/\/blogopara.com.br\/wp-content\/uploads\/2019\/06\/mercado.mp4\">https:\/\/blogopara.com.br\/wp-content\/uploads\/2019\/06\/mercado.mp4<\/a><\/video><\/div>\n<p style=\"text-align: justify;\">N\u00e3o \u00e9 de hoje que reclamam das condi\u00e7\u00f5es e das extors\u00f5es dentro do Mercado do Produtor, a popula\u00e7\u00e3o indignada clama por uma CPI para investigar as receitas do maior interposto comercial do Nordeste.<\/p>\n<p style=\"text-align: justify;\">Ainda na manh\u00e3 dessa ter\u00e7a, que poderia ser chamada de \u201cAlvorada da liberta\u00e7\u00e3o\u201d, os trabalhadores da varri\u00e7\u00e3o cruzaram os bra\u00e7os porque est\u00e3o sem receber ainda os sal\u00e1rios do m\u00eas de maio. Ou seja, passaram os festejos de S\u00e3o Jo\u00e3o sem um tost\u00e3o no bolso, enquanto isso os vereadores juntamente com o prefeito fizeram festa, regada a muita bebidas e comidas t\u00edpicas.<\/p>\n<p><img loading=\"lazy\" decoding=\"async\" class=\"alignnone size-medium wp-image-877\" src=\"https:\/\/blogopara.com.br\/wp-content\/uploads\/2019\/06\/garisjua-300x258.jpeg\" alt=\"\" width=\"300\" height=\"258\" srcset=\"https:\/\/blogopara.com.br\/wp-content\/uploads\/2019\/06\/garisjua-300x258.jpeg 300w, https:\/\/blogopara.com.br\/wp-content\/uploads\/2019\/06\/garisjua.jpeg 600w\" sizes=\"auto, (max-width: 300px) 100vw, 300px\" \/><\/p>\n<p style=\"text-align: justify;\">\n<p style=\"text-align: justify;\">\n<p style=\"text-align: justify;\">\n","protected":false},"excerpt":{"rendered":"<p>A cidade parece est\u00e1 saindo da letargia que tem favorecido muito a perman\u00eancia no poder do grupo do ex-prefeito Isaac Carvalho.<\/p>\n","protected":false},"author":1,"featured_media":879,"comment_status":"open","ping_status":"open","sticky":false,"template":"","format":"standard","meta":{"_uag_custom_page_level_css":"","_monsterinsights_skip_tracking":false,"_monsterinsights_sitenote_active":false,"_monsterinsights_sitenote_note":"","_monsterinsights_sitenote_category":0,"jetpack_post_was_ever_published":false,"_jetpack_newsletter_access":"","_jetpack_dont_email_post_to_subs":false,"_jetpack_newsletter_tier_id":0,"_jetpack_memberships_contains_paywalled_content":false,"_jetpack_memberships_contains_paid_content":false,"footnotes":"","jetpack_publicize_message":"","jetpack_publicize_feature_enabled":true,"jetpack_social_post_already_shared":false,"jetpack_social_options":{"image_generator_settings":{"template":"highway","default_image_id":0,"font":"","enabled":false},"version":2}},"categories":[1],"tags":[135,26,9],"class_list":["post-872","post","type-post","status-publish","format-standard","has-post-thumbnail","hentry","category-sem-categoria","tag-garis","tag-greve","tag-juazeiro"],"jetpack_publicize_connections":[],"jetpack_featured_media_url":"https:\/\/blogopara.com.br\/wp-content\/uploads\/2019\/06\/Protesto-4.jpg","uagb_featured_image_src":{"full":["https:\/\/blogopara.com.br\/wp-content\/uploads\/2019\/06\/Protesto-4.jpg",640,385,false],"thumbnail":["https:\/\/blogopara.com.br\/wp-content\/uploads\/2019\/06\/Protesto-4-150x150.jpg",150,150,true],"medium":["https:\/\/blogopara.com.br\/wp-content\/uploads\/2019\/06\/Protesto-4-300x180.jpg",300,180,true],"medium_large":["https:\/\/blogopara.com.br\/wp-content\/uploads\/2019\/06\/Protesto-4.jpg",640,385,false],"large":["https:\/\/blogopara.com.br\/wp-content\/uploads\/2019\/06\/Protesto-4.jpg",640,385,false],"1536x1536":["https:\/\/blogopara.com.br\/wp-content\/uploads\/2019\/06\/Protesto-4.jpg",640,385,false],"2048x2048":["https:\/\/blogopara.com.br\/wp-content\/uploads\/2019\/06\/Protesto-4.jpg",640,385,false],"mantranews-slider-large":["https:\/\/blogopara.com.br\/wp-content\/uploads\/2019\/06\/Protesto-4.jpg",640,385,false],"mantranews-featured-medium":["https:\/\/blogopara.com.br\/wp-content\/uploads\/2019\/06\/Protesto-4.jpg",420,253,false],"mantranews-featured-long":["https:\/\/blogopara.com.br\/wp-content\/uploads\/2019\/06\/Protesto-4.jpg",300,180,false],"mantranews-block-medium":["https:\/\/blogopara.com.br\/wp-content\/uploads\/2019\/06\/Protesto-4.jpg",464,279,false],"mantranews-carousel-image":["https:\/\/blogopara.com.br\/wp-content\/uploads\/2019\/06\/Protesto-4.jpg",600,361,false],"mantranews-block-thumb":["https:\/\/blogopara.com.br\/wp-content\/uploads\/2019\/06\/Protesto-4.jpg",322,194,false],"mantranews-single-large":["https:\/\/blogopara.com.br\/wp-content\/uploads\/2019\/06\/Protesto-4.jpg",640,385,false]},"uagb_author_info":{"display_name":"Reda\u00e7\u00e3o geral","author_link":"https:\/\/blogopara.com.br\/index.php\/author\/blogopara"},"uagb_comment_info":2,"uagb_excerpt":"A cidade parece est\u00e1 saindo da letargia que tem favorecido muito a perman\u00eancia no poder do grupo do ex-prefeito Isaac Carvalho.","jetpack_sharing_enabled":true,"jetpack_likes_enabled":true,"_links":{"self":[{"href":"https:\/\/blogopara.com.br\/index.php\/wp-json\/wp\/v2\/posts\/872","targetHints":{"allow":["GET"]}}],"collection":[{"href":"https:\/\/blogopara.com.br\/index.php\/wp-json\/wp\/v2\/posts"}],"about":[{"href":"https:\/\/blogopara.com.br\/index.php\/wp-json\/wp\/v2\/types\/post"}],"author":[{"embeddable":true,"href":"https:\/\/blogopara.com.br\/index.php\/wp-json\/wp\/v2\/users\/1"}],"replies":[{"embeddable":true,"href":"https:\/\/blogopara.com.br\/index.php\/wp-json\/wp\/v2\/comments?post=872"}],"version-history":[{"count":8,"href":"https:\/\/blogopara.com.br\/index.php\/wp-json\/wp\/v2\/posts\/872\/revisions"}],"predecessor-version":[{"id":883,"href":"https:\/\/blogopara.com.br\/index.php\/wp-json\/wp\/v2\/posts\/872\/revisions\/883"}],"wp:featuredmedia":[{"embeddable":true,"href":"https:\/\/blogopara.com.br\/index.php\/wp-json\/wp\/v2\/media\/879"}],"wp:attachment":[{"href":"https:\/\/blogopara.com.br\/index.php\/wp-json\/wp\/v2\/media?parent=872"}],"wp:term":[{"taxonomy":"category","embeddable":true,"href":"https:\/\/blogopara.com.br\/index.php\/wp-json\/wp\/v2\/categories?post=872"},{"taxonomy":"post_tag","embeddable":true,"href":"https:\/\/blogopara.com.br\/index.php\/wp-json\/wp\/v2\/tags?post=872"}],"curies":[{"name":"wp","href":"https:\/\/api.w.org\/{rel}","templated":true}]}}