{"id":8724,"date":"2020-03-29T09:47:01","date_gmt":"2020-03-29T12:47:01","guid":{"rendered":"http:\/\/blogopara.com.br\/?p=8724"},"modified":"2020-03-29T23:29:55","modified_gmt":"2020-03-30T02:29:55","slug":"numero-de-pessoas-curadas-do-coronavirus-ja-passa-de-100-mil","status":"publish","type":"post","link":"https:\/\/blogopara.com.br\/index.php\/2020\/03\/29\/numero-de-pessoas-curadas-do-coronavirus-ja-passa-de-100-mil","title":{"rendered":"N\u00famero de pessoas curadas do coronav\u00edrus j\u00e1 passa de 100 mil"},"content":{"rendered":"<p style=\"text-align: justify;\">O n\u00famero de pessoas que se recuperaram do&nbsp;<strong><a href=\"https:\/\/exame.abril.com.br\/noticias-sobre\/coronavirus\">novo coronav\u00edrus&nbsp;<\/a><\/strong>passou de 100 mil nesta segunda-feira, 23. A informa\u00e7\u00e3o \u00e9 do monitoramento em tempo real conduzido pela&nbsp;<a href=\"https:\/\/coronavirus.jhu.edu\/map.html\">Universidade Johns Hopkins.<\/a><\/p>\n<div class=\"widget-news widget-box no-margin no-border\">\n<p style=\"text-align: justify;\">No momento, o levantamento contabiliza exatos 100.443 casos de pacientes diagnosticados com a covid-19 que conseguiram se recuperar, sendo a prov\u00edncia de Hubei (<strong><a href=\"https:\/\/exame.abril.com.br\/noticias-sobre\/china\">China<\/a><\/strong>), onde a doen\u00e7a surgiu, o local que re\u00fane o maior n\u00famero de curados, 59.882. A regi\u00e3o \u00e9 seguida do Ir\u00e3, com 8.376, e a It\u00e1lia, com 7.024.<\/p>\n<p style=\"text-align: justify;\">O n\u00famero de casos confirmados j\u00e1 passou de 350 mil e o total de mortes, no momento, \u00e9 de 15.430, sendo a It\u00e1lia o pa\u00eds mais afetado pela epidemia, com 5.476 mortes. Mais at\u00e9 do que o registrado na China.<\/p>\n<pre>Fonte: Exame<\/pre>\n<\/div>\n","protected":false},"excerpt":{"rendered":"<p>A prov\u00edncia de Hubei (China), o local onde a covid-19 surgiu, lidera com o maior n\u00famero de curados, 59.882<\/p>\n","protected":false},"author":1,"featured_media":8725,"comment_status":"open","ping_status":"open","sticky":false,"template":"","format":"standard","meta":{"_uag_custom_page_level_css":"","_monsterinsights_skip_tracking":false,"_monsterinsights_sitenote_active":false,"_monsterinsights_sitenote_note":"","_monsterinsights_sitenote_category":0,"jetpack_post_was_ever_published":false,"_jetpack_newsletter_access":"","_jetpack_dont_email_post_to_subs":false,"_jetpack_newsletter_tier_id":0,"_jetpack_memberships_contains_paywalled_content":false,"_jetpack_memberships_contains_paid_content":false,"footnotes":"","jetpack_publicize_message":"","jetpack_publicize_feature_enabled":true,"jetpack_social_post_already_shared":true,"jetpack_social_options":{"image_generator_settings":{"template":"highway","default_image_id":0,"font":"","enabled":false},"version":2}},"categories":[273],"tags":[],"class_list":["post-8724","post","type-post","status-publish","format-standard","has-post-thumbnail","hentry","category-mundo"],"jetpack_publicize_connections":[],"jetpack_featured_media_url":"https:\/\/blogopara.com.br\/wp-content\/uploads\/2020\/03\/paciente-recebe-alta-de-hospital-em-wuhan-epicentro-do-surto-na-china-04032020172806816.jpeg","uagb_featured_image_src":{"full":["https:\/\/blogopara.com.br\/wp-content\/uploads\/2020\/03\/paciente-recebe-alta-de-hospital-em-wuhan-epicentro-do-surto-na-china-04032020172806816.jpeg",500,272,false],"thumbnail":["https:\/\/blogopara.com.br\/wp-content\/uploads\/2020\/03\/paciente-recebe-alta-de-hospital-em-wuhan-epicentro-do-surto-na-china-04032020172806816-150x150.jpeg",150,150,true],"medium":["https:\/\/blogopara.com.br\/wp-content\/uploads\/2020\/03\/paciente-recebe-alta-de-hospital-em-wuhan-epicentro-do-surto-na-china-04032020172806816-300x163.jpeg",300,163,true],"medium_large":["https:\/\/blogopara.com.br\/wp-content\/uploads\/2020\/03\/paciente-recebe-alta-de-hospital-em-wuhan-epicentro-do-surto-na-china-04032020172806816.jpeg",500,272,false],"large":["https:\/\/blogopara.com.br\/wp-content\/uploads\/2020\/03\/paciente-recebe-alta-de-hospital-em-wuhan-epicentro-do-surto-na-china-04032020172806816.jpeg",500,272,false],"1536x1536":["https:\/\/blogopara.com.br\/wp-content\/uploads\/2020\/03\/paciente-recebe-alta-de-hospital-em-wuhan-epicentro-do-surto-na-china-04032020172806816.jpeg",500,272,false],"2048x2048":["https:\/\/blogopara.com.br\/wp-content\/uploads\/2020\/03\/paciente-recebe-alta-de-hospital-em-wuhan-epicentro-do-surto-na-china-04032020172806816.jpeg",500,272,false],"mantranews-slider-large":["https:\/\/blogopara.com.br\/wp-content\/uploads\/2020\/03\/paciente-recebe-alta-de-hospital-em-wuhan-epicentro-do-surto-na-china-04032020172806816.jpeg",500,272,false],"mantranews-featured-medium":["https:\/\/blogopara.com.br\/wp-content\/uploads\/2020\/03\/paciente-recebe-alta-de-hospital-em-wuhan-epicentro-do-surto-na-china-04032020172806816-420x272.jpeg",420,272,true],"mantranews-featured-long":["https:\/\/blogopara.com.br\/wp-content\/uploads\/2020\/03\/paciente-recebe-alta-de-hospital-em-wuhan-epicentro-do-surto-na-china-04032020172806816-300x272.jpeg",300,272,true],"mantranews-block-medium":["https:\/\/blogopara.com.br\/wp-content\/uploads\/2020\/03\/paciente-recebe-alta-de-hospital-em-wuhan-epicentro-do-surto-na-china-04032020172806816-464x272.jpeg",464,272,true],"mantranews-carousel-image":["https:\/\/blogopara.com.br\/wp-content\/uploads\/2020\/03\/paciente-recebe-alta-de-hospital-em-wuhan-epicentro-do-surto-na-china-04032020172806816.jpeg",500,272,false],"mantranews-block-thumb":["https:\/\/blogopara.com.br\/wp-content\/uploads\/2020\/03\/paciente-recebe-alta-de-hospital-em-wuhan-epicentro-do-surto-na-china-04032020172806816-322x230.jpeg",322,230,true],"mantranews-single-large":["https:\/\/blogopara.com.br\/wp-content\/uploads\/2020\/03\/paciente-recebe-alta-de-hospital-em-wuhan-epicentro-do-surto-na-china-04032020172806816.jpeg",500,272,false]},"uagb_author_info":{"display_name":"Reda\u00e7\u00e3o geral","author_link":"https:\/\/blogopara.com.br\/index.php\/author\/blogopara"},"uagb_comment_info":0,"uagb_excerpt":"A prov\u00edncia de Hubei (China), o local onde a covid-19 surgiu, lidera com o maior n\u00famero de curados, 59.882","jetpack_sharing_enabled":true,"jetpack_likes_enabled":true,"_links":{"self":[{"href":"https:\/\/blogopara.com.br\/index.php\/wp-json\/wp\/v2\/posts\/8724","targetHints":{"allow":["GET"]}}],"collection":[{"href":"https:\/\/blogopara.com.br\/index.php\/wp-json\/wp\/v2\/posts"}],"about":[{"href":"https:\/\/blogopara.com.br\/index.php\/wp-json\/wp\/v2\/types\/post"}],"author":[{"embeddable":true,"href":"https:\/\/blogopara.com.br\/index.php\/wp-json\/wp\/v2\/users\/1"}],"replies":[{"embeddable":true,"href":"https:\/\/blogopara.com.br\/index.php\/wp-json\/wp\/v2\/comments?post=8724"}],"version-history":[{"count":2,"href":"https:\/\/blogopara.com.br\/index.php\/wp-json\/wp\/v2\/posts\/8724\/revisions"}],"predecessor-version":[{"id":8760,"href":"https:\/\/blogopara.com.br\/index.php\/wp-json\/wp\/v2\/posts\/8724\/revisions\/8760"}],"wp:featuredmedia":[{"embeddable":true,"href":"https:\/\/blogopara.com.br\/index.php\/wp-json\/wp\/v2\/media\/8725"}],"wp:attachment":[{"href":"https:\/\/blogopara.com.br\/index.php\/wp-json\/wp\/v2\/media?parent=8724"}],"wp:term":[{"taxonomy":"category","embeddable":true,"href":"https:\/\/blogopara.com.br\/index.php\/wp-json\/wp\/v2\/categories?post=8724"},{"taxonomy":"post_tag","embeddable":true,"href":"https:\/\/blogopara.com.br\/index.php\/wp-json\/wp\/v2\/tags?post=8724"}],"curies":[{"name":"wp","href":"https:\/\/api.w.org\/{rel}","templated":true}]}}