{"id":8731,"date":"2020-03-29T23:22:32","date_gmt":"2020-03-30T02:22:32","guid":{"rendered":"http:\/\/blogopara.com.br\/?p=8731"},"modified":"2020-03-30T14:21:32","modified_gmt":"2020-03-30T17:21:32","slug":"juazeiro-por-que-temos-52-notificacoes-de-h1n1-com-dois-obitos","status":"publish","type":"post","link":"https:\/\/blogopara.com.br\/index.php\/2020\/03\/29\/juazeiro-por-que-temos-52-notificacoes-de-h1n1-com-dois-obitos","title":{"rendered":"Juazeiro: Por que temos 52 notifica\u00e7\u00f5es de H1N1, com dois \u00f3bitos?"},"content":{"rendered":"<p style=\"text-align: justify;\">Em 2009, na pandemia de H1N1, o primeiro caso foi registrado em 7 de maio. 24 dias depois, em 31 de maio, eram 16 casos confirmados. A OMS declarou pandemia global em 11 junho. A primeira morte no pa\u00eds s\u00f3 foi registrada em 28 de junho, e a&nbsp;<a href=\"https:\/\/oglobo.globo.com\/brasil\/ministerio-da-saude-confirma-primeira-morte-por-gripe-suina-no-pais-no-rio-grande-do-sul-3137316\">v\u00edtima havia contra\u00eddo a doen\u00e7a na Argentina<\/a>.<\/p>\n<p style=\"text-align: justify;\">O surto de H1N1 s\u00f3 foi considerado encerrado pela OMS em agosto de 2010, mais de um ano depois de seu in\u00edcio. De&nbsp;<a href=\"https:\/\/piaui.folha.uol.com.br\/lupa\/2020\/03\/25\/verificamos-gusttavo-lima-bolsonaro\/\">maio de 2009 a dezembro de 2010<\/a>, foram 59.867 casos registrados e 2.173 mortes no Brasil. Os dados s\u00e3o do Minist\u00e9rio da Sa\u00fade.<\/p>\n<p style=\"text-align: justify;\">Em Juazeiro durante o per\u00edodo de 2009 at\u00e9 2020, foram registrados diversos casos de H1N1, com alguns \u00f3bitos.<\/p>\n<p style=\"text-align: justify;\">N\u00e3o \u00e9 surpresa que os casos de H1N1 tem aumentado significativamente na atualidade com o surgimento do coronav\u00edrus. Levantamento feito entres os dias 19\/03 a 29\/03, constatou-se que houve um aumento de 20 casos notificados, uma m\u00e9dia de 2 casos por dia, com dois \u00f3bitos confirmados.<\/p>\n<p style=\"text-align: justify;\">A primeira causa para o aumento dos casos de H1N1 e dos \u00f3bitos, foi fechamento gradativo dos hospitais particulares em Juazeiro. De 2009 a 2019 foram fechadas praticamente todas as unidades de sa\u00fade da rede privada, restando apenas o Sanat\u00f3rio e a Promatre, que vivem com dificuldades de repasses pelo o governo municipal.<\/p>\n<p style=\"text-align: justify;\">A segunda causa, \u00e9 o sucateamento da rede de sa\u00fade p\u00fablica. Juazeiro vive os seus priores momentos do sistema de sa\u00fade. A UPA que a porta de emerg\u00eancias e urg\u00eancias funciona precariamente, sem as m\u00ednimas condi\u00e7\u00f5es. Inclusive os profissionais que trabalham na UPA est\u00e3o adoecendo ou pedindo para sair. A maternidade \u00e9 outro grande exemplo de descaso.<\/p>\n<p style=\"text-align: justify;\">Com a rede de sa\u00fade prec\u00e1ria, os pacientes com os sintomas do H1N1 somente s\u00e3o atendidos quando a situa\u00e7\u00e3o est\u00e1 agrave ou quando n\u00e3o tem mais como tratar em casa. O que \u00e9 um grande risco de cont\u00e1gio para toda fam\u00edlia.<\/p>\n<p style=\"text-align: justify;\">A terceira causa, \u00e9 o p\u00e9ssimo funcionamento dos PSFs. A melhor forma de preven\u00e7\u00e3o e cuidados iniciais para quaisquer enfermidades, em Juazeiro est\u00e1 praticamente sucateado. Sem m\u00e9dicos e outros profissionais, muitos Postos funcionam somente para casos rotineiros e com limita\u00e7\u00e3o de atendimentos.<\/p>\n<p style=\"text-align: justify;\">A quarta causa, s\u00e3o as campanhas de vacina\u00e7\u00e3o, geralmente quando n\u00e3o se tem vacinas suficientes, elas n\u00e3o atingem a meta de vacina\u00e7\u00e3o para o p\u00fablico-alvo. Duas coisas podem ocorrer: falta de planejamento ou m\u00e1 f\u00e9.<\/p>\n<p style=\"text-align: justify;\">Planejamento \u00e9 uma palavra que n\u00e3o existe em Juazeiro nesses \u00faltimos 12 anos. O pr\u00f3prio Tribunal de Contas aponta isso nos v\u00e1rios pareceres reprovando ou aprovando com ressalvas as contas dos gestores. \u00c9 muito prim\u00e1rio, se temos um p\u00fablico-alvo a atingir, precisamos mobilizar e solicitar recursos que sejam suficientes para isso, inclusive lotes de vacinas. Juazeiro tem cerca de 16 mil idosos (pessoas com faixa et\u00e1ria acima de 60 anos acima), mas nunca temos vacinas suficientes.<\/p>\n<p style=\"text-align: justify;\">M\u00e1-f\u00e9, uma palavra que nos \u00faltimos 12 anos est\u00e1 em evid\u00eancia em Juazeiro.<\/p>\n<p style=\"text-align: justify;\">As mortes causadas por H1N1 devem ser tratadas como um fracasso do poder p\u00fablico. Os respons\u00e1veis pela sa\u00fade em Juazeiro est\u00e3o demonstrando inefici\u00eancia no combate dessa epidemia, assim como acontece na luta contra o mosquito Aedes aegypti, respons\u00e1vel por centenas de \u00f3bitos, v\u00edtimas da dengue e da chikungunya.<\/p>\n","protected":false},"excerpt":{"rendered":"<p>As mortes causadas por H1N1 devem ser tratadas como um fracasso do poder p\u00fablico. <\/p>\n","protected":false},"author":1,"featured_media":8759,"comment_status":"open","ping_status":"open","sticky":false,"template":"","format":"standard","meta":{"_uag_custom_page_level_css":"","_monsterinsights_skip_tracking":false,"_monsterinsights_sitenote_active":false,"_monsterinsights_sitenote_note":"","_monsterinsights_sitenote_category":0,"jetpack_post_was_ever_published":false,"_jetpack_newsletter_access":"","_jetpack_dont_email_post_to_subs":false,"_jetpack_newsletter_tier_id":0,"_jetpack_memberships_contains_paywalled_content":false,"_jetpack_memberships_contains_paid_content":false,"footnotes":"","jetpack_publicize_message":"","jetpack_publicize_feature_enabled":true,"jetpack_social_post_already_shared":true,"jetpack_social_options":{"image_generator_settings":{"template":"highway","default_image_id":0,"font":"","enabled":false},"version":2}},"categories":[203,205],"tags":[],"class_list":["post-8731","post","type-post","status-publish","format-standard","has-post-thumbnail","hentry","category-juazeiro","category-saude"],"jetpack_publicize_connections":[],"jetpack_featured_media_url":"https:\/\/blogopara.com.br\/wp-content\/uploads\/2020\/03\/download-3-3.jpg","uagb_featured_image_src":{"full":["https:\/\/blogopara.com.br\/wp-content\/uploads\/2020\/03\/download-3-3.jpg",400,231,false],"thumbnail":["https:\/\/blogopara.com.br\/wp-content\/uploads\/2020\/03\/download-3-3-150x150.jpg",150,150,true],"medium":["https:\/\/blogopara.com.br\/wp-content\/uploads\/2020\/03\/download-3-3-300x173.jpg",300,173,true],"medium_large":["https:\/\/blogopara.com.br\/wp-content\/uploads\/2020\/03\/download-3-3.jpg",400,231,false],"large":["https:\/\/blogopara.com.br\/wp-content\/uploads\/2020\/03\/download-3-3.jpg",400,231,false],"1536x1536":["https:\/\/blogopara.com.br\/wp-content\/uploads\/2020\/03\/download-3-3.jpg",400,231,false],"2048x2048":["https:\/\/blogopara.com.br\/wp-content\/uploads\/2020\/03\/download-3-3.jpg",400,231,false],"mantranews-slider-large":["https:\/\/blogopara.com.br\/wp-content\/uploads\/2020\/03\/download-3-3.jpg",400,231,false],"mantranews-featured-medium":["https:\/\/blogopara.com.br\/wp-content\/uploads\/2020\/03\/download-3-3.jpg",400,231,false],"mantranews-featured-long":["https:\/\/blogopara.com.br\/wp-content\/uploads\/2020\/03\/download-3-3-300x231.jpg",300,231,true],"mantranews-block-medium":["https:\/\/blogopara.com.br\/wp-content\/uploads\/2020\/03\/download-3-3.jpg",400,231,false],"mantranews-carousel-image":["https:\/\/blogopara.com.br\/wp-content\/uploads\/2020\/03\/download-3-3.jpg",400,231,false],"mantranews-block-thumb":["https:\/\/blogopara.com.br\/wp-content\/uploads\/2020\/03\/download-3-3-322x230.jpg",322,230,true],"mantranews-single-large":["https:\/\/blogopara.com.br\/wp-content\/uploads\/2020\/03\/download-3-3.jpg",400,231,false]},"uagb_author_info":{"display_name":"Reda\u00e7\u00e3o geral","author_link":"https:\/\/blogopara.com.br\/index.php\/author\/blogopara"},"uagb_comment_info":0,"uagb_excerpt":"As mortes causadas por H1N1 devem ser tratadas como um fracasso do poder p\u00fablico.","jetpack_sharing_enabled":true,"jetpack_likes_enabled":true,"_links":{"self":[{"href":"https:\/\/blogopara.com.br\/index.php\/wp-json\/wp\/v2\/posts\/8731","targetHints":{"allow":["GET"]}}],"collection":[{"href":"https:\/\/blogopara.com.br\/index.php\/wp-json\/wp\/v2\/posts"}],"about":[{"href":"https:\/\/blogopara.com.br\/index.php\/wp-json\/wp\/v2\/types\/post"}],"author":[{"embeddable":true,"href":"https:\/\/blogopara.com.br\/index.php\/wp-json\/wp\/v2\/users\/1"}],"replies":[{"embeddable":true,"href":"https:\/\/blogopara.com.br\/index.php\/wp-json\/wp\/v2\/comments?post=8731"}],"version-history":[{"count":7,"href":"https:\/\/blogopara.com.br\/index.php\/wp-json\/wp\/v2\/posts\/8731\/revisions"}],"predecessor-version":[{"id":8794,"href":"https:\/\/blogopara.com.br\/index.php\/wp-json\/wp\/v2\/posts\/8731\/revisions\/8794"}],"wp:featuredmedia":[{"embeddable":true,"href":"https:\/\/blogopara.com.br\/index.php\/wp-json\/wp\/v2\/media\/8759"}],"wp:attachment":[{"href":"https:\/\/blogopara.com.br\/index.php\/wp-json\/wp\/v2\/media?parent=8731"}],"wp:term":[{"taxonomy":"category","embeddable":true,"href":"https:\/\/blogopara.com.br\/index.php\/wp-json\/wp\/v2\/categories?post=8731"},{"taxonomy":"post_tag","embeddable":true,"href":"https:\/\/blogopara.com.br\/index.php\/wp-json\/wp\/v2\/tags?post=8731"}],"curies":[{"name":"wp","href":"https:\/\/api.w.org\/{rel}","templated":true}]}}