{"id":8735,"date":"2020-03-29T12:24:34","date_gmt":"2020-03-29T15:24:34","guid":{"rendered":"http:\/\/blogopara.com.br\/?p=8735"},"modified":"2020-03-29T12:24:40","modified_gmt":"2020-03-29T15:24:40","slug":"mandetta-pergunta-a-bolsonaro-se-governo-esta-preparado-para-ter-caminhoes-transportando-corpos","status":"publish","type":"post","link":"https:\/\/blogopara.com.br\/index.php\/2020\/03\/29\/mandetta-pergunta-a-bolsonaro-se-governo-esta-preparado-para-ter-caminhoes-transportando-corpos","title":{"rendered":"Mandetta pergunta a Bolsonaro se governo est\u00e1 preparado para ter &#8216;caminh\u00f5es transportando corpos&#8217;"},"content":{"rendered":"<p class=\"bodytext\" style=\"text-align: justify;\">O ministro da Sa\u00fade, Luiz Henrique Mandetta, advertiu ao presidente Jair Bolsonaro e a outros mininstros do governo que o coronav\u00edrus n\u00e3o \u00e9 uma &#8216;gripezinha comum&#8217;, e que no pior dos cen\u00e1rios est\u00e1 previsto dias em que pode ocorrer a morte de mil pessoas, o que corresponderia a um acidente com quatro avi\u00f5es de grande porte, sem sobreviventes.<\/p>\n<blockquote>\n<p class=\"bodytext\"><strong>\u201cEstamos preparados para o pior cen\u00e1rio, com caminh\u00f5es do Ex\u00e9rcito transportando corpos pelas ruas? Com transmiss\u00e3o ao vivo pela internet?\u201d<\/strong>, questionou Mandetta.<\/p>\n<\/blockquote>\n<div class=\"single-publicidade\">\n<div id=\"brasilemundo_300x250_01\" style=\"text-align: justify;\" data-google-query-id=\"CMGPh7X8v-gCFeIFuQYd7noE5A\">\n<p class=\"bodytext\">Este foi o momento mais tenso da reuni\u00e3o ministerial ocorrida neste s\u00e1bado, 28, em Bras\u00edlia. Isso porque Bolsonaro tem minimizado a gravidade da pandemia e defendido o fim do isolamento das fam\u00edlias para evitar uma recess\u00e3o econ\u00f4mica. A reuni\u00e3o foi descrita em reportagem publicada no site do jornal O Estado de S\u00e3o Paulo.<\/p>\n<p class=\"bodytext\">Conforme o jornal apurou, Mandetta fez um apelo para o presidente criar \u201cum ambiente favor\u00e1vel\u201d para um pacto entre Uni\u00e3o, Estados, munic\u00edpios e setor privado para todos agirem em conjunto, unificar as regras e medidas e seguir sempre crit\u00e9rios cient\u00edficos.<\/p>\n<p class=\"bodytext\">Este foi o momento mais tenso da reuni\u00e3o ministerial ocorrida neste s\u00e1bado, 28, em Bras\u00edlia. Isso porque Bolsonaro tem minimizado a gravidade da pandemia e defendido o fim do isolamento das fam\u00edlias para evitar uma recess\u00e3o econ\u00f4mica. A reuni\u00e3o foi descrita em reportagem publicada no site do jornal O Estado de S\u00e3o Paulo.<\/p>\n<p class=\"bodytext\">Conforme o jornal apurou, Mandetta fez um apelo para o presidente criar \u201cum ambiente favor\u00e1vel\u201d para um pacto entre Uni\u00e3o, Estados, munic\u00edpios e setor privado para todos agirem em conjunto, unificar as regras e medidas e seguir sempre crit\u00e9rios cient\u00edficos.<\/p>\n<p class=\"bodytext\">Este foi o momento mais tenso da reuni\u00e3o ministerial ocorrida neste s\u00e1bado, 28, em Bras\u00edlia. Isso porque Bolsonaro tem minimizado a gravidade da pandemia e defendido o fim do isolamento das fam\u00edlias para evitar uma recess\u00e3o econ\u00f4mica. A reuni\u00e3o foi descrita em reportagem publicada no site do jornal O Estado de S\u00e3o Paulo.<\/p>\n<p class=\"bodytext\">Conforme o jornal apurou, Mandetta fez um apelo para o presidente criar \u201cum ambiente favor\u00e1vel\u201d para um pacto entre Uni\u00e3o, Estados, munic\u00edpios e setor privado para todos agirem em conjunto, unificar as regras e medidas e seguir sempre crit\u00e9rios cient\u00edficos.<\/p>\n<pre>Fonte: Correio da Bahia<\/pre>\n<\/div>\n<\/div>\n","protected":false},"excerpt":{"rendered":"<p>Ministro e presidente discutiram em reuni\u00e3o convocada para definir estrat\u00e9gias para enfrentar coronav\u00edrus<\/p>\n","protected":false},"author":1,"featured_media":8736,"comment_status":"open","ping_status":"open","sticky":false,"template":"","format":"standard","meta":{"_uag_custom_page_level_css":"","_monsterinsights_skip_tracking":false,"_monsterinsights_sitenote_active":false,"_monsterinsights_sitenote_note":"","_monsterinsights_sitenote_category":0,"jetpack_post_was_ever_published":false,"_jetpack_newsletter_access":"","_jetpack_dont_email_post_to_subs":false,"_jetpack_newsletter_tier_id":0,"_jetpack_memberships_contains_paywalled_content":false,"_jetpack_memberships_contains_paid_content":false,"footnotes":"","jetpack_publicize_message":"","jetpack_publicize_feature_enabled":true,"jetpack_social_post_already_shared":true,"jetpack_social_options":{"image_generator_settings":{"template":"highway","default_image_id":0,"font":"","enabled":false},"version":2}},"categories":[200],"tags":[],"class_list":["post-8735","post","type-post","status-publish","format-standard","has-post-thumbnail","hentry","category-brasil"],"jetpack_publicize_connections":[],"jetpack_featured_media_url":"https:\/\/blogopara.com.br\/wp-content\/uploads\/2020\/03\/49680014848-72e62fdd8b-c.jpg","uagb_featured_image_src":{"full":["https:\/\/blogopara.com.br\/wp-content\/uploads\/2020\/03\/49680014848-72e62fdd8b-c.jpg",500,333,false],"thumbnail":["https:\/\/blogopara.com.br\/wp-content\/uploads\/2020\/03\/49680014848-72e62fdd8b-c-150x150.jpg",150,150,true],"medium":["https:\/\/blogopara.com.br\/wp-content\/uploads\/2020\/03\/49680014848-72e62fdd8b-c-300x200.jpg",300,200,true],"medium_large":["https:\/\/blogopara.com.br\/wp-content\/uploads\/2020\/03\/49680014848-72e62fdd8b-c.jpg",500,333,false],"large":["https:\/\/blogopara.com.br\/wp-content\/uploads\/2020\/03\/49680014848-72e62fdd8b-c.jpg",500,333,false],"1536x1536":["https:\/\/blogopara.com.br\/wp-content\/uploads\/2020\/03\/49680014848-72e62fdd8b-c.jpg",500,333,false],"2048x2048":["https:\/\/blogopara.com.br\/wp-content\/uploads\/2020\/03\/49680014848-72e62fdd8b-c.jpg",500,333,false],"mantranews-slider-large":["https:\/\/blogopara.com.br\/wp-content\/uploads\/2020\/03\/49680014848-72e62fdd8b-c.jpg",500,333,false],"mantranews-featured-medium":["https:\/\/blogopara.com.br\/wp-content\/uploads\/2020\/03\/49680014848-72e62fdd8b-c-420x307.jpg",420,307,true],"mantranews-featured-long":["https:\/\/blogopara.com.br\/wp-content\/uploads\/2020\/03\/49680014848-72e62fdd8b-c-300x333.jpg",300,333,true],"mantranews-block-medium":["https:\/\/blogopara.com.br\/wp-content\/uploads\/2020\/03\/49680014848-72e62fdd8b-c-464x290.jpg",464,290,true],"mantranews-carousel-image":["https:\/\/blogopara.com.br\/wp-content\/uploads\/2020\/03\/49680014848-72e62fdd8b-c.jpg",500,333,false],"mantranews-block-thumb":["https:\/\/blogopara.com.br\/wp-content\/uploads\/2020\/03\/49680014848-72e62fdd8b-c-322x230.jpg",322,230,true],"mantranews-single-large":["https:\/\/blogopara.com.br\/wp-content\/uploads\/2020\/03\/49680014848-72e62fdd8b-c.jpg",500,333,false]},"uagb_author_info":{"display_name":"Reda\u00e7\u00e3o geral","author_link":"https:\/\/blogopara.com.br\/index.php\/author\/blogopara"},"uagb_comment_info":0,"uagb_excerpt":"Ministro e presidente discutiram em reuni\u00e3o convocada para definir estrat\u00e9gias para enfrentar coronav\u00edrus","jetpack_sharing_enabled":true,"jetpack_likes_enabled":true,"_links":{"self":[{"href":"https:\/\/blogopara.com.br\/index.php\/wp-json\/wp\/v2\/posts\/8735","targetHints":{"allow":["GET"]}}],"collection":[{"href":"https:\/\/blogopara.com.br\/index.php\/wp-json\/wp\/v2\/posts"}],"about":[{"href":"https:\/\/blogopara.com.br\/index.php\/wp-json\/wp\/v2\/types\/post"}],"author":[{"embeddable":true,"href":"https:\/\/blogopara.com.br\/index.php\/wp-json\/wp\/v2\/users\/1"}],"replies":[{"embeddable":true,"href":"https:\/\/blogopara.com.br\/index.php\/wp-json\/wp\/v2\/comments?post=8735"}],"version-history":[{"count":1,"href":"https:\/\/blogopara.com.br\/index.php\/wp-json\/wp\/v2\/posts\/8735\/revisions"}],"predecessor-version":[{"id":8737,"href":"https:\/\/blogopara.com.br\/index.php\/wp-json\/wp\/v2\/posts\/8735\/revisions\/8737"}],"wp:featuredmedia":[{"embeddable":true,"href":"https:\/\/blogopara.com.br\/index.php\/wp-json\/wp\/v2\/media\/8736"}],"wp:attachment":[{"href":"https:\/\/blogopara.com.br\/index.php\/wp-json\/wp\/v2\/media?parent=8735"}],"wp:term":[{"taxonomy":"category","embeddable":true,"href":"https:\/\/blogopara.com.br\/index.php\/wp-json\/wp\/v2\/categories?post=8735"},{"taxonomy":"post_tag","embeddable":true,"href":"https:\/\/blogopara.com.br\/index.php\/wp-json\/wp\/v2\/tags?post=8735"}],"curies":[{"name":"wp","href":"https:\/\/api.w.org\/{rel}","templated":true}]}}